{"id":9331,"date":"2017-12-15T12:13:54","date_gmt":"2017-12-15T12:13:54","guid":{"rendered":"https:\/\/www.uta.cl\/programa-habilidades-para-la-vida-uta-presentacion-de-resultados-2017\/web\/2017-12-15\/121354.html"},"modified":"2017-12-15T12:13:54","modified_gmt":"2017-12-15T12:13:54","slug":"programa-habilidades-para-la-vida-uta-presentacion-de-resultados-2017","status":"publish","type":"post","link":"https:\/\/www.uta.cl\/index.php\/2017\/12\/15\/programa-habilidades-para-la-vida-uta-presentacion-de-resultados-2017\/","title":{"rendered":"Programa Habilidades para la Vida UTA: Presentaci\u00f3n de resultados 2017"},"content":{"rendered":"\n<p style=\"text-align: justify;\"><img loading=\"lazy\" alt=\"Imagen foto_00000003\" class=\"fotodrag\" height=\"261\" id=\"foto_00000003\" src=\"\/web\/site\/artic\/20171215\/imag\/foto_0000000320171215121354.jpeg\" style=\"float: right; margin-left: 10px; margin-right: 10px;\" width=\"454\" data-w=\"800\" data-h=\"463\" \/>En el marco de la finalizaci\u00f3n de actividades del Programa Habilidades para la Vida I y II UTA, el mi\u00e9rcoles 13 de diciembre llev\u00f3 a cabo la presentaci\u00f3n de resultados obtenidos este a\u00f1o 2017, respecto a las intervenciones realizadas en los 17 establecimientos particulares subvencionados adheridos al programa.<\/p>\n<p style=\"text-align: justify;\">La actividad cont\u00f3 con la presencia de la coordinadora regional del programa HPV Michelle Ibergaray P\u00e9rez (JUNAEB) y las coordinadoras del HPV I y II, Nancy \u00c1lvarez Rosales y Camila Chamorro Valdivia, respectivamente.<\/p>\n<p style=\"text-align: justify;\">Cita que adem\u00e1s cont\u00f3 con actividades de autocuidado para los equipos de gesti\u00f3n escolar de los colegios, relacionadas a las dificultades que se presentan en el sistema educativo y las habilidades que se requieren para enfrentarlas.<\/p>\n<table border=\"0\" style=\"border-spacing: 10px; ; width: 100%;\">\n<tbody>\n<tr>\n<td><img alt=\"Imagen foto_00000004\" class=\"fotodrag\" id=\"foto_00000004\" src=\"\/web\/site\/artic\/20171215\/imag\/foto_0000000420171215121354.jpeg\" style=\"margin-left: 10px; margin-right: 10px;\" width=\"360\" data-w=\"800\" data-h=\"690\" \/><\/td>\n<td><img alt=\"Imagen foto_00000005\" class=\"fotodrag\" id=\"foto_00000005\" src=\"\/web\/site\/artic\/20171215\/imag\/foto_0000000520171215121354.jpeg\" style=\"margin-left: 10px; margin-right: 10px;\" width=\"360\" data-w=\"955\" data-h=\"833\" \/><\/td>\n<\/tr>\n<\/tbody>\n<\/table>\n","protected":false},"excerpt":{"rendered":"<p>Cita que adem\u00e1s cont\u00f3 con actividades de autocuidado para los equipos de gesti\u00f3n escolar de los colegios.<\/p>\n","protected":false},"author":3,"featured_media":9332,"comment_status":"open","ping_status":"open","sticky":false,"template":"","format":"standard","meta":[],"categories":[],"tags":[],"_links":{"self":[{"href":"https:\/\/www.uta.cl\/index.php\/wp-json\/wp\/v2\/posts\/9331"}],"collection":[{"href":"https:\/\/www.uta.cl\/index.php\/wp-json\/wp\/v2\/posts"}],"about":[{"href":"https:\/\/www.uta.cl\/index.php\/wp-json\/wp\/v2\/types\/post"}],"author":[{"embeddable":true,"href":"https:\/\/www.uta.cl\/index.php\/wp-json\/wp\/v2\/users\/3"}],"replies":[{"embeddable":true,"href":"https:\/\/www.uta.cl\/index.php\/wp-json\/wp\/v2\/comments?post=9331"}],"version-history":[{"count":0,"href":"https:\/\/www.uta.cl\/index.php\/wp-json\/wp\/v2\/posts\/9331\/revisions"}],"wp:featuredmedia":[{"embeddable":true,"href":"https:\/\/www.uta.cl\/index.php\/wp-json\/wp\/v2\/media\/9332"}],"wp:attachment":[{"href":"https:\/\/www.uta.cl\/index.php\/wp-json\/wp\/v2\/media?parent=9331"}],"wp:term":[{"taxonomy":"category","embeddable":true,"href":"https:\/\/www.uta.cl\/index.php\/wp-json\/wp\/v2\/categories?post=9331"},{"taxonomy":"post_tag","embeddable":true,"href":"https:\/\/www.uta.cl\/index.php\/wp-json\/wp\/v2\/tags?post=9331"}],"curies":[{"name":"wp","href":"https:\/\/api.w.org\/{rel}","templated":true}]}}