{"id":9236,"date":"2019-06-19T22:00:37","date_gmt":"2019-06-19T22:00:37","guid":{"rendered":"https:\/\/www.uta.cl\/?p=9236"},"modified":"2019-06-19T22:01:14","modified_gmt":"2019-06-19T22:01:14","slug":"delegaciones-de-colombia-peru-bolivia-y-chile-participan-en-el-primer-encuentro-internacional-transfronterizo-sobre-planificacion-estrategica-acreditacion-e-internacionalizacion-en-la-educacion-sup","status":"publish","type":"post","link":"https:\/\/www.uta.cl\/index.php\/2019\/06\/19\/delegaciones-de-colombia-peru-bolivia-y-chile-participan-en-el-primer-encuentro-internacional-transfronterizo-sobre-planificacion-estrategica-acreditacion-e-internacionalizacion-en-la-educacion-sup\/","title":{"rendered":"Delegaciones de Colombia, Per\u00fa, Bolivia y Chile participan en el Primer Encuentro Internacional Transfronterizo sobre Planificaci\u00f3n Estrat\u00e9gica, Acreditaci\u00f3n e Internacionalizaci\u00f3n en la Educaci\u00f3n Superior"},"content":{"rendered":"\n<p>Con la presencia de integrantes de Consejos Directivos, Rectores, Vicerrectores, Directores e invitados especiales de Universidades, Institutos Profesionales y Polit\u00e9cnicos nacionales e internacionales, se realiz\u00f3 el \u201cPrimer Encuentro Internacional Transfronterizo sobre Planificaci\u00f3n Estrat\u00e9gica, Acreditaci\u00f3n e Internacionalizaci\u00f3n en la Educaci\u00f3n Superior: Dilemas y Desaf\u00edos del Siglo XXI\u201d, encuentro que tuvo por objetivo identificar mejores pr\u00e1cticas que permitan mejorar la planificaci\u00f3n estrat\u00e9gica, la calidad y acreditaci\u00f3n y por ende la Internacionalizaci\u00f3n efectiva de las instituciones de educaci\u00f3n superior, junto con propiciar un espacio permanente de encuentro para el aprendizaje com\u00fan y la cooperaci\u00f3n transfronteriza.<\/p>\n\n\n\n<figure class=\"wp-block-image\"><img loading=\"lazy\" width=\"1000\" height=\"593\" src=\"https:\/\/www.uta.cl\/wp-content\/uploads\/2019\/06\/base2.jpg\" alt=\"\" class=\"wp-image-9238\" srcset=\"https:\/\/www.uta.cl\/wp-content\/uploads\/2019\/06\/base2.jpg 1000w, https:\/\/www.uta.cl\/wp-content\/uploads\/2019\/06\/base2-300x178.jpg 300w, https:\/\/www.uta.cl\/wp-content\/uploads\/2019\/06\/base2-768x455.jpg 768w\" sizes=\"(max-width: 1000px) 100vw, 1000px\" \/><\/figure>\n\n\n\n<p>El encuentro organizado por la Universidad de Tarapac\u00e1, la Red de Administradores Universitarios RAUI Am\u00e9rica, Ellucian y por la Agencia Acreditadora de Chile, se inici\u00f3 con las palabras de bienvenida del director acad\u00e9mico de RAUI Am\u00e9rica, Luis Riveros Cornejo, quien expres\u00f3 sus agradecimientos a la Universidad de Tarapac\u00e1 como sede de este encuentro. \u201cRAUI Am\u00e9rica surge el a\u00f1o 2010 como una iniciativa de reunir distintas experiencias y miradas en materias de administraci\u00f3n y planificaci\u00f3n universitaria y eso es lo que hemos ido haciendo durante este tiempo, convocando a universidades de la regi\u00f3n andina esencialmente y que hoy est\u00e1n muy bien representadas en este encuentro en Arica. La Idea de RAUI siempre fue ser una instancia de comparaci\u00f3n de experiencias en materias de planificaci\u00f3n universitaria y su desarrollo es muy variada, depende de muchas circunstancias y por cierto, ameritaba mucho menos temas formales de establecer m\u00e9todos indicativos de c\u00f3mo se hace y no se hace, por lo cual el foco era comparar experiencias y aprender del uno y del otro\u201d. <\/p>\n\n\n\n<p>En tanto, el Director Regi\u00f3n Sur de Latinoam\u00e9rica de Ellucian, Hugo Godoy N\u00fa\u00f1ez, indic\u00f3 que, \u201chemos trabajado con RAUI Am\u00e9rica en varias actividades. Somos una empresa tecnol\u00f3gica que tiene como prop\u00f3sito apoyar a las universidades con nuestra tecnolog\u00eda para educaci\u00f3n superior. Somos una compa\u00f1\u00eda que tiene m\u00e1s de 3000 instituciones que poseen nuestro soporte tecnol\u00f3gico en m\u00e1s de 50 pa\u00edses, mejorando las operaciones y enriqueciendo la experiencia de m\u00e1s de 20 millones de estudiantes aproximadamente. En Chile, nuestra empresa l\u00edder en el del mercado de la tecnolog\u00eda de educaci\u00f3n superior, posee 14 instalaciones y en esta oportunidad, queremos ver c\u00f3mo podemos ayudar a hacer una aproximaci\u00f3n en temas de los procesos de construcci\u00f3n estrat\u00e9gica y especialmente, cuando tienen como objetivo la transfronterizaci\u00f3n y la planificaci\u00f3n a nivel institucional\u201d. <\/p>\n\n\n\n<p>Por su parte, el Rector (S) de la Universidad de Tarapac\u00e1, Dr. Alfonso D\u00edaz Aguad, junto con dar las palabras de bienvenida a las delegaciones presentes, destac\u00f3 la importancia de este encuentro, e cual busca establecer alianzas estrat\u00e9gicas con las distintas universidades para propiciar un espacio permanente de encuentro para el aprendizaje com\u00fan y la cooperaci\u00f3n transfronteriza frente a los cambios vertiginosos que nos presenta el siglo XXI; \u00e9stos cambios confrontan a generar relaciones internacionales efectivas que permitan la colaboraci\u00f3n entre zonas adyacentes a ambos lados de una frontera ya sea esta pol\u00edtica, econ\u00f3mica, social, geogr\u00e1fica o cultural. <\/p>\n\n\n\n<p>\u201cArica, se constituye como un territorio con potencialidades \u00fanicas y con una diversidad acorde a las sociedades interculturales transfronterizas y transnacionales complejas del mundo actual. Esperamos que se analicen las experiencias exitosas en Planificaci\u00f3n Estrat\u00e9gica, Acreditaci\u00f3n e Internacionalizaci\u00f3n con un sentido propositivo en un siglo XXI orientado a soluciones de gesti\u00f3n efectivas, que requieren de herramientas tecnol\u00f3gicas integradas y sobre todo compartir buenas pr\u00e1cticas institucionales replicables y de importancia para mejorar la calidad de los procesos de la gesti\u00f3n en las Instituciones de Educaci\u00f3n Superior\u201d, expres\u00f3 el Rector (S), Dr. Alfonso D\u00edaz. <\/p>\n\n\n\n<p>Luego se dio paso al ciclo de exposiciones iniciando la jornada la Vicerrectora de Desarrollo Estrat\u00e9gico, Dra. Jenniffer Peralta Montecinos, quien expuso el tema \u201cLos desaf\u00edos de la Planificaci\u00f3n en un contexto transfronterizo singular\u201d, donde comparti\u00f3 algunos de los elementos que tienen que ver con el quehacer de la Universidad de Tarapac\u00e1, en el contexto geogr\u00e1fico de ser una Instituci\u00f3n transfronteriza. \u201cPara nosotros ha sido hasta ahora natural el entender algunas actividades que tienen que ver con la integraci\u00f3n en el \u00e1mbito acad\u00e9mico para nuestra configuraci\u00f3n como una Universidad de zona extrema y fronteriza\u201d. <\/p>\n\n\n\n<p>En su exposici\u00f3n se refiri\u00f3 al contexto general del sistema de educaci\u00f3n superior destacando que, \u201cla Universidad de Tarapac\u00e1 como instituci\u00f3n p\u00fablica y del Estado de Chile, debemos velar por la integraci\u00f3n de nuestros pueblos. Somos un agente de paradiplomacia junto con ser catalizadores de la paz, la integraci\u00f3n y la movilidad social. El rol de nuestra Universidad desde el punto de vista de su vocaci\u00f3n de integraci\u00f3n en zonas de frontera, se centra en desarrollar el proceso de internacionalizaci\u00f3n adem\u00e1s de insertarse mejor en el contexto de la mundializaci\u00f3n y de la sociedad del conocimiento. En este sentido la internacionalizaci\u00f3n es un medio para cumplir con nuestra Misi\u00f3n con calidad y relevancia a trav\u00e9s de la colaboraci\u00f3n e integraci\u00f3n acad\u00e9mica en formaci\u00f3n, investigaci\u00f3n y vinculaci\u00f3n con la macrozona centro sur andina\u201d, enfatiz\u00f3 la Vicerrectora de Desarrollo Estrat\u00e9gico. <\/p>\n\n\n\n<p>La actividad prosigui\u00f3 con las exposiciones de Gabriel Garc\u00eda de Ellucian con el tema \u201cTransformaci\u00f3n Digital en la Gesti\u00f3n en las IES, en el Contexto de su Internacionalizaci\u00f3n y Acreditaci\u00f3n Efectiva\u201d, para luego proseguir con las experiencias de Pamela Leal, Outreach &amp; International Partner de la Universidad de la Frontera (Chile); Ver\u00f3nica Agreda, Rectora de la Universidad Franz Tamayo (Bolivia); Oscar Garrido, Rector de la Universidad de los Lagos (Chile); Xiomara Zarur, Directora del Departamento de Internacionalizaci\u00f3n de la Universidad de la Costa (Colombia) y Mar\u00eda Alejandra Maldonado, Directora de Relaciones Internacionales y Cooperaci\u00f3n de la Universidad Cat\u00f3lica San Pablo (Per\u00fa).<\/p>\n\n\n\n<p>La actividad finaliz\u00f3 con las palabras de cierre de&nbsp;Eugenio Arratia de la Secretaria Acad\u00e9mica de RAUI Am\u00e9rica quien adem\u00e1s invit\u00f3 a los asistentes al pr\u00f3ximo encuentro que se realizar\u00e1 en septiembre de este a\u00f1o en la ciudad de Monterrey, M\u00e9xico.<\/p>\n\n\n\n<p>RAUI AM\u00c9RICA<\/p>\n\n\n\n<p>RAUI Am\u00e9rica, se constituye a partir del 2010 en Guayaquil derivado del Plenario 2010 de la RAUI y cuya misi\u00f3n es desarrollar en su \u00e1mbito de actuaci\u00f3n las funciones propias que les competen a las Universidades del Continente Americano y en especial del Cono Sur. Es as\u00ed como desde Chile y a partir del aporte desinteresado de universidades de Chile, Ecuador, Bolivia y Colombia RAUI Am\u00e9rica ha constituido diversos comit\u00e9s de trabajo y organizado diversos encuentros de nivel nacional e internacional hasta el a\u00f1o 2017.<\/p>\n\n\n\n<p>Para el 2018 RAUI Am\u00e9rica, proyecta constituirse formalmente en ONG, con Sede Central en Chile y al servicio de las Instituciones de Educaci\u00f3n Superior que le apoyan para la mejora de la gesti\u00f3n de estas. Como primer paso formal se ha establecido una estrecha colaboraci\u00f3n y Alianza Estrat\u00e9gica con el Foro Universitario de Chile, Foro + U.<\/p>\n\n\n\n<p>Su visi\u00f3n es ser la plataforma Web Iberoamericana de RAUI Am\u00e9rica de Gesti\u00f3n del Conocimiento l\u00edder para las IES y de acompa\u00f1amiento y divulgaci\u00f3n de experiencias efectivas, para la mejora de los procesos de gesti\u00f3n y con especial \u00e9nfasis en la calidad de las Instituciones. RAUI Am\u00e9rica busca difundir el acompa\u00f1amiento para las Instituciones de Educaci\u00f3n Superior que lo necesiten, con altos est\u00e1ndares \u00e9ticos y profesionales; para realizar posteriormente una extensi\u00f3n sin \u00e1nimo de lucro, que difunda las mejores pr\u00e1cticas en el \u00e1rea.<\/p>\n\n\n\n<figure class=\"wp-block-image\"><a href=\"https:\/\/photos.app.goo.gl\/JaqGtm1jnMrSNJ496\" target=\"_blank\"><img loading=\"lazy\" width=\"300\" height=\"60\" src=\"https:\/\/www.uta.cl\/wp-content\/uploads\/2019\/05\/ver_galeria.jpg\" alt=\"\" class=\"wp-image-8828\"\/><\/a><\/figure>\n","protected":false},"excerpt":{"rendered":"<p>Encuentro tuvo por objetivo propiciar un espacio permanente de encuentro para el aprendizaje com\u00fan y la cooperaci\u00f3n transfronteriza.<\/p>\n","protected":false},"author":3,"featured_media":9238,"comment_status":"open","ping_status":"open","sticky":false,"template":"","format":"standard","meta":[],"categories":[],"tags":[],"_links":{"self":[{"href":"https:\/\/www.uta.cl\/index.php\/wp-json\/wp\/v2\/posts\/9236"}],"collection":[{"href":"https:\/\/www.uta.cl\/index.php\/wp-json\/wp\/v2\/posts"}],"about":[{"href":"https:\/\/www.uta.cl\/index.php\/wp-json\/wp\/v2\/types\/post"}],"author":[{"embeddable":true,"href":"https:\/\/www.uta.cl\/index.php\/wp-json\/wp\/v2\/users\/3"}],"replies":[{"embeddable":true,"href":"https:\/\/www.uta.cl\/index.php\/wp-json\/wp\/v2\/comments?post=9236"}],"version-history":[{"count":1,"href":"https:\/\/www.uta.cl\/index.php\/wp-json\/wp\/v2\/posts\/9236\/revisions"}],"predecessor-version":[{"id":9239,"href":"https:\/\/www.uta.cl\/index.php\/wp-json\/wp\/v2\/posts\/9236\/revisions\/9239"}],"wp:featuredmedia":[{"embeddable":true,"href":"https:\/\/www.uta.cl\/index.php\/wp-json\/wp\/v2\/media\/9238"}],"wp:attachment":[{"href":"https:\/\/www.uta.cl\/index.php\/wp-json\/wp\/v2\/media?parent=9236"}],"wp:term":[{"taxonomy":"category","embeddable":true,"href":"https:\/\/www.uta.cl\/index.php\/wp-json\/wp\/v2\/categories?post=9236"},{"taxonomy":"post_tag","embeddable":true,"href":"https:\/\/www.uta.cl\/index.php\/wp-json\/wp\/v2\/tags?post=9236"}],"curies":[{"name":"wp","href":"https:\/\/api.w.org\/{rel}","templated":true}]}}