{"id":9222,"date":"2019-06-18T21:08:43","date_gmt":"2019-06-18T21:08:43","guid":{"rendered":"https:\/\/www.uta.cl\/?p=9222"},"modified":"2019-06-18T21:09:26","modified_gmt":"2019-06-18T21:09:26","slug":"uta-realiza-jornadas-estudiantiles-de-innovacion-en-ingenieria-ciencias-y-tecnologia-organizadas-por-el-departamento-de-ingenieria-electrica-y-electronica","status":"publish","type":"post","link":"https:\/\/www.uta.cl\/index.php\/2019\/06\/18\/uta-realiza-jornadas-estudiantiles-de-innovacion-en-ingenieria-ciencias-y-tecnologia-organizadas-por-el-departamento-de-ingenieria-electrica-y-electronica\/","title":{"rendered":"UTA realiza\u00a0\u201cJornadas Estudiantiles de Innovaci\u00f3n en Ingenier\u00eda, Ciencias y Tecnolog\u00eda\u201d, organizadas por el Departamento de Ingenier\u00eda El\u00e9ctrica y Electr\u00f3nica"},"content":{"rendered":"\n<p>El pasado 30 y 31 de mayo, en el Espacio Cultural del DAEM, ex Cine Col\u00f3n, se realizaron las \u201cJornadas Estudiantiles de Innovaci\u00f3n en Ingenier\u00eda, Ciencias y Tecnolog\u00eda\u201d, actividad organizada por cuarta vez por el Departamento de Ingenier\u00eda El\u00e9ctrica y Electr\u00f3nica de la Facultad de Ingenier\u00eda Universidad de Tarapac\u00e1 a cargo de su Director Ejecutivo, Carlos Garc\u00eda Pereira.<\/p>\n\n\n\n<figure class=\"wp-block-image\"><a href=\"https:\/\/www.uta.cl\/wp-content\/uploads\/2019\/06\/0000_DSC_2366.jpg\"><img loading=\"lazy\" width=\"1000\" height=\"666\" src=\"https:\/\/www.uta.cl\/wp-content\/uploads\/2019\/06\/0000_DSC_2366.jpg\" alt=\"\" class=\"wp-image-9223\" srcset=\"https:\/\/www.uta.cl\/wp-content\/uploads\/2019\/06\/0000_DSC_2366.jpg 1000w, https:\/\/www.uta.cl\/wp-content\/uploads\/2019\/06\/0000_DSC_2366-300x200.jpg 300w, https:\/\/www.uta.cl\/wp-content\/uploads\/2019\/06\/0000_DSC_2366-768x511.jpg 768w\" sizes=\"(max-width: 1000px) 100vw, 1000px\" \/><\/a><\/figure>\n\n\n\n<p>La instancia permiti\u00f3 desarrollar diversas tem\u00e1ticas como: Rob\u00f3tica Social e Industrial; Comunicaciones y Ciberseguridad, Energ\u00edas Renovables, Electromovilidad y orientaci\u00f3n vocacional, acompa\u00f1ado de laboratorios y talleres realizados en dependencias del  Departamento de Ingenier\u00eda El\u00e9ctrica y Electr\u00f3nica de la Facultad de Ingenier\u00eda, del Campus Saucache.<\/p>\n\n\n\n<p>A la actividad asistieron autoridades universitarias y m\u00e1s de 400 personas entre alumnos y profesores, provenientes de liceos y colegios de Arica, Calama e Iquique, quienes agradecieron la invitaci\u00f3n y destacaron la importancia de este tipo de iniciativas para sus alumnos.<\/p>\n\n\n\n<p>La primera jornada destac\u00f3 con las palabras de bienvenida del Director del Departamento de Ingenier\u00eda El\u00e9ctrica y Electr\u00f3nica, Ram\u00f3n Guirriman Carrasco, seguidos de las exposiciones \u201cIngenieros en la Industria 4.0\u201d, a cargo del Dr. Horacio D\u00edaz Rojas y de la ponencia \u201c\u00bfTe relacionar\u00edas y jugar\u00edas con un Androide?\u201d, expuesto por el Dr. Ricardo Ovalle Cubillos, ambos acad\u00e9micos del Departamento de Ingenier\u00eda El\u00e9ctrica Electr\u00f3nica, cerrando con una charla de orientaci\u00f3n vocacional realizadas por los profesionales de la oficina de Admisi\u00f3n, Iv\u00e1n Guzm\u00e1n Navarro y V\u00edctor Altamirano.<\/p>\n\n\n\n<p>Para la segunda jornada estudiantil, se realizaron las exposiciones, \u201cCiberseguridad. \u00bfEstamos realmente protegidos?\u201d, por Perla Espinosa D\u00edaz; \u201cBater\u00edas de Litio: Aplicaciones, riesgos y oportunidades\u201d, por el Dr. Kristopher Chand\u00eda Valenzuela; \u201cEnerg\u00edas Renovables: Nuevas Tecnolog\u00edas\u201d, tema expuesto por Alejandro Rodr\u00edguez Estay, Decano Facultad de Ingenier\u00eda de la Universidad de Tarapac\u00e1 y \u201cElectromovilidad: Innovaci\u00f3n Tecnol\u00f3gica, Desarrollo y Trascendencia en Chile\u201d, expuesto por Ram\u00f3n Guirriman Carrasco, Director Departamento de Ingenier\u00eda El\u00e9ctrica y Electr\u00f3nica.<\/p>\n\n\n\n<p>La actividad finaliz\u00f3 con las palabras finales de las autoridades presentes, amenizando el cierre con la presentaci\u00f3n del Ballet Folkl\u00f3rico de la Universidad de Tarapac\u00e1, BAFUT.<\/p>\n\n\n\n<p>Ante la importancia de la realizaci\u00f3n de estas Jornadas Estudiantiles, el Director Ejecutivo, Carlos Garc\u00eda Pereira a cargo de la organizaci\u00f3n del evento, expres\u00f3 que, \u201cel Departamento de Ingenier\u00eda El\u00e9ctrica y Electr\u00f3nica de la UTA con el pleno de su cuerpo de acad\u00e9micos y de personal de apoyo, organiz\u00f3 a cabalidad la cuarta versi\u00f3n de las Jornadas Estudiantiles de Innovaci\u00f3n en Ingenier\u00eda, Ciencias y Tecnolog\u00eda A\u00f1o 2019,&nbsp;recibiendo el reconocimiento y gratitud de directivos, profesores, y estudiantes de 19 colegios de Calama, Iquique y Arica. Fue muy grato el&nbsp;logro del cumplimiento pleno de objetivos planteados para&nbsp; las Jornadas, que muestra con creces el prestigio, importancia y credibilidad del Departamento como unidad organizadora de proyectos de vinculaci\u00f3n y como formadora de ingenieros y t\u00e9cnicos universitarios especialistas, que trasciende al \u00e1mbito empresarial y de establecimientos educacionales del Norte de Chile, con una convocatoria apreciable este a\u00f1o de 450 personas participantes&#8221;.<\/p>\n\n\n\n<p>Establecimientos Educacionales Participantes<\/p>\n\n\n\n<p>Los 19 establecimientos educacionales participantes en estas jornadas fueron: Liceo Bicentenario Diego Portales de Calama; Liceo Bicentenario Ces\u00e1reo Aguirre de Calama; Liceo Minero Am\u00e9rica de Calama; Colegio Diocesano Obispo Labb\u00e9 de Iquique, y de Arica, el Liceo Bicentenario Jovina Naranjo, Liceo Bicentenario Domingo Santa Mar\u00eda, Colegio Junior College, Colegio San Jorge; Colegio San Marcos; Colegio Alem\u00e1n, Colegio Antonio Samor\u00e9; Colegio Saucache; Colegio Integrado Eduardo Frei Montalva; Colegio Leonardo da Vinci; Liceo Antonio Varas de la Barra; Colegio Arica College, Colegio Ford College, Liceo Octavio Palma Letelier, Liceo Polit\u00e9cnico y Colegio Andino.&nbsp;<\/p>\n\n\n\n<figure class=\"wp-block-embed-youtube wp-block-embed is-type-video is-provider-youtube wp-embed-aspect-16-9 wp-has-aspect-ratio\"><div class=\"wp-block-embed__wrapper\">\n<p class=\"responsive-video-wrap clr\"><iframe loading=\"lazy\" width=\"1200\" height=\"675\" src=\"https:\/\/www.youtube.com\/embed\/TPJvejLUit4?feature=oembed\" frameborder=\"0\" allow=\"accelerometer; autoplay; encrypted-media; gyroscope; picture-in-picture\" allowfullscreen><\/iframe><\/p>\n<\/div><\/figure>\n\n\n\n<ul class=\"wp-block-gallery columns-3 is-cropped\"><li class=\"blocks-gallery-item\"><figure><a href=\"https:\/\/www.uta.cl\/wp-content\/uploads\/2019\/06\/0000_DSC_2401.jpg\"><img loading=\"lazy\" width=\"1000\" height=\"666\" src=\"https:\/\/www.uta.cl\/wp-content\/uploads\/2019\/06\/0000_DSC_2401.jpg\" alt=\"\" data-id=\"9233\" data-link=\"https:\/\/www.uta.cl\/?attachment_id=9233\" class=\"wp-image-9233\" srcset=\"https:\/\/www.uta.cl\/wp-content\/uploads\/2019\/06\/0000_DSC_2401.jpg 1000w, https:\/\/www.uta.cl\/wp-content\/uploads\/2019\/06\/0000_DSC_2401-300x200.jpg 300w, https:\/\/www.uta.cl\/wp-content\/uploads\/2019\/06\/0000_DSC_2401-768x511.jpg 768w\" sizes=\"(max-width: 1000px) 100vw, 1000px\" \/><\/a><\/figure><\/li><li class=\"blocks-gallery-item\"><figure><a href=\"https:\/\/www.uta.cl\/wp-content\/uploads\/2019\/06\/0000_DSC_2397.jpg\"><img loading=\"lazy\" width=\"1000\" height=\"666\" src=\"https:\/\/www.uta.cl\/wp-content\/uploads\/2019\/06\/0000_DSC_2397.jpg\" alt=\"\" data-id=\"9232\" data-link=\"https:\/\/www.uta.cl\/?attachment_id=9232\" class=\"wp-image-9232\" srcset=\"https:\/\/www.uta.cl\/wp-content\/uploads\/2019\/06\/0000_DSC_2397.jpg 1000w, https:\/\/www.uta.cl\/wp-content\/uploads\/2019\/06\/0000_DSC_2397-300x200.jpg 300w, https:\/\/www.uta.cl\/wp-content\/uploads\/2019\/06\/0000_DSC_2397-768x511.jpg 768w\" sizes=\"(max-width: 1000px) 100vw, 1000px\" \/><\/a><\/figure><\/li><li class=\"blocks-gallery-item\"><figure><a href=\"https:\/\/www.uta.cl\/wp-content\/uploads\/2019\/06\/0000_DSC_2392.jpg\"><img loading=\"lazy\" width=\"1000\" height=\"666\" src=\"https:\/\/www.uta.cl\/wp-content\/uploads\/2019\/06\/0000_DSC_2392.jpg\" alt=\"\" data-id=\"9231\" data-link=\"https:\/\/www.uta.cl\/?attachment_id=9231\" class=\"wp-image-9231\" srcset=\"https:\/\/www.uta.cl\/wp-content\/uploads\/2019\/06\/0000_DSC_2392.jpg 1000w, https:\/\/www.uta.cl\/wp-content\/uploads\/2019\/06\/0000_DSC_2392-300x200.jpg 300w, https:\/\/www.uta.cl\/wp-content\/uploads\/2019\/06\/0000_DSC_2392-768x511.jpg 768w\" sizes=\"(max-width: 1000px) 100vw, 1000px\" \/><\/a><\/figure><\/li><li class=\"blocks-gallery-item\"><figure><a href=\"https:\/\/www.uta.cl\/wp-content\/uploads\/2019\/06\/0000_DSC_2383.jpg\"><img loading=\"lazy\" width=\"1000\" height=\"666\" src=\"https:\/\/www.uta.cl\/wp-content\/uploads\/2019\/06\/0000_DSC_2383.jpg\" alt=\"\" data-id=\"9230\" data-link=\"https:\/\/www.uta.cl\/?attachment_id=9230\" class=\"wp-image-9230\" srcset=\"https:\/\/www.uta.cl\/wp-content\/uploads\/2019\/06\/0000_DSC_2383.jpg 1000w, https:\/\/www.uta.cl\/wp-content\/uploads\/2019\/06\/0000_DSC_2383-300x200.jpg 300w, https:\/\/www.uta.cl\/wp-content\/uploads\/2019\/06\/0000_DSC_2383-768x511.jpg 768w\" sizes=\"(max-width: 1000px) 100vw, 1000px\" \/><\/a><\/figure><\/li><li class=\"blocks-gallery-item\"><figure><a href=\"https:\/\/www.uta.cl\/wp-content\/uploads\/2019\/06\/0000_DSC_2378.jpg\"><img loading=\"lazy\" width=\"1000\" height=\"666\" src=\"https:\/\/www.uta.cl\/wp-content\/uploads\/2019\/06\/0000_DSC_2378.jpg\" alt=\"\" data-id=\"9229\" data-link=\"https:\/\/www.uta.cl\/?attachment_id=9229\" class=\"wp-image-9229\" srcset=\"https:\/\/www.uta.cl\/wp-content\/uploads\/2019\/06\/0000_DSC_2378.jpg 1000w, https:\/\/www.uta.cl\/wp-content\/uploads\/2019\/06\/0000_DSC_2378-300x200.jpg 300w, https:\/\/www.uta.cl\/wp-content\/uploads\/2019\/06\/0000_DSC_2378-768x511.jpg 768w\" sizes=\"(max-width: 1000px) 100vw, 1000px\" \/><\/a><\/figure><\/li><li class=\"blocks-gallery-item\"><figure><a href=\"https:\/\/www.uta.cl\/wp-content\/uploads\/2019\/06\/0000_DSC_2376.jpg\"><img loading=\"lazy\" width=\"1000\" height=\"666\" src=\"https:\/\/www.uta.cl\/wp-content\/uploads\/2019\/06\/0000_DSC_2376.jpg\" alt=\"\" data-id=\"9228\" data-link=\"https:\/\/www.uta.cl\/?attachment_id=9228\" class=\"wp-image-9228\" srcset=\"https:\/\/www.uta.cl\/wp-content\/uploads\/2019\/06\/0000_DSC_2376.jpg 1000w, https:\/\/www.uta.cl\/wp-content\/uploads\/2019\/06\/0000_DSC_2376-300x200.jpg 300w, https:\/\/www.uta.cl\/wp-content\/uploads\/2019\/06\/0000_DSC_2376-768x511.jpg 768w\" sizes=\"(max-width: 1000px) 100vw, 1000px\" \/><\/a><\/figure><\/li><li class=\"blocks-gallery-item\"><figure><a href=\"https:\/\/www.uta.cl\/wp-content\/uploads\/2019\/06\/0000_DSC_2373.jpg\"><img loading=\"lazy\" width=\"1000\" height=\"666\" src=\"https:\/\/www.uta.cl\/wp-content\/uploads\/2019\/06\/0000_DSC_2373.jpg\" alt=\"\" data-id=\"9227\" data-link=\"https:\/\/www.uta.cl\/?attachment_id=9227\" class=\"wp-image-9227\" srcset=\"https:\/\/www.uta.cl\/wp-content\/uploads\/2019\/06\/0000_DSC_2373.jpg 1000w, https:\/\/www.uta.cl\/wp-content\/uploads\/2019\/06\/0000_DSC_2373-300x200.jpg 300w, https:\/\/www.uta.cl\/wp-content\/uploads\/2019\/06\/0000_DSC_2373-768x511.jpg 768w\" sizes=\"(max-width: 1000px) 100vw, 1000px\" \/><\/a><\/figure><\/li><li class=\"blocks-gallery-item\"><figure><a href=\"https:\/\/www.uta.cl\/wp-content\/uploads\/2019\/06\/0000_DSC_2371.jpg\"><img loading=\"lazy\" width=\"1000\" height=\"666\" src=\"https:\/\/www.uta.cl\/wp-content\/uploads\/2019\/06\/0000_DSC_2371.jpg\" alt=\"\" data-id=\"9226\" data-link=\"https:\/\/www.uta.cl\/?attachment_id=9226\" class=\"wp-image-9226\" srcset=\"https:\/\/www.uta.cl\/wp-content\/uploads\/2019\/06\/0000_DSC_2371.jpg 1000w, https:\/\/www.uta.cl\/wp-content\/uploads\/2019\/06\/0000_DSC_2371-300x200.jpg 300w, https:\/\/www.uta.cl\/wp-content\/uploads\/2019\/06\/0000_DSC_2371-768x511.jpg 768w\" sizes=\"(max-width: 1000px) 100vw, 1000px\" \/><\/a><\/figure><\/li><li class=\"blocks-gallery-item\"><figure><a href=\"https:\/\/www.uta.cl\/wp-content\/uploads\/2019\/06\/0000_DSC_2369.jpg\"><img loading=\"lazy\" width=\"1000\" height=\"666\" src=\"https:\/\/www.uta.cl\/wp-content\/uploads\/2019\/06\/0000_DSC_2369.jpg\" alt=\"\" data-id=\"9225\" data-link=\"https:\/\/www.uta.cl\/?attachment_id=9225\" class=\"wp-image-9225\" srcset=\"https:\/\/www.uta.cl\/wp-content\/uploads\/2019\/06\/0000_DSC_2369.jpg 1000w, https:\/\/www.uta.cl\/wp-content\/uploads\/2019\/06\/0000_DSC_2369-300x200.jpg 300w, https:\/\/www.uta.cl\/wp-content\/uploads\/2019\/06\/0000_DSC_2369-768x511.jpg 768w\" sizes=\"(max-width: 1000px) 100vw, 1000px\" \/><\/a><\/figure><\/li><li class=\"blocks-gallery-item\"><figure><a href=\"https:\/\/www.uta.cl\/wp-content\/uploads\/2019\/06\/0000_DSC_2368.jpg\"><img loading=\"lazy\" width=\"1000\" height=\"666\" src=\"https:\/\/www.uta.cl\/wp-content\/uploads\/2019\/06\/0000_DSC_2368.jpg\" alt=\"\" data-id=\"9224\" data-link=\"https:\/\/www.uta.cl\/?attachment_id=9224\" class=\"wp-image-9224\" srcset=\"https:\/\/www.uta.cl\/wp-content\/uploads\/2019\/06\/0000_DSC_2368.jpg 1000w, https:\/\/www.uta.cl\/wp-content\/uploads\/2019\/06\/0000_DSC_2368-300x200.jpg 300w, https:\/\/www.uta.cl\/wp-content\/uploads\/2019\/06\/0000_DSC_2368-768x511.jpg 768w\" sizes=\"(max-width: 1000px) 100vw, 1000px\" \/><\/a><\/figure><\/li><li class=\"blocks-gallery-item\"><figure><a href=\"https:\/\/www.uta.cl\/wp-content\/uploads\/2019\/06\/0000_DSC_2366.jpg\"><img loading=\"lazy\" width=\"1000\" height=\"666\" src=\"https:\/\/www.uta.cl\/wp-content\/uploads\/2019\/06\/0000_DSC_2366.jpg\" alt=\"\" data-id=\"9223\" data-link=\"https:\/\/www.uta.cl\/?attachment_id=9223\" class=\"wp-image-9223\" srcset=\"https:\/\/www.uta.cl\/wp-content\/uploads\/2019\/06\/0000_DSC_2366.jpg 1000w, https:\/\/www.uta.cl\/wp-content\/uploads\/2019\/06\/0000_DSC_2366-300x200.jpg 300w, https:\/\/www.uta.cl\/wp-content\/uploads\/2019\/06\/0000_DSC_2366-768x511.jpg 768w\" sizes=\"(max-width: 1000px) 100vw, 1000px\" \/><\/a><\/figure><\/li><\/ul>\n","protected":false},"excerpt":{"rendered":"<p>Actividad realizada el 30 y 31 de mayo, contando con la presencia de 19 establecimientos educacionales de Calama, Iquique y Arica.<\/p>\n","protected":false},"author":3,"featured_media":9223,"comment_status":"open","ping_status":"open","sticky":false,"template":"","format":"standard","meta":[],"categories":[37,51],"tags":[],"_links":{"self":[{"href":"https:\/\/www.uta.cl\/index.php\/wp-json\/wp\/v2\/posts\/9222"}],"collection":[{"href":"https:\/\/www.uta.cl\/index.php\/wp-json\/wp\/v2\/posts"}],"about":[{"href":"https:\/\/www.uta.cl\/index.php\/wp-json\/wp\/v2\/types\/post"}],"author":[{"embeddable":true,"href":"https:\/\/www.uta.cl\/index.php\/wp-json\/wp\/v2\/users\/3"}],"replies":[{"embeddable":true,"href":"https:\/\/www.uta.cl\/index.php\/wp-json\/wp\/v2\/comments?post=9222"}],"version-history":[{"count":2,"href":"https:\/\/www.uta.cl\/index.php\/wp-json\/wp\/v2\/posts\/9222\/revisions"}],"predecessor-version":[{"id":9235,"href":"https:\/\/www.uta.cl\/index.php\/wp-json\/wp\/v2\/posts\/9222\/revisions\/9235"}],"wp:featuredmedia":[{"embeddable":true,"href":"https:\/\/www.uta.cl\/index.php\/wp-json\/wp\/v2\/media\/9223"}],"wp:attachment":[{"href":"https:\/\/www.uta.cl\/index.php\/wp-json\/wp\/v2\/media?parent=9222"}],"wp:term":[{"taxonomy":"category","embeddable":true,"href":"https:\/\/www.uta.cl\/index.php\/wp-json\/wp\/v2\/categories?post=9222"},{"taxonomy":"post_tag","embeddable":true,"href":"https:\/\/www.uta.cl\/index.php\/wp-json\/wp\/v2\/tags?post=9222"}],"curies":[{"name":"wp","href":"https:\/\/api.w.org\/{rel}","templated":true}]}}