{"id":9198,"date":"2019-06-18T16:12:42","date_gmt":"2019-06-18T16:12:42","guid":{"rendered":"https:\/\/www.uta.cl\/?p=9198"},"modified":"2019-06-18T16:12:42","modified_gmt":"2019-06-18T16:12:42","slug":"universidad-de-tarapaca-fue-sede-de-la-4ta-edicion-del-curso-introduccion-a-la-morfometria-geometrica","status":"publish","type":"post","link":"https:\/\/www.uta.cl\/index.php\/2019\/06\/18\/universidad-de-tarapaca-fue-sede-de-la-4ta-edicion-del-curso-introduccion-a-la-morfometria-geometrica\/","title":{"rendered":"Universidad de Tarapac\u00e1 fue sede de la 4ta edici\u00f3n del Curso Introducci\u00f3n a la Morfometr\u00eda Geom\u00e9trica"},"content":{"rendered":"\n<p>Hist\u00f3ricamente, la clasificaci\u00f3n taxon\u00f3mica y la comprensi\u00f3n de la diversidad biol\u00f3gica se han basado en descripciones morfol\u00f3gicas. En base a una revoluci\u00f3n matem\u00e1tica cuantitativa, el estudio de la morfolog\u00eda ha tenido un importante \u00e9nfasis gracias al desarrollo del an\u00e1lisis de la forma mediante la combinaci\u00f3n de m\u00e9todos estad\u00edsticos multivariados y nuevas maneras de visualizaci\u00f3n. <\/p>\n\n\n\n<figure class=\"wp-block-image\"><img loading=\"lazy\" width=\"1000\" height=\"628\" src=\"https:\/\/www.uta.cl\/wp-content\/uploads\/2019\/06\/20190611_095253.jpg\" alt=\"\" class=\"wp-image-9199\" srcset=\"https:\/\/www.uta.cl\/wp-content\/uploads\/2019\/06\/20190611_095253.jpg 1000w, https:\/\/www.uta.cl\/wp-content\/uploads\/2019\/06\/20190611_095253-300x188.jpg 300w, https:\/\/www.uta.cl\/wp-content\/uploads\/2019\/06\/20190611_095253-768x482.jpg 768w\" sizes=\"(max-width: 1000px) 100vw, 1000px\" \/><\/figure>\n\n\n\n<p>Es en este contexto que entre el 10 y el 14 de junio, se realiz\u00f3 la cuarta versi\u00f3n del curso \u201cIntroducci\u00f3n a la Morfometr\u00eda Geom\u00e9trica\u201d, dictado por el acad\u00e9mico e investigador del Departamento de Recursos Ambientales de la Facultad de Ciencias Agron\u00f3micas, Dr. Hugo Ben\u00edtez de la Fuente, cuyo objetivo fue entregar a los participantes una visi\u00f3n actualizada sobre los avances del estudio de la morfometr\u00eda geom\u00e9trica (MG), as\u00ed como tambi\u00e9n las nuevas l\u00edneas de investigaci\u00f3n que conectaron con las tem\u00e1ticas en fuerte desarrollo (e.g. estabilidad del desarrollo, integraci\u00f3n y modularidad morfol\u00f3gicas, filogenia). <\/p>\n\n\n\n<p>\u201cEste curso pretend\u00eda entregar una visi\u00f3n amplia del uso de la morfometr\u00eda geom\u00e9trica destacando la necesidad de aumentar el esfuerzo de investigaci\u00f3n en esta disciplina, junto con llamar la atenci\u00f3n acerca de la utilidad de la MG como una herramienta efectiva, precisa, amigable y barata para cuantificar y estudiar la variaci\u00f3n morfol\u00f3gica\u201d, explic\u00f3 el profesor del curso, Dr. Hugo A. Ben\u00edtez. <\/p>\n\n\n\n<p>La actividad desarrollada en la Sala de Radioterapia y Fotograf\u00eda M\u00e9dica de la Facultad de Ciencias de la Salud, se enmarco en un proyecto de Vinculaci\u00f3n con el Medio de la Universidad de Tarapac\u00e1 9802-18 y se imparti\u00f3 a aproximadamente 25 participantes provenientes de Argentina, Per\u00fa, Brasil y Chile, en diferentes grados acad\u00e9micos, desde doctores hasta estudiantes de postgrados y pregrado, quienes tuvieron clases te\u00f3ricas durante las ma\u00f1anas de 9:00 a 13:00 horas, que luego se complementaron con clases pr\u00e1cticas, de 15:00 a 18:30, con la finalidad de utilizar estas herramientas morfol\u00f3gicas con cada uno de los organismos que habitualmente trabajan.<\/p>\n\n\n\n<figure class=\"wp-block-image\"><img loading=\"lazy\" width=\"1000\" height=\"583\" src=\"https:\/\/www.uta.cl\/wp-content\/uploads\/2019\/06\/Foto-Curso-Morfometria.jpg\" alt=\"\" class=\"wp-image-9200\" srcset=\"https:\/\/www.uta.cl\/wp-content\/uploads\/2019\/06\/Foto-Curso-Morfometria.jpg 1000w, https:\/\/www.uta.cl\/wp-content\/uploads\/2019\/06\/Foto-Curso-Morfometria-300x175.jpg 300w, https:\/\/www.uta.cl\/wp-content\/uploads\/2019\/06\/Foto-Curso-Morfometria-768x448.jpg 768w\" sizes=\"(max-width: 1000px) 100vw, 1000px\" \/><\/figure>\n","protected":false},"excerpt":{"rendered":"<p>El curso cont\u00f3 con la participaci\u00f3n de estudiantes de Postgrado y Pregrado de Brasil, Argentina, Per\u00fa y Chile, donde aprendieron a identificar los patrones de cambios geom\u00e9tricos de las formas biol\u00f3gicas.<\/p>\n","protected":false},"author":3,"featured_media":9199,"comment_status":"open","ping_status":"open","sticky":false,"template":"","format":"standard","meta":[],"categories":[51],"tags":[],"_links":{"self":[{"href":"https:\/\/www.uta.cl\/index.php\/wp-json\/wp\/v2\/posts\/9198"}],"collection":[{"href":"https:\/\/www.uta.cl\/index.php\/wp-json\/wp\/v2\/posts"}],"about":[{"href":"https:\/\/www.uta.cl\/index.php\/wp-json\/wp\/v2\/types\/post"}],"author":[{"embeddable":true,"href":"https:\/\/www.uta.cl\/index.php\/wp-json\/wp\/v2\/users\/3"}],"replies":[{"embeddable":true,"href":"https:\/\/www.uta.cl\/index.php\/wp-json\/wp\/v2\/comments?post=9198"}],"version-history":[{"count":1,"href":"https:\/\/www.uta.cl\/index.php\/wp-json\/wp\/v2\/posts\/9198\/revisions"}],"predecessor-version":[{"id":9201,"href":"https:\/\/www.uta.cl\/index.php\/wp-json\/wp\/v2\/posts\/9198\/revisions\/9201"}],"wp:featuredmedia":[{"embeddable":true,"href":"https:\/\/www.uta.cl\/index.php\/wp-json\/wp\/v2\/media\/9199"}],"wp:attachment":[{"href":"https:\/\/www.uta.cl\/index.php\/wp-json\/wp\/v2\/media?parent=9198"}],"wp:term":[{"taxonomy":"category","embeddable":true,"href":"https:\/\/www.uta.cl\/index.php\/wp-json\/wp\/v2\/categories?post=9198"},{"taxonomy":"post_tag","embeddable":true,"href":"https:\/\/www.uta.cl\/index.php\/wp-json\/wp\/v2\/tags?post=9198"}],"curies":[{"name":"wp","href":"https:\/\/api.w.org\/{rel}","templated":true}]}}