{"id":9188,"date":"2019-06-18T16:02:51","date_gmt":"2019-06-18T16:02:51","guid":{"rendered":"https:\/\/www.uta.cl\/?p=9188"},"modified":"2019-06-18T16:02:51","modified_gmt":"2019-06-18T16:02:51","slug":"vicerrectora-de-desarrollo-estrategico-participo-en-reunion-mensual-de-rectores-aur-en-concepcion","status":"publish","type":"post","link":"https:\/\/www.uta.cl\/index.php\/2019\/06\/18\/vicerrectora-de-desarrollo-estrategico-participo-en-reunion-mensual-de-rectores-aur-en-concepcion\/","title":{"rendered":"Vicerrectora de Desarrollo Estrat\u00e9gico particip\u00f3 en  reuni\u00f3n mensual de Rectores AUR en Concepci\u00f3n"},"content":{"rendered":"\n<p>El pasado 29 de mayo, se realiz\u00f3 en la ciudad de Concepci\u00f3n el encuentro mensual de los rectores que integran la Agrupaci\u00f3n de Universidades Regionales (AUR), instancia que cont\u00f3 adem\u00e1s con el apoyo de la Universidad del B\u00edo B\u00edo (UBB).<\/p>\n\n\n\n<figure class=\"wp-block-image\"><img loading=\"lazy\" width=\"1024\" height=\"683\" src=\"https:\/\/www.uta.cl\/wp-content\/uploads\/2019\/06\/DSC_7258-3-1024x683-1024x683.jpg\" alt=\"\" class=\"wp-image-9189\" srcset=\"https:\/\/www.uta.cl\/wp-content\/uploads\/2019\/06\/DSC_7258-3-1024x683.jpg 1024w, https:\/\/www.uta.cl\/wp-content\/uploads\/2019\/06\/DSC_7258-3-1024x683-300x200.jpg 300w, https:\/\/www.uta.cl\/wp-content\/uploads\/2019\/06\/DSC_7258-3-1024x683-768x512.jpg 768w\" sizes=\"(max-width: 1024px) 100vw, 1024px\" \/><\/figure>\n\n\n\n<p>En esta oportunidad, algunos de los temas analizados por el pleno de los rectores fue la Acreditaci\u00f3n de la Calidad desde la perspectiva regional, instancia a la cual fue convocada la Vicerrectora de Desarrollo Estrat\u00e9gico de la Universidad de Tarapac\u00e1, Dra. Jenniffer Peralta Montecinos, para conformar la comisi\u00f3n de expertos para el an\u00e1lisis de los criterios y est\u00e1ndares de calidad para la acreditaci\u00f3n integral de universidades, desde la mirada de las Universidades Regionales. <\/p>\n\n\n\n<p>En la reuni\u00f3n de la AUR, la Vicerrectora de Desarrollo Estrat\u00e9gico present\u00f3, junto a Guy Bossier, de la Universidad Austral de Chile, los resultados del an\u00e1lisis, dando cuenta de la propuesta de Acreditaci\u00f3n de la Calidad Universitaria desde la perspectiva regional. A trav\u00e9s de un pormenorizado an\u00e1lisis del rol las universidades regionales, de las funciones de la CNA y de las dimensiones, criterios y est\u00e1ndares de acreditaci\u00f3n integral de Universidades, se discuti\u00f3 esta tem\u00e1tica de alto inter\u00e9s y que se encuentra actualmente en debate en el pa\u00eds.<\/p>\n\n\n\n<p>\u201cSer convocada a esta comisi\u00f3n ha sido muy valioso. Los criterios y est\u00e1ndares CNA deben reflejar las realidades en que operan las instituciones de educaci\u00f3n superior, particularmente las caracter\u00edsticas territoriales y socioecon\u00f3micas de sus contextos y c\u00f3mo son parte &nbsp;a trav\u00e9s de sus diferentes funciones del crecimiento y desarrollo territorial integral. Esta ha sido nuestra postura frente al quehacer de las universidades regionales, particularmente las que estamos en zonas extremas\u201d, expres\u00f3 la Vicerrectora de Desarrollo Estrat\u00e9gico. <\/p>\n\n\n\n<p>Agreg\u00f3 que, \u201cla &nbsp;Ley N\u00b0 21.091 sobre Educaci\u00f3n Superior reconoce el rol de la educaci\u00f3n superior en el desarrollo integral del pa\u00eds y otorga &nbsp;a los organismos p\u00fablicos que integran el Sistema Nacional de Aseguramiento de la Calidad atribuciones en el desarrollo de pol\u00edticas que promuevan la calidad, pertinencia, articulaci\u00f3n, inclusi\u00f3n y equidad en el desarrollo de las funciones de las instituciones de educaci\u00f3n superior. Sin embargo en las dimensiones, criterios y est\u00e1ndares preestablecidos se observan importantes temas centrales ausentes: equidad, g\u00e9nero, diversidad \u00e9tnica, descentralizaci\u00f3n. El concepto de territorio tambi\u00e9n est\u00e1 ausente\u201d.<\/p>\n\n\n\n<figure class=\"wp-block-image\"><img loading=\"lazy\" width=\"1024\" height=\"683\" src=\"https:\/\/www.uta.cl\/wp-content\/uploads\/2019\/06\/DSC_7287-1024x683-1024x683.jpg\" alt=\"\" class=\"wp-image-9190\" srcset=\"https:\/\/www.uta.cl\/wp-content\/uploads\/2019\/06\/DSC_7287-1024x683.jpg 1024w, https:\/\/www.uta.cl\/wp-content\/uploads\/2019\/06\/DSC_7287-1024x683-300x200.jpg 300w, https:\/\/www.uta.cl\/wp-content\/uploads\/2019\/06\/DSC_7287-1024x683-768x512.jpg 768w\" sizes=\"(max-width: 1024px) 100vw, 1024px\" \/><\/figure>\n\n\n\n<p>En la ocasi\u00f3n, tambi\u00e9n se analiz\u00f3 la implementaci\u00f3n de Convenios y Definici\u00f3n del Plan de Trabajo con la C\u00e1mara de Diputados a trav\u00e9s de la Academia Parlamentaria; la realizaci\u00f3n de un Seminario de Ruralidad en la ciudad de Chill\u00e1n en el mes de agosto, organizado por la Universidad del Biob\u00edo, la Universidad de Concepci\u00f3n y la Universidad Cat\u00f3lica de la Sant\u00edsima Concepci\u00f3n y las reuniones preparatorias para el Seminarios sobre Cambio Clim\u00e1tico, a llevarse a cabo en la ciudad de Concepci\u00f3n con el apoyo de las instituciones de la Agrupaci\u00f3n de Universidades Regionales, AUR. <\/p>\n","protected":false},"excerpt":{"rendered":"<p>La comisi\u00f3n fue presidida por el Rector de la Universidad de Playa Ancha, Patricio Sanhueza y constituida por el Rector Christian Schmitz, de la Universidad Cat\u00f3lica de la Sant\u00edsima Concepci\u00f3n, Jenniffer Peralta de la Universidad de Tarapac\u00e1 y Guy Boisier de la Universidad\u00a0 Austral de Chile, Andrea Palma y Jos\u00e9 Antonio \u00c1balos por la Direcci\u00f3n Ejecutiva de la AUR.<\/p>\n","protected":false},"author":3,"featured_media":9191,"comment_status":"open","ping_status":"open","sticky":false,"template":"","format":"standard","meta":[],"categories":[],"tags":[],"_links":{"self":[{"href":"https:\/\/www.uta.cl\/index.php\/wp-json\/wp\/v2\/posts\/9188"}],"collection":[{"href":"https:\/\/www.uta.cl\/index.php\/wp-json\/wp\/v2\/posts"}],"about":[{"href":"https:\/\/www.uta.cl\/index.php\/wp-json\/wp\/v2\/types\/post"}],"author":[{"embeddable":true,"href":"https:\/\/www.uta.cl\/index.php\/wp-json\/wp\/v2\/users\/3"}],"replies":[{"embeddable":true,"href":"https:\/\/www.uta.cl\/index.php\/wp-json\/wp\/v2\/comments?post=9188"}],"version-history":[{"count":1,"href":"https:\/\/www.uta.cl\/index.php\/wp-json\/wp\/v2\/posts\/9188\/revisions"}],"predecessor-version":[{"id":9192,"href":"https:\/\/www.uta.cl\/index.php\/wp-json\/wp\/v2\/posts\/9188\/revisions\/9192"}],"wp:featuredmedia":[{"embeddable":true,"href":"https:\/\/www.uta.cl\/index.php\/wp-json\/wp\/v2\/media\/9191"}],"wp:attachment":[{"href":"https:\/\/www.uta.cl\/index.php\/wp-json\/wp\/v2\/media?parent=9188"}],"wp:term":[{"taxonomy":"category","embeddable":true,"href":"https:\/\/www.uta.cl\/index.php\/wp-json\/wp\/v2\/categories?post=9188"},{"taxonomy":"post_tag","embeddable":true,"href":"https:\/\/www.uta.cl\/index.php\/wp-json\/wp\/v2\/tags?post=9188"}],"curies":[{"name":"wp","href":"https:\/\/api.w.org\/{rel}","templated":true}]}}