{"id":9178,"date":"2019-06-17T14:37:19","date_gmt":"2019-06-17T14:37:19","guid":{"rendered":"https:\/\/www.uta.cl\/?p=9178"},"modified":"2019-06-18T16:38:06","modified_gmt":"2019-06-18T16:38:06","slug":"con-masiva-asistencia-destacado-abogado-jose-luis-cea-egana-dicta-clase-magistral-impulso-o-detencion-en-la-regionalizacion-prevista-para-octubre-2020","status":"publish","type":"post","link":"https:\/\/www.uta.cl\/index.php\/2019\/06\/17\/con-masiva-asistencia-destacado-abogado-jose-luis-cea-egana-dicta-clase-magistral-impulso-o-detencion-en-la-regionalizacion-prevista-para-octubre-2020\/","title":{"rendered":"Con masiva asistencia destacado abogado Jos\u00e9 Luis Cea Ega\u00f1a dicta clase magistral \u00bfImpulso o detenci\u00f3n en la regionalizaci\u00f3n prevista para octubre 2020?"},"content":{"rendered":"\n<p>Cerca de 120 personas se dieron cita en la Sala de Eventos de la Facultad de Ciencias Sociales y Jur\u00eddicas (FACSOJUR) este jueves 13 de junio, para presenciar la clase magistral que dict\u00f3 el destacado abogado, Science Juris Doctor de la Universidad de Wisconsin y Presidente de la Academia Chilena de Ciencias Sociales, Pol\u00edticas y Morales, Jos\u00e9 Luis Cea Ega\u00f1a, invitado por el Rector y la Escuela de Derecho de la Universidad de Tarapac\u00e1. <\/p>\n\n\n\n<figure class=\"wp-block-image\"><img loading=\"lazy\" width=\"1000\" height=\"612\" src=\"https:\/\/www.uta.cl\/wp-content\/uploads\/2019\/06\/base-3.jpg\" alt=\"\" class=\"wp-image-9179\" srcset=\"https:\/\/www.uta.cl\/wp-content\/uploads\/2019\/06\/base-3.jpg 1000w, https:\/\/www.uta.cl\/wp-content\/uploads\/2019\/06\/base-3-300x184.jpg 300w, https:\/\/www.uta.cl\/wp-content\/uploads\/2019\/06\/base-3-768x470.jpg 768w\" sizes=\"(max-width: 1000px) 100vw, 1000px\" \/><\/figure>\n\n\n\n<p>\u00bfImpulso o detenci\u00f3n en la regionalizaci\u00f3n prevista para octubre 2020? fue el t\u00edtulo de su exposici\u00f3n, donde se analiz\u00f3 y reflexion\u00f3 sobre los cambios en materia de regionalizaci\u00f3n y c\u00f3mo esto afecta a la Regi\u00f3n de Arica y Parinacota. <\/p>\n\n\n\n<p>La actividad cont\u00f3 con la presencia de autoridades regionales y universitarias, abogados, funcionarios, profesionales del sistema jur\u00eddico, acad\u00e9micos y estudiantes del \u00e1mbito del derecho. Las palabras de bienvenida estuvieron a cargo del Rector (S) de la Universidad de Tarapac\u00e1, \u00c1lvaro Palma Quiroz, quien expres\u00f3 que \u201cesta actividad nace de la necesidad institucional de difundir los cambios en materia de regionalizaci\u00f3n y como esto afectar\u00eda a la Regi\u00f3n de Arica y Parinacota\u201d. <\/p>\n\n\n\n<p>\u201cTodos sabemos que la regionalizaci\u00f3n es una demanda ciudadana para la toma de decisiones pol\u00edticas, econ\u00f3micas, sociales y culturales. En este sentido, desde las instituciones de educaci\u00f3n superior, la regionalizaci\u00f3n debe llevar a una descentralizaci\u00f3n efectiva en todo los \u00e1mbitos. Es conocido por todos, que el mayor n\u00famero de universidades se concentra en la regi\u00f3n Metropolitana centralizando cerca del 50% de la matr\u00edcula total de pregrado, postgrado y post\u00edtulo, y el 48% de los acad\u00e9micos. Esto se manifiesta en una concentraci\u00f3n en la metr\u00f3poli de los recursos financieros, humanos e infraestructura, lo que va en desmedro de las regiones, sobre todo las ubicadas en zonas extremas\u201d, destac\u00f3 el Rector (S) de la Universidad de Tarapac\u00e1. <\/p>\n\n\n\n<p>Agreg\u00f3 que, \u201cen este contexto, cabe preguntarnos por el aporte que hacemos actualmente las universidades en la regionalizaci\u00f3n y la manera en que contribuyen al progreso de las regiones en que est\u00e1n insertas, como instituciones llamadas a relacionar la educaci\u00f3n, la investigaci\u00f3n, el desarrollo e innovaci\u00f3n y la vinculaci\u00f3n y extensi\u00f3n con el medio, atendiendo en su competencia, las necesidades propias de las regiones y con ello, contribuyendo al desarrollo econ\u00f3mico-social de la regi\u00f3n, en pos del bienestar de sus habitantes\u201d. <\/p>\n\n\n\n<p>La exposici\u00f3n del Presidente de la Academia Chilena de Ciencias Sociales, Pol\u00edticas y Morales, Jos\u00e9 Luis Cea Ega\u00f1a, se centr\u00f3 en c\u00f3mo contribuir a que se hagan los cambios a tiempo debido a una legislaci\u00f3n regionalizadora mala por vac\u00edos, imperfecciones, contradicciones e insuficiencias donde existe un buen esp\u00edritu dentro del pa\u00eds a trav\u00e9s de la llamada bancada regional para corregir esas fallas. <\/p>\n\n\n\n<p>\u201cChile es un pa\u00eds dif\u00edcil, lleno de virtudes, variedades, valores y patriotismo pero nos ha costado mucho avanzar y pienso que es por el problema de la regionalizaci\u00f3n. No es posible que todo est\u00e9 concentrado en la capital del Estado, eso evidentemente causa un prejuicio irreparable a las regiones. La regionalizaci\u00f3n en Chile ha sido siempre dominada por una concepci\u00f3n de ordenamiento territorial, es decir, desde la c\u00fapula en Santiago, se dictan y ordenan las diversas medidas de alcance geogr\u00e1fico territorial, pero no se hizo la consulta democr\u00e1tica para manifestarse y hacer sentir la capacidad que tienen las regiones para poder crecer y atender sus demandas\u201d, expres\u00f3 el abogado Jos\u00e9 Luis Cea Ega\u00f1a. <\/p>\n\n\n\n<p>En este contexto, el invitado resalt\u00f3 que, \u201ces aqu\u00ed en la UTA donde se puede iniciar un proceso de ayuda y colaboraci\u00f3n con quienes tienen que tomar las decisiones que son los parlamentarios y las autoridades del gobierno central, para que se haga un cambio positivo, bien hecho y oportuno. Falta poco tiempo por lo cual es un tema urgente\u201d.<\/p>\n\n\n\n<p>Por la tarde, Jos\u00e9 Luis Cea Ega\u00f1a sostuvo una reuni\u00f3n con los acad\u00e9micos de la Escuela de Derecho, encuentro realizado en la sala de reuniones de la FACSOJUR y estuvo encabezada por el Decano (S), Carlos Ruiz  Larral y el jefe de carrera, Juan Barraza Barrella. <\/p>\n\n\n\n<ul class=\"wp-block-gallery columns-3 is-cropped\"><li class=\"blocks-gallery-item\"><figure><a href=\"https:\/\/www.uta.cl\/wp-content\/uploads\/2019\/06\/000_DSC_2899-683x1024.jpg\"><img loading=\"lazy\" width=\"683\" height=\"1024\" src=\"https:\/\/www.uta.cl\/wp-content\/uploads\/2019\/06\/000_DSC_2899-683x1024.jpg\" alt=\"\" data-id=\"9207\" data-link=\"https:\/\/www.uta.cl\/index.php\/2019\/06\/17\/con-masiva-asistencia-destacado-abogado-jose-luis-cea-egana-dicta-clase-magistral-impulso-o-detencion-en-la-regionalizacion-prevista-para-octubre-2020\/000_dsc_2899\/\" class=\"wp-image-9207\" srcset=\"https:\/\/www.uta.cl\/wp-content\/uploads\/2019\/06\/000_DSC_2899-683x1024.jpg 683w, https:\/\/www.uta.cl\/wp-content\/uploads\/2019\/06\/000_DSC_2899-200x300.jpg 200w, https:\/\/www.uta.cl\/wp-content\/uploads\/2019\/06\/000_DSC_2899-768x1152.jpg 768w, https:\/\/www.uta.cl\/wp-content\/uploads\/2019\/06\/000_DSC_2899.jpg 1000w\" sizes=\"(max-width: 683px) 100vw, 683px\" \/><\/a><\/figure><\/li><li class=\"blocks-gallery-item\"><figure><a href=\"https:\/\/www.uta.cl\/wp-content\/uploads\/2019\/06\/000_DSC_2908.jpg\"><img loading=\"lazy\" width=\"1000\" height=\"666\" src=\"https:\/\/www.uta.cl\/wp-content\/uploads\/2019\/06\/000_DSC_2908.jpg\" alt=\"\" data-id=\"9208\" data-link=\"https:\/\/www.uta.cl\/index.php\/2019\/06\/17\/con-masiva-asistencia-destacado-abogado-jose-luis-cea-egana-dicta-clase-magistral-impulso-o-detencion-en-la-regionalizacion-prevista-para-octubre-2020\/000_dsc_2908\/\" class=\"wp-image-9208\" srcset=\"https:\/\/www.uta.cl\/wp-content\/uploads\/2019\/06\/000_DSC_2908.jpg 1000w, https:\/\/www.uta.cl\/wp-content\/uploads\/2019\/06\/000_DSC_2908-300x200.jpg 300w, https:\/\/www.uta.cl\/wp-content\/uploads\/2019\/06\/000_DSC_2908-768x511.jpg 768w\" sizes=\"(max-width: 1000px) 100vw, 1000px\" \/><\/a><\/figure><\/li><li class=\"blocks-gallery-item\"><figure><a href=\"https:\/\/www.uta.cl\/wp-content\/uploads\/2019\/06\/000_DSC_2911.jpg\"><img loading=\"lazy\" width=\"1000\" height=\"666\" src=\"https:\/\/www.uta.cl\/wp-content\/uploads\/2019\/06\/000_DSC_2911.jpg\" alt=\"\" data-id=\"9209\" data-link=\"https:\/\/www.uta.cl\/index.php\/2019\/06\/17\/con-masiva-asistencia-destacado-abogado-jose-luis-cea-egana-dicta-clase-magistral-impulso-o-detencion-en-la-regionalizacion-prevista-para-octubre-2020\/000_dsc_2911\/\" class=\"wp-image-9209\" srcset=\"https:\/\/www.uta.cl\/wp-content\/uploads\/2019\/06\/000_DSC_2911.jpg 1000w, https:\/\/www.uta.cl\/wp-content\/uploads\/2019\/06\/000_DSC_2911-300x200.jpg 300w, https:\/\/www.uta.cl\/wp-content\/uploads\/2019\/06\/000_DSC_2911-768x511.jpg 768w\" sizes=\"(max-width: 1000px) 100vw, 1000px\" \/><\/a><\/figure><\/li><li class=\"blocks-gallery-item\"><figure><a href=\"https:\/\/www.uta.cl\/wp-content\/uploads\/2019\/06\/000_DSC_2922-683x1024.jpg\"><img loading=\"lazy\" width=\"683\" height=\"1024\" src=\"https:\/\/www.uta.cl\/wp-content\/uploads\/2019\/06\/000_DSC_2922-683x1024.jpg\" alt=\"\" data-id=\"9210\" data-link=\"https:\/\/www.uta.cl\/index.php\/2019\/06\/17\/con-masiva-asistencia-destacado-abogado-jose-luis-cea-egana-dicta-clase-magistral-impulso-o-detencion-en-la-regionalizacion-prevista-para-octubre-2020\/000_dsc_2922\/\" class=\"wp-image-9210\" srcset=\"https:\/\/www.uta.cl\/wp-content\/uploads\/2019\/06\/000_DSC_2922-683x1024.jpg 683w, https:\/\/www.uta.cl\/wp-content\/uploads\/2019\/06\/000_DSC_2922-200x300.jpg 200w, https:\/\/www.uta.cl\/wp-content\/uploads\/2019\/06\/000_DSC_2922-768x1152.jpg 768w, https:\/\/www.uta.cl\/wp-content\/uploads\/2019\/06\/000_DSC_2922.jpg 1000w\" sizes=\"(max-width: 683px) 100vw, 683px\" \/><\/a><\/figure><\/li><li class=\"blocks-gallery-item\"><figure><a href=\"https:\/\/www.uta.cl\/wp-content\/uploads\/2019\/06\/000_DSC_2930.jpg\"><img loading=\"lazy\" width=\"1000\" height=\"666\" src=\"https:\/\/www.uta.cl\/wp-content\/uploads\/2019\/06\/000_DSC_2930.jpg\" alt=\"\" data-id=\"9211\" data-link=\"https:\/\/www.uta.cl\/index.php\/2019\/06\/17\/con-masiva-asistencia-destacado-abogado-jose-luis-cea-egana-dicta-clase-magistral-impulso-o-detencion-en-la-regionalizacion-prevista-para-octubre-2020\/000_dsc_2930\/\" class=\"wp-image-9211\" srcset=\"https:\/\/www.uta.cl\/wp-content\/uploads\/2019\/06\/000_DSC_2930.jpg 1000w, https:\/\/www.uta.cl\/wp-content\/uploads\/2019\/06\/000_DSC_2930-300x200.jpg 300w, https:\/\/www.uta.cl\/wp-content\/uploads\/2019\/06\/000_DSC_2930-768x511.jpg 768w\" sizes=\"(max-width: 1000px) 100vw, 1000px\" \/><\/a><\/figure><\/li><li class=\"blocks-gallery-item\"><figure><a href=\"https:\/\/www.uta.cl\/wp-content\/uploads\/2019\/06\/000_DSC_2931.jpg\"><img loading=\"lazy\" width=\"1000\" height=\"666\" src=\"https:\/\/www.uta.cl\/wp-content\/uploads\/2019\/06\/000_DSC_2931.jpg\" alt=\"\" data-id=\"9212\" data-link=\"https:\/\/www.uta.cl\/index.php\/2019\/06\/17\/con-masiva-asistencia-destacado-abogado-jose-luis-cea-egana-dicta-clase-magistral-impulso-o-detencion-en-la-regionalizacion-prevista-para-octubre-2020\/000_dsc_2931\/\" class=\"wp-image-9212\" srcset=\"https:\/\/www.uta.cl\/wp-content\/uploads\/2019\/06\/000_DSC_2931.jpg 1000w, https:\/\/www.uta.cl\/wp-content\/uploads\/2019\/06\/000_DSC_2931-300x200.jpg 300w, https:\/\/www.uta.cl\/wp-content\/uploads\/2019\/06\/000_DSC_2931-768x511.jpg 768w\" sizes=\"(max-width: 1000px) 100vw, 1000px\" \/><\/a><\/figure><\/li><li class=\"blocks-gallery-item\"><figure><a href=\"https:\/\/www.uta.cl\/wp-content\/uploads\/2019\/06\/000_DSC_2934.jpg\"><img loading=\"lazy\" width=\"1000\" height=\"666\" src=\"https:\/\/www.uta.cl\/wp-content\/uploads\/2019\/06\/000_DSC_2934.jpg\" alt=\"\" data-id=\"9213\" data-link=\"https:\/\/www.uta.cl\/index.php\/2019\/06\/17\/con-masiva-asistencia-destacado-abogado-jose-luis-cea-egana-dicta-clase-magistral-impulso-o-detencion-en-la-regionalizacion-prevista-para-octubre-2020\/000_dsc_2934\/\" class=\"wp-image-9213\" srcset=\"https:\/\/www.uta.cl\/wp-content\/uploads\/2019\/06\/000_DSC_2934.jpg 1000w, https:\/\/www.uta.cl\/wp-content\/uploads\/2019\/06\/000_DSC_2934-300x200.jpg 300w, https:\/\/www.uta.cl\/wp-content\/uploads\/2019\/06\/000_DSC_2934-768x511.jpg 768w\" sizes=\"(max-width: 1000px) 100vw, 1000px\" \/><\/a><\/figure><\/li><li class=\"blocks-gallery-item\"><figure><a href=\"https:\/\/www.uta.cl\/wp-content\/uploads\/2019\/06\/000_DSC_2935.jpg\"><img loading=\"lazy\" width=\"1000\" height=\"666\" src=\"https:\/\/www.uta.cl\/wp-content\/uploads\/2019\/06\/000_DSC_2935.jpg\" alt=\"\" data-id=\"9214\" data-link=\"https:\/\/www.uta.cl\/index.php\/2019\/06\/17\/con-masiva-asistencia-destacado-abogado-jose-luis-cea-egana-dicta-clase-magistral-impulso-o-detencion-en-la-regionalizacion-prevista-para-octubre-2020\/000_dsc_2935\/\" class=\"wp-image-9214\" srcset=\"https:\/\/www.uta.cl\/wp-content\/uploads\/2019\/06\/000_DSC_2935.jpg 1000w, https:\/\/www.uta.cl\/wp-content\/uploads\/2019\/06\/000_DSC_2935-300x200.jpg 300w, https:\/\/www.uta.cl\/wp-content\/uploads\/2019\/06\/000_DSC_2935-768x511.jpg 768w\" sizes=\"(max-width: 1000px) 100vw, 1000px\" \/><\/a><\/figure><\/li><li class=\"blocks-gallery-item\"><figure><a href=\"https:\/\/www.uta.cl\/wp-content\/uploads\/2019\/06\/000_DSC_2937.jpg\"><img loading=\"lazy\" width=\"1000\" height=\"666\" src=\"https:\/\/www.uta.cl\/wp-content\/uploads\/2019\/06\/000_DSC_2937.jpg\" alt=\"\" data-id=\"9215\" data-link=\"https:\/\/www.uta.cl\/index.php\/2019\/06\/17\/con-masiva-asistencia-destacado-abogado-jose-luis-cea-egana-dicta-clase-magistral-impulso-o-detencion-en-la-regionalizacion-prevista-para-octubre-2020\/000_dsc_2937\/\" class=\"wp-image-9215\" srcset=\"https:\/\/www.uta.cl\/wp-content\/uploads\/2019\/06\/000_DSC_2937.jpg 1000w, https:\/\/www.uta.cl\/wp-content\/uploads\/2019\/06\/000_DSC_2937-300x200.jpg 300w, https:\/\/www.uta.cl\/wp-content\/uploads\/2019\/06\/000_DSC_2937-768x511.jpg 768w\" sizes=\"(max-width: 1000px) 100vw, 1000px\" \/><\/a><\/figure><\/li><li class=\"blocks-gallery-item\"><figure><a href=\"https:\/\/www.uta.cl\/wp-content\/uploads\/2019\/06\/000_DSC_2942.jpg\"><img loading=\"lazy\" width=\"1000\" height=\"666\" src=\"https:\/\/www.uta.cl\/wp-content\/uploads\/2019\/06\/000_DSC_2942.jpg\" alt=\"\" data-id=\"9216\" data-link=\"https:\/\/www.uta.cl\/index.php\/2019\/06\/17\/con-masiva-asistencia-destacado-abogado-jose-luis-cea-egana-dicta-clase-magistral-impulso-o-detencion-en-la-regionalizacion-prevista-para-octubre-2020\/000_dsc_2942\/\" class=\"wp-image-9216\" srcset=\"https:\/\/www.uta.cl\/wp-content\/uploads\/2019\/06\/000_DSC_2942.jpg 1000w, https:\/\/www.uta.cl\/wp-content\/uploads\/2019\/06\/000_DSC_2942-300x200.jpg 300w, https:\/\/www.uta.cl\/wp-content\/uploads\/2019\/06\/000_DSC_2942-768x511.jpg 768w\" sizes=\"(max-width: 1000px) 100vw, 1000px\" \/><\/a><\/figure><\/li><li class=\"blocks-gallery-item\"><figure><a href=\"https:\/\/www.uta.cl\/wp-content\/uploads\/2019\/06\/000_DSC_2943.jpg\"><img loading=\"lazy\" width=\"1000\" height=\"666\" src=\"https:\/\/www.uta.cl\/wp-content\/uploads\/2019\/06\/000_DSC_2943.jpg\" alt=\"\" data-id=\"9217\" data-link=\"https:\/\/www.uta.cl\/index.php\/2019\/06\/17\/con-masiva-asistencia-destacado-abogado-jose-luis-cea-egana-dicta-clase-magistral-impulso-o-detencion-en-la-regionalizacion-prevista-para-octubre-2020\/000_dsc_2943\/\" class=\"wp-image-9217\" srcset=\"https:\/\/www.uta.cl\/wp-content\/uploads\/2019\/06\/000_DSC_2943.jpg 1000w, https:\/\/www.uta.cl\/wp-content\/uploads\/2019\/06\/000_DSC_2943-300x200.jpg 300w, https:\/\/www.uta.cl\/wp-content\/uploads\/2019\/06\/000_DSC_2943-768x511.jpg 768w\" sizes=\"(max-width: 1000px) 100vw, 1000px\" \/><\/a><\/figure><\/li><li class=\"blocks-gallery-item\"><figure><a href=\"https:\/\/www.uta.cl\/wp-content\/uploads\/2019\/06\/000_DSC_2945.jpg\"><img loading=\"lazy\" width=\"1000\" height=\"666\" src=\"https:\/\/www.uta.cl\/wp-content\/uploads\/2019\/06\/000_DSC_2945.jpg\" alt=\"\" data-id=\"9218\" data-link=\"https:\/\/www.uta.cl\/index.php\/2019\/06\/17\/con-masiva-asistencia-destacado-abogado-jose-luis-cea-egana-dicta-clase-magistral-impulso-o-detencion-en-la-regionalizacion-prevista-para-octubre-2020\/000_dsc_2945\/\" class=\"wp-image-9218\" srcset=\"https:\/\/www.uta.cl\/wp-content\/uploads\/2019\/06\/000_DSC_2945.jpg 1000w, https:\/\/www.uta.cl\/wp-content\/uploads\/2019\/06\/000_DSC_2945-300x200.jpg 300w, https:\/\/www.uta.cl\/wp-content\/uploads\/2019\/06\/000_DSC_2945-768x511.jpg 768w\" sizes=\"(max-width: 1000px) 100vw, 1000px\" \/><\/a><\/figure><\/li><li class=\"blocks-gallery-item\"><figure><a href=\"https:\/\/www.uta.cl\/wp-content\/uploads\/2019\/06\/000_DSC_2946.jpg\"><img loading=\"lazy\" width=\"1000\" height=\"666\" src=\"https:\/\/www.uta.cl\/wp-content\/uploads\/2019\/06\/000_DSC_2946.jpg\" alt=\"\" data-id=\"9219\" data-link=\"https:\/\/www.uta.cl\/index.php\/2019\/06\/17\/con-masiva-asistencia-destacado-abogado-jose-luis-cea-egana-dicta-clase-magistral-impulso-o-detencion-en-la-regionalizacion-prevista-para-octubre-2020\/000_dsc_2946\/\" class=\"wp-image-9219\" srcset=\"https:\/\/www.uta.cl\/wp-content\/uploads\/2019\/06\/000_DSC_2946.jpg 1000w, https:\/\/www.uta.cl\/wp-content\/uploads\/2019\/06\/000_DSC_2946-300x200.jpg 300w, https:\/\/www.uta.cl\/wp-content\/uploads\/2019\/06\/000_DSC_2946-768x511.jpg 768w\" sizes=\"(max-width: 1000px) 100vw, 1000px\" \/><\/a><\/figure><\/li><\/ul>\n","protected":false},"excerpt":{"rendered":"<p>\u201cEs aqu\u00ed en la UTA donde se puede iniciar un proceso de ayuda y colaboraci\u00f3n con quienes tienen que tomar las decisiones que son los parlamentarios y las autoridades del gobierno central, para que se haga un cambio positivo, bien hecho y oportuno. Falta poco tiempo por lo cual es un tema urgente\u201d, destac\u00f3 Jos\u00e9 Luis Cea Ega\u00f1a. <\/p>\n","protected":false},"author":3,"featured_media":9179,"comment_status":"open","ping_status":"open","sticky":false,"template":"","format":"standard","meta":[],"categories":[],"tags":[],"_links":{"self":[{"href":"https:\/\/www.uta.cl\/index.php\/wp-json\/wp\/v2\/posts\/9178"}],"collection":[{"href":"https:\/\/www.uta.cl\/index.php\/wp-json\/wp\/v2\/posts"}],"about":[{"href":"https:\/\/www.uta.cl\/index.php\/wp-json\/wp\/v2\/types\/post"}],"author":[{"embeddable":true,"href":"https:\/\/www.uta.cl\/index.php\/wp-json\/wp\/v2\/users\/3"}],"replies":[{"embeddable":true,"href":"https:\/\/www.uta.cl\/index.php\/wp-json\/wp\/v2\/comments?post=9178"}],"version-history":[{"count":2,"href":"https:\/\/www.uta.cl\/index.php\/wp-json\/wp\/v2\/posts\/9178\/revisions"}],"predecessor-version":[{"id":9220,"href":"https:\/\/www.uta.cl\/index.php\/wp-json\/wp\/v2\/posts\/9178\/revisions\/9220"}],"wp:featuredmedia":[{"embeddable":true,"href":"https:\/\/www.uta.cl\/index.php\/wp-json\/wp\/v2\/media\/9179"}],"wp:attachment":[{"href":"https:\/\/www.uta.cl\/index.php\/wp-json\/wp\/v2\/media?parent=9178"}],"wp:term":[{"taxonomy":"category","embeddable":true,"href":"https:\/\/www.uta.cl\/index.php\/wp-json\/wp\/v2\/categories?post=9178"},{"taxonomy":"post_tag","embeddable":true,"href":"https:\/\/www.uta.cl\/index.php\/wp-json\/wp\/v2\/tags?post=9178"}],"curies":[{"name":"wp","href":"https:\/\/api.w.org\/{rel}","templated":true}]}}