{"id":912,"date":"2018-11-12T19:27:14","date_gmt":"2018-11-12T19:27:14","guid":{"rendered":"http:\/\/www.uta.cl\/?p=912"},"modified":"2019-05-17T22:58:33","modified_gmt":"2019-05-17T22:58:33","slug":"orientadores-de-colegios-de-arica-participan-en-charla-dictada-por-la-oficina-de-equidad-y-genero-de-la-uta","status":"publish","type":"post","link":"https:\/\/www.uta.cl\/index.php\/2018\/11\/12\/orientadores-de-colegios-de-arica-participan-en-charla-dictada-por-la-oficina-de-equidad-y-genero-de-la-uta\/","title":{"rendered":"Orientadores de colegios de Arica participan en charla dictada por la Oficina de Equidad y G\u00e9nero de la UTA"},"content":{"rendered":"<p>La Coordinadora de Equidad de G\u00e9nero, Dra. Claudia Moraga Contreras, particip\u00f3 de las Jornadas de Orientadores que lleva adelante la Asociaci\u00f3n de Colegios Particulares de Arica (ADEP).<\/p>\n<p>En su tercera versi\u00f3n, desarrollada en dependencias del Colegio Saucache, asistieron orientadores y orientadoras de los colegios que forman parte de la ADEP y cont\u00f3 con la presencia del Director del colegio anfitri\u00f3n, don Guillermo Quintanilla Mu\u00f1oz y del presidente de la asociaci\u00f3n, don Omar Sagredo Nu\u00f1ez.<\/p>\n<p>Las jornadas tuvieron como prop\u00f3sito reflexionar y profundizar en el tema de diversidad sexual y la comunidad educativa, incorporando conocimientos y experiencias desde lo cultural, el aspecto legal y normativo y permitir as\u00ed, dar una gu\u00eda concreta, dirigida a todas y todos los miembros de la comunidad educativa con respecto al tema y obtener como insumo la construcci\u00f3n de un instrumento.<\/p>\n<p>Para alcanzar dicho prop\u00f3sito, la Dra. Moraga llev\u00f3 adelante la primera ponencia, titulada &#8220;Diversidad sexual y el rol de la comunidad educativa. Plan de afectividad, sexualidad y g\u00e9nero&#8221; en el que se abordaron conceptos claves para una adecuada intervenci\u00f3n en el aula que considere la diversidad hoy presente. La ponencia estuvo abordada en todo momento desde una perspectiva de Derechos Humanos, lo que permiti\u00f3 transmitir c\u00f3mo el no considerar el g\u00e9nero, la identidad de g\u00e9nero y la diversidad sexual implica un limite al ejercicio del derecho a la educaci\u00f3n de ni\u00f1as, ni\u00f1os y adolescentes.<\/p>\n<p>La segunda ponencia estuvo a cargo de don Eduardo Araya Contreras, representante de la Superintendencia de Educaci\u00f3n, lo que fue seguido por un interesante taller para reflexionar respecto de las jornadas y avanzar hacia un instrumento de abordaje al interior de cada comunidad educativa.<\/p>\n<p>Cabe destacar que esta actividad es una importante herramienta de Vinculaci\u00f3n con el medio, tratando temas contingentes y claves en la formaci\u00f3n de los estudiantes.<\/p>\n","protected":false},"excerpt":{"rendered":"<p>Ponencia abord\u00f3 conceptos claves para una adecuada intervenci\u00f3n en el aula que considere la diversidad.<\/p>\n","protected":false},"author":1,"featured_media":914,"comment_status":"open","ping_status":"open","sticky":false,"template":"","format":"standard","meta":[],"categories":[45],"tags":[],"_links":{"self":[{"href":"https:\/\/www.uta.cl\/index.php\/wp-json\/wp\/v2\/posts\/912"}],"collection":[{"href":"https:\/\/www.uta.cl\/index.php\/wp-json\/wp\/v2\/posts"}],"about":[{"href":"https:\/\/www.uta.cl\/index.php\/wp-json\/wp\/v2\/types\/post"}],"author":[{"embeddable":true,"href":"https:\/\/www.uta.cl\/index.php\/wp-json\/wp\/v2\/users\/1"}],"replies":[{"embeddable":true,"href":"https:\/\/www.uta.cl\/index.php\/wp-json\/wp\/v2\/comments?post=912"}],"version-history":[{"count":1,"href":"https:\/\/www.uta.cl\/index.php\/wp-json\/wp\/v2\/posts\/912\/revisions"}],"predecessor-version":[{"id":7412,"href":"https:\/\/www.uta.cl\/index.php\/wp-json\/wp\/v2\/posts\/912\/revisions\/7412"}],"wp:featuredmedia":[{"embeddable":true,"href":"https:\/\/www.uta.cl\/index.php\/wp-json\/wp\/v2\/media\/914"}],"wp:attachment":[{"href":"https:\/\/www.uta.cl\/index.php\/wp-json\/wp\/v2\/media?parent=912"}],"wp:term":[{"taxonomy":"category","embeddable":true,"href":"https:\/\/www.uta.cl\/index.php\/wp-json\/wp\/v2\/categories?post=912"},{"taxonomy":"post_tag","embeddable":true,"href":"https:\/\/www.uta.cl\/index.php\/wp-json\/wp\/v2\/tags?post=912"}],"curies":[{"name":"wp","href":"https:\/\/api.w.org\/{rel}","templated":true}]}}