{"id":9094,"date":"2019-06-12T14:02:34","date_gmt":"2019-06-12T14:02:34","guid":{"rendered":"https:\/\/www.uta.cl\/?p=9094"},"modified":"2019-06-12T14:02:34","modified_gmt":"2019-06-12T14:02:34","slug":"acreditacion-institucional-conociendo-la-experiencia-de-la-universidad-de-la-frontera","status":"publish","type":"post","link":"https:\/\/www.uta.cl\/index.php\/2019\/06\/12\/acreditacion-institucional-conociendo-la-experiencia-de-la-universidad-de-la-frontera\/","title":{"rendered":"Acreditaci\u00f3n Institucional: conociendo la experiencia de la Universidad de La Frontera"},"content":{"rendered":"\n<p>Invitada por la m\u00e1xima autoridad universitaria de la UTA, la Directora de Calidad Acad\u00e9mica de la UFRO, Martha Ram\u00edrez Valdivia, se reuni\u00f3 con el equipo de gesti\u00f3n para dar a conocer la exitosa gesti\u00f3n que realiz\u00f3 la Universidad de La Frontera para la obtenci\u00f3n de su \u00faltima acreditaci\u00f3n, consolid\u00e1ndola como una de las mejores instituciones de educaci\u00f3n superior del pa\u00eds.  <\/p>\n\n\n\n<figure class=\"wp-block-image\"><a href=\"https:\/\/www.uta.cl\/wp-content\/uploads\/2019\/06\/0000_0DSC_2745.jpg\"><img loading=\"lazy\" width=\"1000\" height=\"568\" src=\"https:\/\/www.uta.cl\/wp-content\/uploads\/2019\/06\/base-2.jpg\" alt=\"\" class=\"wp-image-9107\" srcset=\"https:\/\/www.uta.cl\/wp-content\/uploads\/2019\/06\/base-2.jpg 1000w, https:\/\/www.uta.cl\/wp-content\/uploads\/2019\/06\/base-2-300x170.jpg 300w, https:\/\/www.uta.cl\/wp-content\/uploads\/2019\/06\/base-2-768x436.jpg 768w\" sizes=\"(max-width: 1000px) 100vw, 1000px\" \/><\/a><figcaption>Martha Ram\u00edrez Valdivia, Directora de Calidad Acad\u00e9mica de la UFRO junto al Rector de la UTA Dr. Emilio Rodr\u00edguez Ponce.<\/figcaption><\/figure>\n\n\n\n<p>El encuentro estuvo encabezado por la Vicerrectora de Desarrollo Estrat\u00e9gico, Dra. Jenniffer Peralta Montecinos y el Director de Calidad Institucional, Hernando Bustos Andreu, adem\u00e1s de contar con la presencia de Ricardo Reich Albertz quien fuera coordinador general del Programa Mejoramiento de la Calidad en Educaci\u00f3n Superior (MECESUP) del Ministerio de Educaci\u00f3n y quien actualmente asesora a la Universidad de Tarapac\u00e1.<\/p>\n\n\n\n<p>La instancia permiti\u00f3 a los directivos conocer cada uno de los pasos estrat\u00e9gicos que trabaj\u00f3 la UFRO con la finalidad de obtener la acreditaci\u00f3n institucional. \u201cLa consolidaci\u00f3n de una gesti\u00f3n basada en resultados principalmente  en investigaci\u00f3n y postgrado, que nos ubicaron entre las mejores del pa\u00eds aumentando nuestro valor de marca UFRO. Contamos con un pregrado pertinente y vinculaci\u00f3n con el medio s\u00f3lida reconocida como Universidad Patrimonio de la ciudad de Temuco. Se cuenta con sistemas de informaci\u00f3n integrados que aportan a la toma de decisiones donde buscamos ser, a escala, una peque\u00f1a universidad en t\u00e9rminos de complejidad adem\u00e1s de exhibir unidades y servicios de calidad, referentes a nivel nacional\u201d, expres\u00f3 la Directora de Calidad Acad\u00e9mica de la Universidad de la Frontera (UFRO), Martha Ram\u00edrez Valdivia. <\/p>\n\n\n\n<p>En su presentaci\u00f3n titulada \u201cEstrategia de calidad en las instituciones de educaci\u00f3n superior\u201d, Martha Ram\u00edrez consider\u00f3 dos etapas: la primera de ellas fue enfocada en dar a conocer c\u00f3mo fue el desarrollo del proceso de autoevaluaci\u00f3n y luego el de acreditaci\u00f3n, donde se coment\u00f3 la estrategia que se utiliz\u00f3 tanto del dise\u00f1o del proceso como el dise\u00f1o de la comunicaci\u00f3n, el cual ser\u00eda el cambio diferenciador del proceso que ocurri\u00f3 en la Universidad de La Frontera. La segunda etapa se concentr\u00f3 en conversar sobre la estructura que utiliz\u00f3 la UFRO y lo que aprendi\u00f3, siendo el aspecto m\u00e1s importante para poder replicarlo. Finalmente, Martha Ram\u00edrez expuso sobre el trabajo que se realiza en paralelo al proceso de autoevaluaci\u00f3n respecto al desarrollo de su sistema interno de aseguramiento de la gesti\u00f3n de la calidad, donde se convers\u00f3 sobre los reglamentos, el contexto, los avances que tiene, los desaf\u00edos pendientes y c\u00f3mo abordarlos, y los problemas a los cuales se enfrentan.<\/p>\n\n\n\n<p>Respecto a la invitaci\u00f3n cursada por la Universidad de Tarapac\u00e1, Martha Ram\u00edrez Valdivia indic\u00f3 que, \u201cfui invitada por el Rector Emilio Rodr\u00edguez en el mes de enero cuando vine a presentar ante el Consejo de Rectores de las Universidades Chilenas el proceso de autoevaluaci\u00f3n, me dej\u00f3 invitada a venir y hoy estoy feliz de compartir con esta Universidad estatal y regional, que tambi\u00e9n surge como nosotros, de la funci\u00f3n de otras instituciones que exist\u00edan en los a\u00f1os 80 y que nos permite colaborar y hacer realidad lo que el CRUCH quiere en cuanto a que la universidad p\u00fablica y estatal sea de calidad\u201d.  <\/p>\n\n\n\n<p>Por su parte, el Director de Calidad Institucional de la UTA, Hernando Bustos Andreu, se refiri\u00f3 a la participaci\u00f3n de la Directora de Calidad Acad\u00e9mica de la UFRO, destacando que, \u201ces muy relevante para nosotros que ellos vengan a contarnos lo que hicieron, sobre sus procesos y que nos muestren c\u00f3mo han enfrentado todo este trabajo del sistema de gesti\u00f3n de la calidad que han desarrollado y siguen desarrollando, trabajo de mucho tiempo, el cual nosotros estamos comenzando a realizar\u201d. <\/p>\n\n\n\n<p>\u201cNuestra Universidad tiene alrededor del 90% de las carreras acreditadas, estamos acreditados institucionalmente, por lo tanto, tenemos elementos de calidad que utilizamos de control y aseguramiento de la calidad, pero todo ello debemos tomarlo y sistematizarlo, es decir, construir un sistema de gesti\u00f3n de la calidad. Ello es una tarea compleja, que toma mucho tiempo y en este contexto, la UFRO tiene experiencia de al menos dos a\u00f1os en la construcci\u00f3n de este sistema, lo cual nos va a permitir ver en qu\u00e9 situaci\u00f3n estamos, cu\u00e1les son las complejidades que vamos a tener que enfrentar y que tenemos que vencer y que finalmente nos va a ayudar a tener un proceso m\u00e1s r\u00e1pido y tomar las salvaguardias correspondientes para poder implementar nuestro sistema\u201d, agreg\u00f3 el Director de Calidad Institucional de la Universidad de Tarapac\u00e1. <\/p>\n\n\n\n<p>Posteriormente, Ricardo Reich Albertz expuso el tema \u201cAutorregulaci\u00f3n y gesti\u00f3n de cambio acad\u00e9mico\u201d, en el cual hizo referencia a tres \u00e9pocas en la cual la autorregulaci\u00f3n se basaba en evaluar procesos y resultados a la luz de criterios de evaluaci\u00f3n y los prop\u00f3sitos internos con el prop\u00f3sito del mejoramiento de la calidad. \u201cEn este encuentro mi objetivo fue recordar algunas experiencias de un proceso de autorregulaci\u00f3n que se implement\u00f3 en la Universidad de Concepci\u00f3n entre el a\u00f1o 1992 y 1998, antes que comenzaran los procesos experimentales de acreditaci\u00f3n y la Ley de la Comisi\u00f3n Nacional de Acreditaci\u00f3n (CNA), es decir, antes de la formalizaci\u00f3n en el pa\u00eds y eso lo realizamos por seis a\u00f1os donde adem\u00e1s contamos con recursos para poder incentivar a que esto se pudiera hacer y poder implementar en parte, los planes de mejoramiento\u201d. <\/p>\n\n\n\n<p>Previamente al encuentro, Martha Ram\u00edrez Valdivia se reuni\u00f3 con el Rector de la Universidad de Tarapac\u00e1, Dr. Emilio Rodr\u00edguez Ponce y por la tarde, sostuvo una reuni\u00f3n con todo el equipo de profesionales de la Direcci\u00f3n de Calidad Institucional con la finalidad de conversar en mayor profundidad e intercambiar opiniones respecto al mejoramiento de la calidad, procesos de autoevaluaci\u00f3n y acreditaci\u00f3n institucional. <\/p>\n\n\n\n<ul class=\"wp-block-gallery columns-3 is-cropped\"><li class=\"blocks-gallery-item\"><figure><a href=\"https:\/\/www.uta.cl\/wp-content\/uploads\/2019\/06\/0000_0DSC_2775.jpg\"><img loading=\"lazy\" width=\"1000\" height=\"666\" src=\"https:\/\/www.uta.cl\/wp-content\/uploads\/2019\/06\/0000_0DSC_2775.jpg\" alt=\"\" data-id=\"9106\" data-link=\"https:\/\/www.uta.cl\/?attachment_id=9106\" class=\"wp-image-9106\" srcset=\"https:\/\/www.uta.cl\/wp-content\/uploads\/2019\/06\/0000_0DSC_2775.jpg 1000w, https:\/\/www.uta.cl\/wp-content\/uploads\/2019\/06\/0000_0DSC_2775-300x200.jpg 300w, https:\/\/www.uta.cl\/wp-content\/uploads\/2019\/06\/0000_0DSC_2775-768x511.jpg 768w\" sizes=\"(max-width: 1000px) 100vw, 1000px\" \/><\/a><\/figure><\/li><li class=\"blocks-gallery-item\"><figure><a href=\"https:\/\/www.uta.cl\/wp-content\/uploads\/2019\/06\/0000_0DSC_2774.jpg\"><img loading=\"lazy\" width=\"1000\" height=\"666\" src=\"https:\/\/www.uta.cl\/wp-content\/uploads\/2019\/06\/0000_0DSC_2774.jpg\" alt=\"\" data-id=\"9105\" data-link=\"https:\/\/www.uta.cl\/?attachment_id=9105\" class=\"wp-image-9105\" srcset=\"https:\/\/www.uta.cl\/wp-content\/uploads\/2019\/06\/0000_0DSC_2774.jpg 1000w, https:\/\/www.uta.cl\/wp-content\/uploads\/2019\/06\/0000_0DSC_2774-300x200.jpg 300w, https:\/\/www.uta.cl\/wp-content\/uploads\/2019\/06\/0000_0DSC_2774-768x511.jpg 768w\" sizes=\"(max-width: 1000px) 100vw, 1000px\" \/><\/a><\/figure><\/li><li class=\"blocks-gallery-item\"><figure><a href=\"https:\/\/www.uta.cl\/wp-content\/uploads\/2019\/06\/0000_0DSC_2769.jpg\"><img loading=\"lazy\" width=\"1000\" height=\"666\" src=\"https:\/\/www.uta.cl\/wp-content\/uploads\/2019\/06\/0000_0DSC_2769.jpg\" alt=\"\" data-id=\"9104\" data-link=\"https:\/\/www.uta.cl\/?attachment_id=9104\" class=\"wp-image-9104\" srcset=\"https:\/\/www.uta.cl\/wp-content\/uploads\/2019\/06\/0000_0DSC_2769.jpg 1000w, https:\/\/www.uta.cl\/wp-content\/uploads\/2019\/06\/0000_0DSC_2769-300x200.jpg 300w, https:\/\/www.uta.cl\/wp-content\/uploads\/2019\/06\/0000_0DSC_2769-768x511.jpg 768w\" sizes=\"(max-width: 1000px) 100vw, 1000px\" \/><\/a><\/figure><\/li><li class=\"blocks-gallery-item\"><figure><a href=\"https:\/\/www.uta.cl\/wp-content\/uploads\/2019\/06\/0000_0DSC_2763.jpg\"><img loading=\"lazy\" width=\"1000\" height=\"666\" src=\"https:\/\/www.uta.cl\/wp-content\/uploads\/2019\/06\/0000_0DSC_2763.jpg\" alt=\"\" data-id=\"9103\" data-link=\"https:\/\/www.uta.cl\/?attachment_id=9103\" class=\"wp-image-9103\" srcset=\"https:\/\/www.uta.cl\/wp-content\/uploads\/2019\/06\/0000_0DSC_2763.jpg 1000w, https:\/\/www.uta.cl\/wp-content\/uploads\/2019\/06\/0000_0DSC_2763-300x200.jpg 300w, https:\/\/www.uta.cl\/wp-content\/uploads\/2019\/06\/0000_0DSC_2763-768x511.jpg 768w\" sizes=\"(max-width: 1000px) 100vw, 1000px\" \/><\/a><\/figure><\/li><li class=\"blocks-gallery-item\"><figure><a href=\"https:\/\/www.uta.cl\/wp-content\/uploads\/2019\/06\/0000_0DSC_2759.jpg\"><img loading=\"lazy\" width=\"1000\" height=\"666\" src=\"https:\/\/www.uta.cl\/wp-content\/uploads\/2019\/06\/0000_0DSC_2759.jpg\" alt=\"\" data-id=\"9102\" data-link=\"https:\/\/www.uta.cl\/?attachment_id=9102\" class=\"wp-image-9102\" srcset=\"https:\/\/www.uta.cl\/wp-content\/uploads\/2019\/06\/0000_0DSC_2759.jpg 1000w, https:\/\/www.uta.cl\/wp-content\/uploads\/2019\/06\/0000_0DSC_2759-300x200.jpg 300w, https:\/\/www.uta.cl\/wp-content\/uploads\/2019\/06\/0000_0DSC_2759-768x511.jpg 768w\" sizes=\"(max-width: 1000px) 100vw, 1000px\" \/><\/a><\/figure><\/li><li class=\"blocks-gallery-item\"><figure><a href=\"https:\/\/www.uta.cl\/wp-content\/uploads\/2019\/06\/0000_0DSC_2758.jpg\"><img loading=\"lazy\" width=\"1000\" height=\"666\" src=\"https:\/\/www.uta.cl\/wp-content\/uploads\/2019\/06\/0000_0DSC_2758.jpg\" alt=\"\" data-id=\"9101\" data-link=\"https:\/\/www.uta.cl\/?attachment_id=9101\" class=\"wp-image-9101\" srcset=\"https:\/\/www.uta.cl\/wp-content\/uploads\/2019\/06\/0000_0DSC_2758.jpg 1000w, https:\/\/www.uta.cl\/wp-content\/uploads\/2019\/06\/0000_0DSC_2758-300x200.jpg 300w, https:\/\/www.uta.cl\/wp-content\/uploads\/2019\/06\/0000_0DSC_2758-768x511.jpg 768w\" sizes=\"(max-width: 1000px) 100vw, 1000px\" \/><\/a><\/figure><\/li><li class=\"blocks-gallery-item\"><figure><a href=\"https:\/\/www.uta.cl\/wp-content\/uploads\/2019\/06\/0000_0DSC_2757.jpg\"><img loading=\"lazy\" width=\"1000\" height=\"666\" src=\"https:\/\/www.uta.cl\/wp-content\/uploads\/2019\/06\/0000_0DSC_2757.jpg\" alt=\"\" data-id=\"9100\" data-link=\"https:\/\/www.uta.cl\/?attachment_id=9100\" class=\"wp-image-9100\" srcset=\"https:\/\/www.uta.cl\/wp-content\/uploads\/2019\/06\/0000_0DSC_2757.jpg 1000w, https:\/\/www.uta.cl\/wp-content\/uploads\/2019\/06\/0000_0DSC_2757-300x200.jpg 300w, https:\/\/www.uta.cl\/wp-content\/uploads\/2019\/06\/0000_0DSC_2757-768x511.jpg 768w\" sizes=\"(max-width: 1000px) 100vw, 1000px\" \/><\/a><\/figure><\/li><li class=\"blocks-gallery-item\"><figure><a href=\"https:\/\/www.uta.cl\/wp-content\/uploads\/2019\/06\/0000_0DSC_2755.jpg\"><img loading=\"lazy\" width=\"1000\" height=\"666\" src=\"https:\/\/www.uta.cl\/wp-content\/uploads\/2019\/06\/0000_0DSC_2755.jpg\" alt=\"\" data-id=\"9099\" data-link=\"https:\/\/www.uta.cl\/?attachment_id=9099\" class=\"wp-image-9099\" srcset=\"https:\/\/www.uta.cl\/wp-content\/uploads\/2019\/06\/0000_0DSC_2755.jpg 1000w, https:\/\/www.uta.cl\/wp-content\/uploads\/2019\/06\/0000_0DSC_2755-300x200.jpg 300w, https:\/\/www.uta.cl\/wp-content\/uploads\/2019\/06\/0000_0DSC_2755-768x511.jpg 768w\" sizes=\"(max-width: 1000px) 100vw, 1000px\" \/><\/a><\/figure><\/li><li class=\"blocks-gallery-item\"><figure><a href=\"https:\/\/www.uta.cl\/wp-content\/uploads\/2019\/06\/0000_0DSC_2753.jpg\"><img loading=\"lazy\" width=\"1000\" height=\"666\" src=\"https:\/\/www.uta.cl\/wp-content\/uploads\/2019\/06\/0000_0DSC_2753.jpg\" alt=\"\" data-id=\"9098\" data-link=\"https:\/\/www.uta.cl\/?attachment_id=9098\" class=\"wp-image-9098\" srcset=\"https:\/\/www.uta.cl\/wp-content\/uploads\/2019\/06\/0000_0DSC_2753.jpg 1000w, https:\/\/www.uta.cl\/wp-content\/uploads\/2019\/06\/0000_0DSC_2753-300x200.jpg 300w, https:\/\/www.uta.cl\/wp-content\/uploads\/2019\/06\/0000_0DSC_2753-768x511.jpg 768w\" sizes=\"(max-width: 1000px) 100vw, 1000px\" \/><\/a><\/figure><\/li><li class=\"blocks-gallery-item\"><figure><a href=\"https:\/\/www.uta.cl\/wp-content\/uploads\/2019\/06\/0000_0DSC_2751.jpg\"><img loading=\"lazy\" width=\"1000\" height=\"666\" src=\"https:\/\/www.uta.cl\/wp-content\/uploads\/2019\/06\/0000_0DSC_2751.jpg\" alt=\"\" data-id=\"9097\" data-link=\"https:\/\/www.uta.cl\/?attachment_id=9097\" class=\"wp-image-9097\" srcset=\"https:\/\/www.uta.cl\/wp-content\/uploads\/2019\/06\/0000_0DSC_2751.jpg 1000w, https:\/\/www.uta.cl\/wp-content\/uploads\/2019\/06\/0000_0DSC_2751-300x200.jpg 300w, https:\/\/www.uta.cl\/wp-content\/uploads\/2019\/06\/0000_0DSC_2751-768x511.jpg 768w\" sizes=\"(max-width: 1000px) 100vw, 1000px\" \/><\/a><\/figure><\/li><li class=\"blocks-gallery-item\"><figure><a href=\"https:\/\/www.uta.cl\/wp-content\/uploads\/2019\/06\/0000_0DSC_2750.jpg\"><img loading=\"lazy\" width=\"1000\" height=\"666\" src=\"https:\/\/www.uta.cl\/wp-content\/uploads\/2019\/06\/0000_0DSC_2750.jpg\" alt=\"\" data-id=\"9096\" data-link=\"https:\/\/www.uta.cl\/?attachment_id=9096\" class=\"wp-image-9096\" srcset=\"https:\/\/www.uta.cl\/wp-content\/uploads\/2019\/06\/0000_0DSC_2750.jpg 1000w, https:\/\/www.uta.cl\/wp-content\/uploads\/2019\/06\/0000_0DSC_2750-300x200.jpg 300w, https:\/\/www.uta.cl\/wp-content\/uploads\/2019\/06\/0000_0DSC_2750-768x511.jpg 768w\" sizes=\"(max-width: 1000px) 100vw, 1000px\" \/><\/a><\/figure><\/li><li class=\"blocks-gallery-item\"><figure><a href=\"https:\/\/www.uta.cl\/wp-content\/uploads\/2019\/06\/0000_0DSC_2745.jpg\"><img loading=\"lazy\" width=\"1000\" height=\"666\" src=\"https:\/\/www.uta.cl\/wp-content\/uploads\/2019\/06\/0000_0DSC_2745.jpg\" alt=\"\" data-id=\"9095\" data-link=\"https:\/\/www.uta.cl\/?attachment_id=9095\" class=\"wp-image-9095\" srcset=\"https:\/\/www.uta.cl\/wp-content\/uploads\/2019\/06\/0000_0DSC_2745.jpg 1000w, https:\/\/www.uta.cl\/wp-content\/uploads\/2019\/06\/0000_0DSC_2745-300x200.jpg 300w, https:\/\/www.uta.cl\/wp-content\/uploads\/2019\/06\/0000_0DSC_2745-768x511.jpg 768w\" sizes=\"(max-width: 1000px) 100vw, 1000px\" \/><\/a><\/figure><\/li><\/ul>\n","protected":false},"excerpt":{"rendered":"<p>Este mi\u00e9rcoles 5 de junio, el equipo de gesti\u00f3n de la Universidad de Tarapac\u00e1 sostuvo una reuni\u00f3n de trabajo con la Directora de Calidad Acad\u00e9mica de la UFRO, Martha Ram\u00edrez Valdivia, quien expuso el tema \u201cEstrategia de calidad en las instituciones de educaci\u00f3n superior\u201d, para luego reunirse con el equipo de la Direcci\u00f3n de Calidad Institucional de esta Casa de Estudios Superiores.<\/p>\n","protected":false},"author":3,"featured_media":9107,"comment_status":"open","ping_status":"open","sticky":false,"template":"","format":"standard","meta":[],"categories":[],"tags":[],"_links":{"self":[{"href":"https:\/\/www.uta.cl\/index.php\/wp-json\/wp\/v2\/posts\/9094"}],"collection":[{"href":"https:\/\/www.uta.cl\/index.php\/wp-json\/wp\/v2\/posts"}],"about":[{"href":"https:\/\/www.uta.cl\/index.php\/wp-json\/wp\/v2\/types\/post"}],"author":[{"embeddable":true,"href":"https:\/\/www.uta.cl\/index.php\/wp-json\/wp\/v2\/users\/3"}],"replies":[{"embeddable":true,"href":"https:\/\/www.uta.cl\/index.php\/wp-json\/wp\/v2\/comments?post=9094"}],"version-history":[{"count":1,"href":"https:\/\/www.uta.cl\/index.php\/wp-json\/wp\/v2\/posts\/9094\/revisions"}],"predecessor-version":[{"id":9108,"href":"https:\/\/www.uta.cl\/index.php\/wp-json\/wp\/v2\/posts\/9094\/revisions\/9108"}],"wp:featuredmedia":[{"embeddable":true,"href":"https:\/\/www.uta.cl\/index.php\/wp-json\/wp\/v2\/media\/9107"}],"wp:attachment":[{"href":"https:\/\/www.uta.cl\/index.php\/wp-json\/wp\/v2\/media?parent=9094"}],"wp:term":[{"taxonomy":"category","embeddable":true,"href":"https:\/\/www.uta.cl\/index.php\/wp-json\/wp\/v2\/categories?post=9094"},{"taxonomy":"post_tag","embeddable":true,"href":"https:\/\/www.uta.cl\/index.php\/wp-json\/wp\/v2\/tags?post=9094"}],"curies":[{"name":"wp","href":"https:\/\/api.w.org\/{rel}","templated":true}]}}