{"id":9076,"date":"2019-06-10T21:54:24","date_gmt":"2019-06-10T21:54:24","guid":{"rendered":"https:\/\/www.uta.cl\/?p=9076"},"modified":"2019-06-10T21:54:24","modified_gmt":"2019-06-10T21:54:24","slug":"la-uta-invita-a-sus-academicos-a-una-nueva-jornada-de-perfeccionamiento-interno","status":"publish","type":"post","link":"https:\/\/www.uta.cl\/index.php\/2019\/06\/10\/la-uta-invita-a-sus-academicos-a-una-nueva-jornada-de-perfeccionamiento-interno\/","title":{"rendered":"La UTA invita a sus acad\u00e9micos a una nueva jornada de perfeccionamiento interno"},"content":{"rendered":"\n<p>La Universidad de Tarapac\u00e1, a trav\u00e9s de la Direcci\u00f3n de Docencia invitan a todos los acad\u00e9micos de la instituci\u00f3n a participar de una nueva fase de perfeccionamiento a cargo del \u00c1rea de Desarrollo Acad\u00e9mico de dicha unidad, actividades que se han estado desarrollando con \u00e9xito durante el presente semestre acad\u00e9mico.<\/p>\n\n\n\n<figure class=\"wp-block-image\"><a href=\"https:\/\/www.uta.cl\/wp-content\/uploads\/2019\/06\/Flyer-Junio-2019-Arica.png\"><img loading=\"lazy\" width=\"1000\" height=\"562\" src=\"https:\/\/www.uta.cl\/wp-content\/uploads\/2019\/06\/Flyer-Junio-2019-Arica.png\" alt=\"\" class=\"wp-image-9077\" srcset=\"https:\/\/www.uta.cl\/wp-content\/uploads\/2019\/06\/Flyer-Junio-2019-Arica.png 1000w, https:\/\/www.uta.cl\/wp-content\/uploads\/2019\/06\/Flyer-Junio-2019-Arica-300x169.png 300w, https:\/\/www.uta.cl\/wp-content\/uploads\/2019\/06\/Flyer-Junio-2019-Arica-768x432.png 768w\" sizes=\"(max-width: 1000px) 100vw, 1000px\" \/><\/a><\/figure>\n\n\n\n<p>Esta experiencia ha significado para el equipo relator y los asistentes a los talleres reflexionar en conjunto, estudiar y traducir ese conocimiento en acciones concretas a trav\u00e9s de la implementaci\u00f3n de nuevas iniciativas de innovaci\u00f3n en el aula, conformando as\u00ed un ciclo de mejoramiento en una comunidad en la que todos buscan aprender en forma permanente, tal como lo declara el Modelo Educativo Institucional.<\/p>\n\n\n\n<p>Los cursos de perfeccionamiento interno, que se llevaran a efecto durante los d\u00edas 14 al 20 de junio de 2019 se realizaran en la sala 207 del aulario C en la Casa Central de la Universidad y son los siguientes:<\/p>\n\n\n\n<pre class=\"wp-block-code\"><code>\u2022 Viernes 14 de junio de 09:40 a 13:00 horas. (GRUPO A)<\/code><\/pre>\n\n\n\n<p>CURSO TIC: eLEARN B\u00c1SICO<\/p>\n\n\n\n<p>Plataforma digital para el aprendizaje: Taller de 4hrs sobre uso de plataforma educativa eLearn &nbsp;&nbsp;&nbsp;para el desarrollo de innovaciones educativas con TIC en modalidades organizativas presenciales, semi-presenciales y a distancia.<\/p>\n\n\n\n<pre class=\"wp-block-code\"><code>\u2022 Mi\u00e9rcoles 19 de junio de 09:30 a 13:00 horas. (GRUPO B)<\/code><\/pre>\n\n\n\n<p>CURSO TIC: eLEARN B\u00c1SICO<\/p>\n\n\n\n<p>Plataforma digital para el aprendizaje: Taller de 4hrs sobre uso de plataforma educativa eLearn &nbsp;&nbsp;&nbsp;para el desarrollo de innovaciones educativas con TIC en modalidades organizativas presenciales, semi-presenciales y a distancia.<\/p>\n\n\n\n<p>Segunda versi\u00f3n del curso Syllabus semi-presencial de 4 m\u00f3dulos.<\/p>\n\n\n\n<pre class=\"wp-block-code\"><code>\u2022 Lunes 17 de junio de 16:20 a 19:15 horas. (GRUPO A)<\/code><\/pre>\n\n\n\n<p>CURSO SYLLABUS: M\u00d3DULO 3 \u2013 EVALUACI\u00d3N (TE\u00d3RICO)<\/p>\n\n\n\n<pre class=\"wp-block-code\"><code>\u2022 Martes 18 de junio de 16:20 a 19:15 horas (GRUPO B)<\/code><\/pre>\n\n\n\n<p>CURSO SYLLABUS: M\u00d3DULO 3 \u2013 EVALUACI\u00d3N (TE\u00d3RICO)<\/p>\n\n\n\n<pre class=\"wp-block-code\"><code>\u2022 Mi\u00e9rcoles 19 de junio de 16:20 a 19:15 horas (GRUPO A)<\/code><\/pre>\n\n\n\n<p>CURSO SYLLABUS: M\u00d3DULO 3 \u2013 EVALUACI\u00d3N (PR\u00c1CTICO)<\/p>\n\n\n\n<pre class=\"wp-block-code\"><code>\u2022 Jueves 20 de junio de 16:20 a 19:15 horas (GRUPO B)<\/code><\/pre>\n\n\n\n<p>CURSO SYLLABUS: M\u00d3DULO 3 \u2013 EVALUACI\u00d3N (PR\u00c1CTICO) <\/p>\n\n\n\n<p>Los interesados deber\u00e1n inscribirse a trav\u00e9s del enlace: http:\/\/bit.do\/cursosjunio_ari y ante cualquier duda o consulta pueden escribir al correo desarrollodocenteuta@academicos.uta.cl o llamar al anexo 5719. Adem\u00e1s, es importante recalcar que todos los cursos impartidos por la Direcci\u00f3n de Docencia cuentan con constancia de Perfeccionamiento Interno una vez aprobados, siendo oficializados posteriormente por la Vicerrector\u00eda Acad\u00e9mica.<\/p>\n\n\n\n<p>ENLACE DE INSCRIPCI\u00d3N ALTERNATIVO: <a rel=\"noreferrer noopener\" aria-label=\" (abre en una nueva pesta\u00f1a)\" href=\"https:\/\/forms.gle\/wPm2uPBqGX612WP17 \" target=\"_blank\">https:\/\/forms.gle\/wPm2uPBqGX612WP17 <\/a><\/p>\n","protected":false},"excerpt":{"rendered":"<p>Buena valoraci\u00f3n han tenido los cursos y talleres realizados hasta el momento por parte de los asistentes. <\/p>\n","protected":false},"author":3,"featured_media":9077,"comment_status":"open","ping_status":"open","sticky":false,"template":"","format":"standard","meta":[],"categories":[48],"tags":[],"_links":{"self":[{"href":"https:\/\/www.uta.cl\/index.php\/wp-json\/wp\/v2\/posts\/9076"}],"collection":[{"href":"https:\/\/www.uta.cl\/index.php\/wp-json\/wp\/v2\/posts"}],"about":[{"href":"https:\/\/www.uta.cl\/index.php\/wp-json\/wp\/v2\/types\/post"}],"author":[{"embeddable":true,"href":"https:\/\/www.uta.cl\/index.php\/wp-json\/wp\/v2\/users\/3"}],"replies":[{"embeddable":true,"href":"https:\/\/www.uta.cl\/index.php\/wp-json\/wp\/v2\/comments?post=9076"}],"version-history":[{"count":1,"href":"https:\/\/www.uta.cl\/index.php\/wp-json\/wp\/v2\/posts\/9076\/revisions"}],"predecessor-version":[{"id":9078,"href":"https:\/\/www.uta.cl\/index.php\/wp-json\/wp\/v2\/posts\/9076\/revisions\/9078"}],"wp:featuredmedia":[{"embeddable":true,"href":"https:\/\/www.uta.cl\/index.php\/wp-json\/wp\/v2\/media\/9077"}],"wp:attachment":[{"href":"https:\/\/www.uta.cl\/index.php\/wp-json\/wp\/v2\/media?parent=9076"}],"wp:term":[{"taxonomy":"category","embeddable":true,"href":"https:\/\/www.uta.cl\/index.php\/wp-json\/wp\/v2\/categories?post=9076"},{"taxonomy":"post_tag","embeddable":true,"href":"https:\/\/www.uta.cl\/index.php\/wp-json\/wp\/v2\/tags?post=9076"}],"curies":[{"name":"wp","href":"https:\/\/api.w.org\/{rel}","templated":true}]}}