{"id":9064,"date":"2019-06-10T21:42:59","date_gmt":"2019-06-10T21:42:59","guid":{"rendered":"https:\/\/www.uta.cl\/?p=9064"},"modified":"2019-06-10T21:42:59","modified_gmt":"2019-06-10T21:42:59","slug":"perfeccionamiento-docente-para-los-academicos-de-la-sede-iquique-se-realizo-con-exito","status":"publish","type":"post","link":"https:\/\/www.uta.cl\/index.php\/2019\/06\/10\/perfeccionamiento-docente-para-los-academicos-de-la-sede-iquique-se-realizo-con-exito\/","title":{"rendered":"Perfeccionamiento docente para los acad\u00e9micos de la Sede Iquique se realiz\u00f3 con \u00e9xito"},"content":{"rendered":"\n<p>Cuatro fueron los cursos que se realizaron durante el mes de mayo para los acad\u00e9micos en el marco de un nuevo ciclo de perfeccionamiento interno en la&nbsp;Universidad de Tarapac\u00e1 en la Sede Iquique, iniciativa conjunta entre la Direcci\u00f3n de Docencia y la Direcci\u00f3n Acad\u00e9mica de sede.<\/p>\n\n\n\n<figure class=\"wp-block-image\"><img loading=\"lazy\" width=\"700\" height=\"525\" src=\"https:\/\/www.uta.cl\/wp-content\/uploads\/2019\/06\/perfcc-iqq-copia.jpg\" alt=\"\" class=\"wp-image-9065\" srcset=\"https:\/\/www.uta.cl\/wp-content\/uploads\/2019\/06\/perfcc-iqq-copia.jpg 700w, https:\/\/www.uta.cl\/wp-content\/uploads\/2019\/06\/perfcc-iqq-copia-300x225.jpg 300w\" sizes=\"(max-width: 700px) 100vw, 700px\" \/><\/figure>\n\n\n\n<p>La propuesta perfeccionamiento implementada fue pertinente a la realidad y el contexto de la sede universitaria y obedece a un diagn\u00f3stico de necesidades formativas realizada por la Direcci\u00f3n Acad\u00e9mica de Sede. Programa de perfeccionamiento que se llev\u00f3 a efecto entre los d\u00edas 15 y 17 de mayo de 2019. <\/p>\n\n\n\n<figure class=\"wp-block-image\"><img loading=\"lazy\" width=\"900\" height=\"225\" src=\"https:\/\/www.uta.cl\/wp-content\/uploads\/2019\/06\/perfecc_iqq_4.png\" alt=\"\" class=\"wp-image-9068\" srcset=\"https:\/\/www.uta.cl\/wp-content\/uploads\/2019\/06\/perfecc_iqq_4.png 900w, https:\/\/www.uta.cl\/wp-content\/uploads\/2019\/06\/perfecc_iqq_4-300x75.png 300w, https:\/\/www.uta.cl\/wp-content\/uploads\/2019\/06\/perfecc_iqq_4-768x192.png 768w\" sizes=\"(max-width: 900px) 100vw, 900px\" \/><\/figure>\n\n\n\n<p>Los cursos impartidos por los profesionales de la Direcci\u00f3n de Docencia, Sonia C\u00e1rdenas Begazo y Mario Due\u00f1as Zorrilla, abarcaron diferentes tem\u00e1ticas atingentes a las necesidades detectadas y manifestadas por los docentes, y fueron las siguientes:<\/p>\n\n\n\n<p>INDUCCI\u00d3N DOCENTES RECIENTE INGRESO:<\/p>\n\n\n\n<p>Taller orientado a profesores de reciente ingreso (2017-2019), esencial para orientar la docencia superior a un proceso centrado en el estudiante.  <\/p>\n\n\n\n<p>CURSO COMPETENCIAS TIC DOCENTES: POWERPOINT B\u00c1SICO.<\/p>\n\n\n\n<p>Curso sobre t\u00e9cnicas b\u00e1sicas para dise\u00f1ar materiales de apoyo formativos con alto valor educativo.<\/p>\n\n\n\n<figure class=\"wp-block-image\"><img loading=\"lazy\" width=\"900\" height=\"225\" src=\"https:\/\/www.uta.cl\/wp-content\/uploads\/2019\/06\/perfecc_iqq_3.jpg\" alt=\"\" class=\"wp-image-9067\" srcset=\"https:\/\/www.uta.cl\/wp-content\/uploads\/2019\/06\/perfecc_iqq_3.jpg 900w, https:\/\/www.uta.cl\/wp-content\/uploads\/2019\/06\/perfecc_iqq_3-300x75.jpg 300w, https:\/\/www.uta.cl\/wp-content\/uploads\/2019\/06\/perfecc_iqq_3-768x192.jpg 768w\" sizes=\"(max-width: 900px) 100vw, 900px\" \/><\/figure>\n\n\n\n<p>M\u00d3DULO 1: RESULTADOS DE APRENDIZAJE &#8211; CURSO CONSTRUCCI\u00d3N DE SYLLABUS<\/p>\n\n\n\n<p>M\u00f3dulo parte del curso de semipresencial de construcci\u00f3n de syllabus, requerido para la concreci\u00f3n de la innovaci\u00f3n curricular.<\/p>\n\n\n\n<p>CURSO COMPETENCIAS TIC DOCENTES: ADMINISTRADOR DE CURSOS DE INTRANET<\/p>\n\n\n\n<p>Curso sobre la adecuada configuraci\u00f3n e implementaci\u00f3n de la(s) asignatura(s) en los sistemas de gesti\u00f3n institucionales.<\/p>\n\n\n\n<figure class=\"wp-block-image\"><img loading=\"lazy\" width=\"900\" height=\"335\" src=\"https:\/\/www.uta.cl\/wp-content\/uploads\/2019\/06\/perfecc_iqq_2.png\" alt=\"\" class=\"wp-image-9066\" srcset=\"https:\/\/www.uta.cl\/wp-content\/uploads\/2019\/06\/perfecc_iqq_2.png 900w, https:\/\/www.uta.cl\/wp-content\/uploads\/2019\/06\/perfecc_iqq_2-300x112.png 300w, https:\/\/www.uta.cl\/wp-content\/uploads\/2019\/06\/perfecc_iqq_2-768x286.png 768w\" sizes=\"(max-width: 900px) 100vw, 900px\" \/><\/figure>\n\n\n\n<p>IMPRESIONES<\/p>\n\n\n\n<p>Sonia C\u00e1rdenas Begazo, asesora curricular de la DIDO y relatora del taller Resultados de Aprendizajes del M\u00f3dulo 1 del curso de construcci\u00f3n de Syllabus, coment\u00f3 que \u201cdesde mi rol como asesora curricular, el poder dictar los cursos de perfeccionamiento&nbsp; en Iquique fue una experiencia enriquecedora, ya&nbsp; que se visualiz\u00f3 el compromiso de los profesores con la instituci\u00f3n, ellos est\u00e1n llanos a ser parte de estos procesos de cambio en el que la Instituci\u00f3n se encuentra y est\u00e1n muy preocupados por atender las necesidades de aprendizaje de sus estudiantes\u201d, sostuvo la profesional, agregando adem\u00e1s que es sumamente relevante replicar las actividades que se realicen en la Casa Central, ya que la universidad es una sola. \u201cNos estamos preocupando por atender todas las necesidades de formaci\u00f3n tanto de los acad\u00e9micos como de los estudiantes\u201d, declar\u00f3.<\/p>\n\n\n\n<p>Por su parte Mario Due\u00f1as Zorrilla, relator de los cursos competencias tic docentes, manifest\u00f3 sentirse muy satisfecho, tanto por el inter\u00e9s mostrado por los acad\u00e9micos participantes, como por la valoraci\u00f3n que expresan por este tipo de actividades de perfeccionamiento. \u201cComo coordinador del \u00e1rea de recursos pedag\u00f3gicos y TIC, y encargado de dise\u00f1ar e impartir estos cursos es una experiencia muy gratificante el trabajar con los acad\u00e9micos y acompa\u00f1arlos en funci\u00f3n de la mejora tanto de la docencia como de las competencias docentes en el \u00e1mbito de la tecnolog\u00eda, lo cual se encuentra alineado con las demandas establecidas a los perfiles docentes por la sociedad del conocimiento y el rol que tenemos como Universidad\u201d, expres\u00f3 el profesional, que adem\u00e1s se\u00f1al\u00f3 la importancia de la realizaci\u00f3n de este tipo de acciones en la Sede Iquique. \u201cEs sumamente importante, lo cual se ha visto favorecido por la buena comunicaci\u00f3n y coordinaci\u00f3n entre la Direcci\u00f3n de Docencia y la Sede Iquique. Esto nos ha llevado a estrechar a\u00fan m\u00e1s los lazos y trabajar colaborativamente en pro del mejoramiento docente, siendo nuestro esp\u00edritu el fomentar las mismas oportunidades e instancias de perfeccionamiento en ambas ciudades\u201d, apunt\u00f3.<\/p>\n\n\n\n<p>Due\u00f1as Zorrilla, finalmente realiz\u00f3 una invitaci\u00f3n a seguir participando del programa de perfeccionamiento docente en la UTA. \u201cExtender la invitaci\u00f3n a los acad\u00e9micos a participar de estas instancias amenas de aprendizaje y reflexi\u00f3n, las que enriquecen la labor docente y las cuales estamos desarrollando de forma mensual\u201d.<\/p>\n\n\n\n<p>Es importante destacar que estos cursos, contar\u00e1n con constancia de Perfeccionamiento Interno una vez aprobados, siendo oficializados posteriormente por la Vicerrector\u00eda Acad\u00e9mica. Adem\u00e1s, cabe se\u00f1alar que durante el mes de junio se realizar\u00e1 una nueva versi\u00f3n de cursos de capacitaci\u00f3n para los acad\u00e9micos de la Sede Iquique.<\/p>\n","protected":false},"excerpt":{"rendered":"<p>Cursos y talleres estuvieron dirigidos a todos los acad\u00e9micos de dicha sede.<\/p>\n","protected":false},"author":3,"featured_media":9065,"comment_status":"open","ping_status":"open","sticky":false,"template":"","format":"standard","meta":[],"categories":[48,42],"tags":[],"_links":{"self":[{"href":"https:\/\/www.uta.cl\/index.php\/wp-json\/wp\/v2\/posts\/9064"}],"collection":[{"href":"https:\/\/www.uta.cl\/index.php\/wp-json\/wp\/v2\/posts"}],"about":[{"href":"https:\/\/www.uta.cl\/index.php\/wp-json\/wp\/v2\/types\/post"}],"author":[{"embeddable":true,"href":"https:\/\/www.uta.cl\/index.php\/wp-json\/wp\/v2\/users\/3"}],"replies":[{"embeddable":true,"href":"https:\/\/www.uta.cl\/index.php\/wp-json\/wp\/v2\/comments?post=9064"}],"version-history":[{"count":1,"href":"https:\/\/www.uta.cl\/index.php\/wp-json\/wp\/v2\/posts\/9064\/revisions"}],"predecessor-version":[{"id":9069,"href":"https:\/\/www.uta.cl\/index.php\/wp-json\/wp\/v2\/posts\/9064\/revisions\/9069"}],"wp:featuredmedia":[{"embeddable":true,"href":"https:\/\/www.uta.cl\/index.php\/wp-json\/wp\/v2\/media\/9065"}],"wp:attachment":[{"href":"https:\/\/www.uta.cl\/index.php\/wp-json\/wp\/v2\/media?parent=9064"}],"wp:term":[{"taxonomy":"category","embeddable":true,"href":"https:\/\/www.uta.cl\/index.php\/wp-json\/wp\/v2\/categories?post=9064"},{"taxonomy":"post_tag","embeddable":true,"href":"https:\/\/www.uta.cl\/index.php\/wp-json\/wp\/v2\/tags?post=9064"}],"curies":[{"name":"wp","href":"https:\/\/api.w.org\/{rel}","templated":true}]}}