{"id":9054,"date":"2019-06-10T21:37:12","date_gmt":"2019-06-10T21:37:12","guid":{"rendered":"https:\/\/www.uta.cl\/?p=9054"},"modified":"2021-05-03T14:09:24","modified_gmt":"2021-05-03T14:09:24","slug":"fructifera-jornada-de-reflexion-pedagogia-en-educacion-diferencial-socializo-su-perfil-de-egreso","status":"publish","type":"post","link":"https:\/\/www.uta.cl\/index.php\/2019\/06\/10\/fructifera-jornada-de-reflexion-pedagogia-en-educacion-diferencial-socializo-su-perfil-de-egreso\/","title":{"rendered":"Fruct\u00edfera Jornada de Reflexi\u00f3n: Pedagog\u00eda en Educaci\u00f3n Diferencial socializ\u00f3 su Perfil de Egreso"},"content":{"rendered":"\n<p>Un importante encuentro sostuvo la Carrera de Pedagog\u00eda en Educaci\u00f3n Diferencial de la Universidad de Tarapac\u00e1 en el marco del inicio de su proceso de autoevaluaci\u00f3n con miras a la pr\u00f3xima acreditaci\u00f3n y que cont\u00f3 con la presencia del Decano de la Facultad de Educaci\u00f3n y Humanidades Dr. Jorge Lagos Caama\u00f1o.<\/p>\n\n\n\n<figure class=\"wp-block-image\"><img loading=\"lazy\" width=\"700\" height=\"467\" src=\"https:\/\/www.uta.cl\/wp-content\/uploads\/2019\/06\/DSC_0560-copia.jpg\" alt=\"\" class=\"wp-image-9055\" srcset=\"https:\/\/www.uta.cl\/wp-content\/uploads\/2019\/06\/DSC_0560-copia.jpg 700w, https:\/\/www.uta.cl\/wp-content\/uploads\/2019\/06\/DSC_0560-copia-300x200.jpg 300w\" sizes=\"(max-width: 700px) 100vw, 700px\" \/><\/figure>\n\n\n\n<p>A la jornada a la que se dieron cita estudiantes, acad\u00e9micos y empleadores, junto a la Comisi\u00f3n de Aseguramiento de la Calidad, se dio lectura al Perfil de Egreso de la Carrera, documento que declara las competencias que deber\u00e1 tener el estudiante una vez egresado y que atiende a las demandas que exige la CNA y el medio. Adem\u00e1s, se entregaron detalles de la creaci\u00f3n de la carrera, su historia y se discuti\u00f3 en torno a la importancia de la Educaci\u00f3n Diferencial que vive un proceso de cambio de paradigma reflejado en pol\u00edticas p\u00fablicas nacionales e internacionales y en ese sentido la relevancia que adquiere el profesor de Pedagog\u00eda en Educaci\u00f3n Diferencial en nuestra regi\u00f3n.<\/p>\n\n\n\n<figure class=\"wp-block-image\"><img loading=\"lazy\" width=\"900\" height=\"302\" src=\"https:\/\/www.uta.cl\/wp-content\/uploads\/2019\/06\/social_perfil_edca_diferencial_4.jpg\" alt=\"\" class=\"wp-image-9058\" srcset=\"https:\/\/www.uta.cl\/wp-content\/uploads\/2019\/06\/social_perfil_edca_diferencial_4.jpg 900w, https:\/\/www.uta.cl\/wp-content\/uploads\/2019\/06\/social_perfil_edca_diferencial_4-300x101.jpg 300w, https:\/\/www.uta.cl\/wp-content\/uploads\/2019\/06\/social_perfil_edca_diferencial_4-768x258.jpg 768w\" sizes=\"(max-width: 900px) 100vw, 900px\" \/><\/figure>\n\n\n\n<p>La actividad fue un \u00e9xito, debido a la gran participaci\u00f3n de los presentes, especialmente de los estudiantes que se mostraron muy comprometidos con este proceso, por lo que todo fue muy constructivo permitiendo que el trabajo de la Comisi\u00f3n contin\u00fae ahora integrando estos aportes que llevan a repensar lo que se ha hecho, y mejorarlo. Al final del encuentro los asistentes completaron una encuesta individual, en donde pudieron seguir reflexionando respecto a la carrera y en donde adem\u00e1s entregaron sus impresiones y aportes, insumos valiosos para continuar con la labor.<\/p>\n\n\n\n<figure class=\"wp-block-image\"><img loading=\"lazy\" width=\"900\" height=\"302\" src=\"https:\/\/www.uta.cl\/wp-content\/uploads\/2019\/06\/social_perfil_edca_diferencial_3.jpg\" alt=\"\" class=\"wp-image-9057\" srcset=\"https:\/\/www.uta.cl\/wp-content\/uploads\/2019\/06\/social_perfil_edca_diferencial_3.jpg 900w, https:\/\/www.uta.cl\/wp-content\/uploads\/2019\/06\/social_perfil_edca_diferencial_3-300x101.jpg 300w, https:\/\/www.uta.cl\/wp-content\/uploads\/2019\/06\/social_perfil_edca_diferencial_3-768x258.jpg 768w\" sizes=\"(max-width: 900px) 100vw, 900px\" \/><\/figure>\n\n\n\n<p>Al cierre de la jornada el profesor Asencio Maldonado Guerra, jefe de Carrera de Pedagog\u00eda en Educaci\u00f3n Diferencial, se refiri\u00f3 a la actividad expresando su satisfacci\u00f3n por el desarrollo y el cumplimiento de las tareas que han estado estableci\u00e9ndose. \u201cNuestra \u00fanica debilidad hasta hoy es que no podemos contar con un equipo base, porque no existen en el pa\u00eds doctores en psicopedagog\u00eda, as\u00ed es que esperamos que ya el pr\u00f3ximo a\u00f1o eso se solucione\u201d, expres\u00f3. <\/p>\n\n\n\n<figure class=\"wp-block-image\"><img loading=\"lazy\" width=\"900\" height=\"302\" src=\"https:\/\/www.uta.cl\/wp-content\/uploads\/2019\/06\/social_perfil_edca_diferencial_2.jpg\" alt=\"\" class=\"wp-image-9056\" srcset=\"https:\/\/www.uta.cl\/wp-content\/uploads\/2019\/06\/social_perfil_edca_diferencial_2.jpg 900w, https:\/\/www.uta.cl\/wp-content\/uploads\/2019\/06\/social_perfil_edca_diferencial_2-300x101.jpg 300w, https:\/\/www.uta.cl\/wp-content\/uploads\/2019\/06\/social_perfil_edca_diferencial_2-768x258.jpg 768w\" sizes=\"(max-width: 900px) 100vw, 900px\" \/><\/figure>\n\n\n\n<p>En cuanto a las perspectivas del trabajo que presentaron, el acad\u00e9mico se\u00f1al\u00f3 que hoy se encuentran consolidando el perfil y por otra parte ya tienen preparados los textos de la autoevaluaci\u00f3n y del desarrollo de la carrera. \u201cVamos a enviar todo el material para que se inicie el proceso de acreditaci\u00f3n de la carrera a trav\u00e9s de la Comisi\u00f3n Nacional de Acreditaci\u00f3n, esperando estar acreditados a fines de este a\u00f1o\u201d, remarc\u00f3.<\/p>\n\n\n\n<p>Para el decano de la Facultad de Educaci\u00f3n y Humanidades Dr. Jorge Lagos Caama\u00f1o, la Ceremonia de Socializaci\u00f3n del Perfil de Egreso es una actividad muy relevante porque se encuentra inmersa en el proceso de autoevaluaci\u00f3n para la acreditaci\u00f3n de la carrera. \u201cNo es solo con estas acciones que se logra la acreditaci\u00f3n, sino que adem\u00e1s es muy importante la construcci\u00f3n de un fluxuograma, plan de estudio, un Perfil de Ingreso y Egreso con los estudiantes, profesores y empleadores, entonces las exigencias de hoy, es que este trabajo sea elaborado mancomunadamente, lo que permite el aseguramiento de la calidad\u201d, explic\u00f3 la autoridad.<\/p>\n\n\n\n<p>Por su parte Soledad Sagredo, Directora del Colegio Colibr\u00ed de Arica, felicit\u00f3 el trabajo que se est\u00e1 desarrollando indicando que es un perfil que se ajusta y es pertinente con las exigencias de la sociedad. \u201cSe est\u00e1n formando profesores con vocaci\u00f3n y profesionales con un enfoque generalista de la Educaci\u00f3n Diferencial lo que implica el manejo en \u00e1reas que otros profesores no manejan, por eso y tomando en cuenta la Ley de Inclusi\u00f3n, pienso que este perfil es totalmente pertinente\u201d, sostuvo Sagredo. <\/p>\n\n\n\n<p>Finalmente, la directora agradeci\u00f3 la invitaci\u00f3n y la oportunidad de aportar en el trabajo de formaci\u00f3n de los profesionales de la carrera. \u201cTengo 35 a\u00f1os de experiencia como profesora y este tiempo me ha permitido conocer muchos profesionales con especialidades y buen curriculum pero que no se sienten capacitados para trabajar con nuestros estudiantes, por eso cuando me invitaron a participar no lo dude porque me siento capaz de ser un aporte\u201d, concluy\u00f3.<\/p>\n","protected":false},"excerpt":{"rendered":"<p>Cerca de un centenar de asistentes entre estudiantes, empleadores y acad\u00e9micos, participaron en la actividad en la que se present\u00f3 el trabajo desarrollado hasta el momento por la Comisi\u00f3n de Aseguramiento de la Calidad.<\/p>\n","protected":false},"author":3,"featured_media":9055,"comment_status":"open","ping_status":"open","sticky":false,"template":"","format":"standard","meta":[],"categories":[48,32,102],"tags":[],"_links":{"self":[{"href":"https:\/\/www.uta.cl\/index.php\/wp-json\/wp\/v2\/posts\/9054"}],"collection":[{"href":"https:\/\/www.uta.cl\/index.php\/wp-json\/wp\/v2\/posts"}],"about":[{"href":"https:\/\/www.uta.cl\/index.php\/wp-json\/wp\/v2\/types\/post"}],"author":[{"embeddable":true,"href":"https:\/\/www.uta.cl\/index.php\/wp-json\/wp\/v2\/users\/3"}],"replies":[{"embeddable":true,"href":"https:\/\/www.uta.cl\/index.php\/wp-json\/wp\/v2\/comments?post=9054"}],"version-history":[{"count":1,"href":"https:\/\/www.uta.cl\/index.php\/wp-json\/wp\/v2\/posts\/9054\/revisions"}],"predecessor-version":[{"id":9059,"href":"https:\/\/www.uta.cl\/index.php\/wp-json\/wp\/v2\/posts\/9054\/revisions\/9059"}],"wp:featuredmedia":[{"embeddable":true,"href":"https:\/\/www.uta.cl\/index.php\/wp-json\/wp\/v2\/media\/9055"}],"wp:attachment":[{"href":"https:\/\/www.uta.cl\/index.php\/wp-json\/wp\/v2\/media?parent=9054"}],"wp:term":[{"taxonomy":"category","embeddable":true,"href":"https:\/\/www.uta.cl\/index.php\/wp-json\/wp\/v2\/categories?post=9054"},{"taxonomy":"post_tag","embeddable":true,"href":"https:\/\/www.uta.cl\/index.php\/wp-json\/wp\/v2\/tags?post=9054"}],"curies":[{"name":"wp","href":"https:\/\/api.w.org\/{rel}","templated":true}]}}