{"id":9001,"date":"2019-06-10T21:04:32","date_gmt":"2019-06-10T21:04:32","guid":{"rendered":"https:\/\/www.uta.cl\/?p=9001"},"modified":"2019-06-10T21:04:32","modified_gmt":"2019-06-10T21:04:32","slug":"estudiantes-familia-y-universidad-los-desafios-del-primer-ano-en-la-educacion-superior","status":"publish","type":"post","link":"https:\/\/www.uta.cl\/index.php\/2019\/06\/10\/estudiantes-familia-y-universidad-los-desafios-del-primer-ano-en-la-educacion-superior\/","title":{"rendered":"Estudiantes Familia y Universidad: Los desaf\u00edos del primer a\u00f1o en la Educaci\u00f3n Superior"},"content":{"rendered":"\n<p>Una grata, significativa y emotiva actividad de integraci\u00f3n fue la que se llev\u00f3 a cabo con las familias y los estudiantes PACE en la Educaci\u00f3n Superior de la Universidad de Tarapac\u00e1 con el objetivo de facilitar el progreso y retenci\u00f3n de los estudiantes, actividad que brind\u00f3 un espacio de participaci\u00f3n activa para reconocer el m\u00e9rito de los estudiantes, entregar informaci\u00f3n y resolver todo tipo de dudas respecto a la Universidad y el Programa de Acceso a la Educaci\u00f3n Superior PACE UTA.<\/p>\n\n\n\n<figure class=\"wp-block-image\"><img loading=\"lazy\" width=\"700\" height=\"467\" src=\"https:\/\/www.uta.cl\/wp-content\/uploads\/2019\/06\/DSC_0474-copia.jpg\" alt=\"\" class=\"wp-image-9002\" srcset=\"https:\/\/www.uta.cl\/wp-content\/uploads\/2019\/06\/DSC_0474-copia.jpg 700w, https:\/\/www.uta.cl\/wp-content\/uploads\/2019\/06\/DSC_0474-copia-300x200.jpg 300w\" sizes=\"(max-width: 700px) 100vw, 700px\" \/><\/figure>\n\n\n\n<p>La jornada realizada en el Hotel del Valle, comenz\u00f3 con las palabras de bienvenida de la coordinadora ejecutiva del PACE, Paz P\u00e9rez Pino, qui\u00e9n saludo a los asistentes manifestando sus agradecimientos por la participaci\u00f3n y compromiso. Acto seguido fue el turno de las palabras de bienvenida del coordinador del \u00c1rea de Acompa\u00f1amiento en la Educaci\u00f3n Superior Oscar Tapia Pe\u00f1a, qui\u00e9n destac\u00f3 el rol primordial que cumplen las familias en el proceso de adaptaci\u00f3n y desarrollo de los estudiantes en la Universidad.<\/p>\n\n\n\n<p>El acto continu\u00f3 con la presentaci\u00f3n del equipo del programa, para proseguir con la presentaci\u00f3n de los principales lineamientos, beneficios, responsabilidades y compromisos que adoptan los estudiantes del programa al momento de ser parte de este, a la vez que fue el turno del testimonio de una estudiante PACE, qui\u00e9n relat\u00f3 a los asistentes su experiencia en la Universidad y al apoyo recibido por el programa. Todo fue acompa\u00f1ado de una rica once en que compartieron todos en una enriquecedora conversaci\u00f3n, con la din\u00e1mica denominada Expectativas Cruzadas, en donde los participantes pudieron examinar y discutir las expectativas y percepciones mutuas sobre el acceso a la educaci\u00f3n Superior y los apoyos brindados por el programa y disminuir las diferencias de expectativas entre los estudiantes y sus familias.<\/p>\n\n\n\n<figure class=\"wp-block-image\"><img loading=\"lazy\" width=\"900\" height=\"302\" src=\"https:\/\/www.uta.cl\/wp-content\/uploads\/2019\/06\/jornada_familias_pace_4.jpg\" alt=\"\" class=\"wp-image-9005\" srcset=\"https:\/\/www.uta.cl\/wp-content\/uploads\/2019\/06\/jornada_familias_pace_4.jpg 900w, https:\/\/www.uta.cl\/wp-content\/uploads\/2019\/06\/jornada_familias_pace_4-300x101.jpg 300w, https:\/\/www.uta.cl\/wp-content\/uploads\/2019\/06\/jornada_familias_pace_4-768x258.jpg 768w\" sizes=\"(max-width: 900px) 100vw, 900px\" \/><\/figure>\n\n\n\n<p>Al finalizar la actividad, tanto asistentes e invitados manifestaron la necesidad de generar este tipo de actividades que propicien la conversaci\u00f3n y an\u00e1lisis de lo que significa la vida universitaria y su adaptaci\u00f3n. En ese marco Oscar Tapia Pe\u00f1a, coordinador del \u00c1rea de Acompa\u00f1amiento en la Educaci\u00f3n Superior, realiz\u00f3 un balance positivo, puesto que se pudo evidenciar el apoyo que existe de las familias hac\u00eda los estudiantes. \u201cNos vamos muy satisfechos porque la participaci\u00f3n de los asistentes fue muy activa, en donde nos manifestaron muy buenas apreciaciones respecto a lo que el programa implementa y las acciones de apoyo a los estudiantes\u201d, remarc\u00f3.<\/p>\n\n\n\n<p>\u201cEl objetivo se cumpli\u00f3 porque nos interesa que las familias se sientan comprendidas, acogidas y vean que sus hijos no est\u00e1n solos y que cuentan con un grupo de profesionales que trabaja en pos del \u00e9xito acad\u00e9mico y personal de ellos\u201d, continu\u00f3 el coordinador, agregando que las metas y desaf\u00edos de este a\u00f1o para el programa son consolidarse dentro de la UTA como un programa que brinda apoyo a los estudiantes de reciente ingreso y que vienen de contextos m\u00e1s vulnerables. <\/p>\n\n\n\n<figure class=\"wp-block-image\"><img loading=\"lazy\" width=\"900\" height=\"302\" src=\"https:\/\/www.uta.cl\/wp-content\/uploads\/2019\/06\/jornada_familias_pace_3.jpg\" alt=\"\" class=\"wp-image-9004\" srcset=\"https:\/\/www.uta.cl\/wp-content\/uploads\/2019\/06\/jornada_familias_pace_3.jpg 900w, https:\/\/www.uta.cl\/wp-content\/uploads\/2019\/06\/jornada_familias_pace_3-300x101.jpg 300w, https:\/\/www.uta.cl\/wp-content\/uploads\/2019\/06\/jornada_familias_pace_3-768x258.jpg 768w\" sizes=\"(max-width: 900px) 100vw, 900px\" \/><\/figure>\n\n\n\n<p>Por su parte Luis Espinoza Mart\u00ednez, padre de un estudiante PACE, se\u00f1al\u00f3 que el que existan este tipo de programas es muy importante. \u201cNosotros estamos participando de este programa desde tercero medio con nuestro hijo y pienso que ha sido un apoyo fundamental para todos, porque cuenta con un equipo multidisciplinario id\u00f3neo para las actividades que realizan y en ese sentido estamos muy agradecidos y felices\u201d, coment\u00f3.<\/p>\n\n\n\n<p>En alusi\u00f3n a la actividad Espinoza Mart\u00ednez, apunt\u00f3 que fue una jornada bastante bonita. \u201cHemos podido compartir con otras familias y otros estudiantes sobre nuestras experiencias, nos dimos cuenta que nuestros miedos, expectativas y pensamientos son muy similares\u201d.<\/p>\n\n\n\n<figure class=\"wp-block-image\"><img loading=\"lazy\" width=\"900\" height=\"302\" src=\"https:\/\/www.uta.cl\/wp-content\/uploads\/2019\/06\/jornada_familias_pace_2.jpg\" alt=\"\" class=\"wp-image-9003\" srcset=\"https:\/\/www.uta.cl\/wp-content\/uploads\/2019\/06\/jornada_familias_pace_2.jpg 900w, https:\/\/www.uta.cl\/wp-content\/uploads\/2019\/06\/jornada_familias_pace_2-300x101.jpg 300w, https:\/\/www.uta.cl\/wp-content\/uploads\/2019\/06\/jornada_familias_pace_2-768x258.jpg 768w\" sizes=\"(max-width: 900px) 100vw, 900px\" \/><\/figure>\n\n\n\n<p>Para la estudiante Priscila Vascope Huaman, la actividad fue muy integradora. \u201cFue un agrado poder compartir con las familias y estudiantes de otras carreras, es algo innovador y es mi primera experiencia\u201d, expres\u00f3 la estudiante. En otro aspecto Vascope Huaman, destac\u00f3 el apoyo que ha sido para ella el PACE. \u201cEstoy participando de las actividades del programa desde tercero medio, en ese tiempo me inform\u00e9 cosas que no sab\u00eda a la vez que fortalec\u00ed el \u00e1mbito acad\u00e9mico y la parte motivacional. Ahora en la Universidad el PACE es fundamental en varias \u00e1reas, tanto personal como acad\u00e9mico\u201d, cerr\u00f3.<\/p>\n","protected":false},"excerpt":{"rendered":"<p>Actividad de encuentro tuvo como foco la reflexi\u00f3n sobre los cambios y diferencias entre el paso de la Educaci\u00f3n Media a la Educaci\u00f3n Superior<\/p>\n","protected":false},"author":3,"featured_media":9002,"comment_status":"open","ping_status":"open","sticky":false,"template":"","format":"standard","meta":[],"categories":[48],"tags":[],"_links":{"self":[{"href":"https:\/\/www.uta.cl\/index.php\/wp-json\/wp\/v2\/posts\/9001"}],"collection":[{"href":"https:\/\/www.uta.cl\/index.php\/wp-json\/wp\/v2\/posts"}],"about":[{"href":"https:\/\/www.uta.cl\/index.php\/wp-json\/wp\/v2\/types\/post"}],"author":[{"embeddable":true,"href":"https:\/\/www.uta.cl\/index.php\/wp-json\/wp\/v2\/users\/3"}],"replies":[{"embeddable":true,"href":"https:\/\/www.uta.cl\/index.php\/wp-json\/wp\/v2\/comments?post=9001"}],"version-history":[{"count":1,"href":"https:\/\/www.uta.cl\/index.php\/wp-json\/wp\/v2\/posts\/9001\/revisions"}],"predecessor-version":[{"id":9006,"href":"https:\/\/www.uta.cl\/index.php\/wp-json\/wp\/v2\/posts\/9001\/revisions\/9006"}],"wp:featuredmedia":[{"embeddable":true,"href":"https:\/\/www.uta.cl\/index.php\/wp-json\/wp\/v2\/media\/9002"}],"wp:attachment":[{"href":"https:\/\/www.uta.cl\/index.php\/wp-json\/wp\/v2\/media?parent=9001"}],"wp:term":[{"taxonomy":"category","embeddable":true,"href":"https:\/\/www.uta.cl\/index.php\/wp-json\/wp\/v2\/categories?post=9001"},{"taxonomy":"post_tag","embeddable":true,"href":"https:\/\/www.uta.cl\/index.php\/wp-json\/wp\/v2\/tags?post=9001"}],"curies":[{"name":"wp","href":"https:\/\/api.w.org\/{rel}","templated":true}]}}