{"id":8991,"date":"2019-06-10T20:57:49","date_gmt":"2019-06-10T20:57:49","guid":{"rendered":"https:\/\/www.uta.cl\/?p=8991"},"modified":"2021-05-05T20:12:12","modified_gmt":"2021-05-05T20:12:12","slug":"uta-iquique-realiza-acto-de-premiacion-del-primer-concurso-de-creacion-literaria-vida-universitaria-en-la-region-de-tarapaca","status":"publish","type":"post","link":"https:\/\/www.uta.cl\/index.php\/2019\/06\/10\/uta-iquique-realiza-acto-de-premiacion-del-primer-concurso-de-creacion-literaria-vida-universitaria-en-la-region-de-tarapaca\/","title":{"rendered":"UTA Iquique realiza acto de premiaci\u00f3n del Primer Concurso de Creaci\u00f3n Literaria: Vida Universitaria en la Regi\u00f3n de Tarapac\u00e1"},"content":{"rendered":"\n<p>Con una fraternal ceremonia de premiaci\u00f3n concluy\u00f3 la primera versi\u00f3n del Concurso de Creaci\u00f3n Literaria: Vida universitaria en la regi\u00f3n de Tarapac\u00e1, organizado por la Direcci\u00f3n Acad\u00e9mica de Sede, el Sistema de Bibliotecas y el Centro de Escritura de la Universidad de Tarapac\u00e1 Sede Iquique. <\/p>\n\n\n\n<figure class=\"wp-block-gallery columns-2 is-cropped\"><ul class=\"blocks-gallery-grid\"><li class=\"blocks-gallery-item\"><figure><img loading=\"lazy\" width=\"710\" height=\"505\" src=\"https:\/\/www.uta.cl\/wp-content\/uploads\/2019\/06\/IMG_0428.jpg\" alt=\"\" data-id=\"8997\" data-link=\"https:\/\/www.uta.cl\/?attachment_id=8997\" class=\"wp-image-8997\" srcset=\"https:\/\/www.uta.cl\/wp-content\/uploads\/2019\/06\/IMG_0428.jpg 710w, https:\/\/www.uta.cl\/wp-content\/uploads\/2019\/06\/IMG_0428-300x213.jpg 300w\" sizes=\"(max-width: 710px) 100vw, 710px\" \/><\/figure><\/li><li class=\"blocks-gallery-item\"><figure><img loading=\"lazy\" width=\"626\" height=\"880\" src=\"https:\/\/www.uta.cl\/wp-content\/uploads\/2019\/06\/2-1.jpg\" alt=\"\" data-id=\"8992\" data-link=\"https:\/\/www.uta.cl\/?attachment_id=8992\" class=\"wp-image-8992\" srcset=\"https:\/\/www.uta.cl\/wp-content\/uploads\/2019\/06\/2-1.jpg 626w, https:\/\/www.uta.cl\/wp-content\/uploads\/2019\/06\/2-1-213x300.jpg 213w\" sizes=\"(max-width: 626px) 100vw, 626px\" \/><\/figure><\/li><\/ul><\/figure>\n\n\n\n<p>El acto de premiaci\u00f3n de los primeros y segundos lugares, en las categor\u00edas microcuentos y poes\u00eda, se realiz\u00f3 en la Biblioteca de la Sede Esmeralda y congreg\u00f3 a acad\u00e9micos, estudiantes, titulados y autoridades universitarias, entre las cuales se encontraban la Directora Acad\u00e9mica de Sede (S) , Sra. Ang\u00e9lica Cazenave Gonz\u00e1lez y el Director de Administraci\u00f3n y Finanzas de Sede, Dr. Pablo G\u00e1lvez C\u00e1stex.  <\/p>\n\n\n\n<p>Producto de la deliberaci\u00f3n del jurado, compuesto por m\u00faltiples actores de la comunidad acad\u00e9mica de la Sede Iquique, se difundieron las siguientes obras ganadoras:<\/p>\n\n\n\n<p>Categor\u00eda Microcuentos:<\/p>\n\n\n\n<p>Primer lugar: Fernanda Montenegro Soto, estudiante de la carrera de Pedagog\u00eda en Educaci\u00f3n B\u00e1sica. T\u00edtulo de la obra: \u201cPor Baquedano\u201d.<\/p>\n\n\n\n<p>Segundo lugar: Ignacio Vergara P\u00e9rez, titulado de la carrera de Psicolog\u00eda. T\u00edtulo de la obra: \u201cSolidaridad\u201d.<\/p>\n\n\n\n<p>Categor\u00eda Poes\u00eda:<\/p>\n\n\n\n<p>Primer lugar: Siomara Herrera Zepeda, estudiante de la carrera de Pedagog\u00eda en Educaci\u00f3n B\u00e1sica. T\u00edtulo de la obra: \u201cS\u00ed, es el cambio\u201d. <\/p>\n\n\n\n<p>Segundo lugar: Francisco D\u00e1vila Fuenzalida, estudiante de la carrera de Psicolog\u00eda. T\u00edtulo de la obra: \u201cEl oto\u00f1o es un segundo de clase frente a mi vida\u201d.<\/p>\n\n\n\n<p>En la actividad, los acad\u00e9micos del Departamento de Ciencias Sociales, Mar\u00eda Carla Morales G\u00f3mez y Francisco Leal Soto, hicieron lectura de las obras ganadoras brindando a los presentes un valioso momento de apreciaci\u00f3n art\u00edstica. <\/p>\n\n\n\n<p>Al respecto, el presidente del jurado, profesor Francisco Leal Soto, agradeci\u00f3 a todos los miembros de la comunidad acad\u00e9mica de la Sede Iquique que se motivaron con enviar aportes y les inst\u00f3 a participar en las pr\u00f3ximas versiones del concurso. <\/p>\n\n\n\n<p>Por su parte, la Coordinadora del Sistema de Bibliotecas de la Sede Iquique, Sra. Mar\u00eda Soledad Palma Santana, manifest\u00f3 su agrado por la realizaci\u00f3n del concurso ya que junto con estimular la creaci\u00f3n literaria la actividad permiti\u00f3 reunir a diversos actores de la vida universitaria en torno a la lectura en la Biblioteca Central.<\/p>\n\n\n\n<p>Asimismo, para la Coordinadora del Centro de Escritura en la Sede Iquique, Srta. Andrea Cifuentes Barr\u00eda, dicho certamen signific\u00f3 el inicio de una tradici\u00f3n que buscar\u00e1 destacar a la creaci\u00f3n literaria en el quehacer acad\u00e9mico como un elemento relevante para los aprendizajes de los futuros profesionales. <\/p>\n","protected":false},"excerpt":{"rendered":"<p>El certamen del a\u00f1o 2019 reuni\u00f3 las contribuciones de la comunidad universitaria en las categor\u00edas microcuentos y poes\u00eda<\/p>\n","protected":false},"author":3,"featured_media":8997,"comment_status":"open","ping_status":"open","sticky":false,"template":"","format":"standard","meta":[],"categories":[42],"tags":[],"_links":{"self":[{"href":"https:\/\/www.uta.cl\/index.php\/wp-json\/wp\/v2\/posts\/8991"}],"collection":[{"href":"https:\/\/www.uta.cl\/index.php\/wp-json\/wp\/v2\/posts"}],"about":[{"href":"https:\/\/www.uta.cl\/index.php\/wp-json\/wp\/v2\/types\/post"}],"author":[{"embeddable":true,"href":"https:\/\/www.uta.cl\/index.php\/wp-json\/wp\/v2\/users\/3"}],"replies":[{"embeddable":true,"href":"https:\/\/www.uta.cl\/index.php\/wp-json\/wp\/v2\/comments?post=8991"}],"version-history":[{"count":5,"href":"https:\/\/www.uta.cl\/index.php\/wp-json\/wp\/v2\/posts\/8991\/revisions"}],"predecessor-version":[{"id":29766,"href":"https:\/\/www.uta.cl\/index.php\/wp-json\/wp\/v2\/posts\/8991\/revisions\/29766"}],"wp:featuredmedia":[{"embeddable":true,"href":"https:\/\/www.uta.cl\/index.php\/wp-json\/wp\/v2\/media\/8997"}],"wp:attachment":[{"href":"https:\/\/www.uta.cl\/index.php\/wp-json\/wp\/v2\/media?parent=8991"}],"wp:term":[{"taxonomy":"category","embeddable":true,"href":"https:\/\/www.uta.cl\/index.php\/wp-json\/wp\/v2\/categories?post=8991"},{"taxonomy":"post_tag","embeddable":true,"href":"https:\/\/www.uta.cl\/index.php\/wp-json\/wp\/v2\/tags?post=8991"}],"curies":[{"name":"wp","href":"https:\/\/api.w.org\/{rel}","templated":true}]}}