{"id":8988,"date":"2019-06-10T20:52:16","date_gmt":"2019-06-10T20:52:16","guid":{"rendered":"https:\/\/www.uta.cl\/?p=8988"},"modified":"2019-06-10T20:52:16","modified_gmt":"2019-06-10T20:52:16","slug":"la-universidad-de-tarapaca-invita-a-sus-academicos-a-un-nuevo-ciclo-de-perfeccionamiento-interno","status":"publish","type":"post","link":"https:\/\/www.uta.cl\/index.php\/2019\/06\/10\/la-universidad-de-tarapaca-invita-a-sus-academicos-a-un-nuevo-ciclo-de-perfeccionamiento-interno\/","title":{"rendered":"La Universidad de Tarapac\u00e1 invita a sus acad\u00e9micos a un nuevo ciclo de perfeccionamiento interno"},"content":{"rendered":"\n<p>3 ser\u00e1n los cursos que se realizar\u00e1n durante el mes de mayo para los acad\u00e9micos en el marco de un nuevo ciclo de perfeccionamiento interno en la&nbsp;Universidad de Tarapac\u00e1 en la Casa Central, iniciativa conjunta entre la Direcci\u00f3n de Docencia y el Convenio de Desempe\u00f1o de Armonizaci\u00f3n Curricular UTA 1501.<\/p>\n\n\n\n<figure class=\"wp-block-image\"><img loading=\"lazy\" width=\"1024\" height=\"576\" src=\"https:\/\/www.uta.cl\/wp-content\/uploads\/2019\/06\/Flyer-Mayo-2019-1024x576.jpg\" alt=\"\" class=\"wp-image-8989\" srcset=\"https:\/\/www.uta.cl\/wp-content\/uploads\/2019\/06\/Flyer-Mayo-2019-1024x576.jpg 1024w, https:\/\/www.uta.cl\/wp-content\/uploads\/2019\/06\/Flyer-Mayo-2019-300x169.jpg 300w, https:\/\/www.uta.cl\/wp-content\/uploads\/2019\/06\/Flyer-Mayo-2019-768x432.jpg 768w, https:\/\/www.uta.cl\/wp-content\/uploads\/2019\/06\/Flyer-Mayo-2019.jpg 1280w\" sizes=\"(max-width: 1024px) 100vw, 1024px\" \/><\/figure>\n\n\n\n<p>Los cursos de capacitaci\u00f3n se llevar\u00e1n a efecto en la sala 207 del Aulario A entre los d\u00edas 23 al 30 de mayo de 2019 y son los siguientes incluyendo adem\u00e1s el m\u00f3dulo 2 de la segunda versi\u00f3n del curso semi-presencial de construcci\u00f3n de syllabus: <\/p>\n\n\n\n<p>CURSO TIC <\/p>\n\n\n\n<pre class=\"wp-block-code\"><code>\u2022 (JUEVES 23) - 9:40 a 13:00 horas.<\/code><\/pre>\n\n\n\n<p>GRUPO A<\/p>\n\n\n\n<p>Plataforma eLearn B\u00e1sico. Taller de 4hrs sobre uso de plataforma educativa eLearn    para el desarrollo de innovaciones educativas con TIC en modalidades organizativas presenciales, semi-presenciales y a distancia. (4hrs presenciales, 8hrs trabajo aut\u00f3nomo).<\/p>\n\n\n\n<p>GRUPO B<\/p>\n\n\n\n<pre class=\"wp-block-code\"><code>\u2022 (JUEVES 24) - 9:40 a 13:00 horas<\/code><\/pre>\n\n\n\n<p>Plataforma eLearn B\u00e1sico. Taller de 4hrs sobre uso de plataforma educativa eLearn para el desarrollo de innovaciones educativas con TIC en modalidades organizativas presenciales, semi-presenciales y a distancia. (4hrs presenciales, 8hrs trabajo aut\u00f3nomo)<\/p>\n\n\n\n<p>M\u00d3DULO 2: METODOLOG\u00cdAS ACTIVAS &#8211; CURSO CONSTRUCCI\u00d3N DE SYLLABUS<\/p>\n\n\n\n<pre class=\"wp-block-code\"><code>\u2022 (JUEVES 23) - 16:20 a 19:30 horas.<\/code><\/pre>\n\n\n\n<p>GRUPO A <\/p>\n\n\n\n<p>M\u00f3dulo 2: Metodolog\u00edas activas. M\u00f3dulo parte del curso semipresencial de construcci\u00f3n de syllabus, requerido para la concreci\u00f3n de la innovaci\u00f3n curricular.<\/p>\n\n\n\n<pre class=\"wp-block-code\"><code>\u2022 (JUEVES 30) - 9:40 a 13:00 horas.<\/code><\/pre>\n\n\n\n<p>GRUPO B<\/p>\n\n\n\n<p>M\u00f3dulo 2: Metodolog\u00edas activas. M\u00f3dulo parte del curso semipresencial de construcci\u00f3n de syllabus, requerido para la concreci\u00f3n de la innovaci\u00f3n curricular. <\/p>\n\n\n\n<p>CURSO TIC<\/p>\n\n\n\n<pre class=\"wp-block-code\"><code>\u2022 (MARTES 28) - 9:40 a 13:00 horas. <\/code><\/pre>\n\n\n\n<p>GRUPO A <\/p>\n\n\n\n<p>Desarrollo de Material Educativo Digital. Curso sobre la formulaci\u00f3n de recursos audiovisuales por medio de t\u00e9cnicas multimedia&nbsp;considerando aspectos relacionados a la arquitectura de la cognici\u00f3n humana y carga cognitiva. (4 presenciales, 12 trabajo aut\u00f3nomo).<\/p>\n\n\n\n<pre class=\"wp-block-code\"><code>\u2022 (MI\u00c9RCOLES 29) - 9:40 a 13:00 horas.<\/code><\/pre>\n\n\n\n<p>GRUPO B<\/p>\n\n\n\n<p>Desarrollo de Material Educativo Digital. Curso sobre la formulaci\u00f3n de recursos audiovisuales por medio de t\u00e9cnicas multimedia&nbsp;considerando aspectos relacionados a la arquitectura de la cognici\u00f3n humana y carga cognitiva. (4 presenciales, 12 trabajo aut\u00f3nomo).<\/p>\n\n\n\n<p>Se recuerda que los acad\u00e9micos interesados en participar, deber\u00e1n hacerlo de forma online completando el formulario digital de inscripci\u00f3n en el link <a href=\"https:\/\/forms.gle\/57GqzyBJJi8RYwGGA\">https:\/\/forms.gle\/57GqzyBJJi8RYwGGA<\/a>  .Para mayor informaci\u00f3n pueden dirigir sus consultas al correo. desarrollodocenteuta@academicos.uta.cl o llamar al anexo 5719.<\/p>\n\n\n\n<p>Tambi\u00e9n es importante destacar que todos los cursos impartidos por la Direcci\u00f3n de Docencia cuentan con constancia de perfeccionamiento Interno una vez aprobados, siendo oficializados posteriormente por la Vicerrector\u00eda Acad\u00e9mica.<\/p>\n","protected":false},"excerpt":{"rendered":"<p>Instancia de capacitaci\u00f3n ser\u00e1 nuevamente dirigida por los profesionales de la Direcci\u00f3n de Docencia<\/p>\n","protected":false},"author":3,"featured_media":8989,"comment_status":"open","ping_status":"open","sticky":false,"template":"","format":"standard","meta":[],"categories":[48],"tags":[],"_links":{"self":[{"href":"https:\/\/www.uta.cl\/index.php\/wp-json\/wp\/v2\/posts\/8988"}],"collection":[{"href":"https:\/\/www.uta.cl\/index.php\/wp-json\/wp\/v2\/posts"}],"about":[{"href":"https:\/\/www.uta.cl\/index.php\/wp-json\/wp\/v2\/types\/post"}],"author":[{"embeddable":true,"href":"https:\/\/www.uta.cl\/index.php\/wp-json\/wp\/v2\/users\/3"}],"replies":[{"embeddable":true,"href":"https:\/\/www.uta.cl\/index.php\/wp-json\/wp\/v2\/comments?post=8988"}],"version-history":[{"count":1,"href":"https:\/\/www.uta.cl\/index.php\/wp-json\/wp\/v2\/posts\/8988\/revisions"}],"predecessor-version":[{"id":8990,"href":"https:\/\/www.uta.cl\/index.php\/wp-json\/wp\/v2\/posts\/8988\/revisions\/8990"}],"wp:featuredmedia":[{"embeddable":true,"href":"https:\/\/www.uta.cl\/index.php\/wp-json\/wp\/v2\/media\/8989"}],"wp:attachment":[{"href":"https:\/\/www.uta.cl\/index.php\/wp-json\/wp\/v2\/media?parent=8988"}],"wp:term":[{"taxonomy":"category","embeddable":true,"href":"https:\/\/www.uta.cl\/index.php\/wp-json\/wp\/v2\/categories?post=8988"},{"taxonomy":"post_tag","embeddable":true,"href":"https:\/\/www.uta.cl\/index.php\/wp-json\/wp\/v2\/tags?post=8988"}],"curies":[{"name":"wp","href":"https:\/\/api.w.org\/{rel}","templated":true}]}}