{"id":8980,"date":"2019-06-10T16:04:45","date_gmt":"2019-06-10T16:04:45","guid":{"rendered":"https:\/\/www.uta.cl\/?p=8980"},"modified":"2019-06-10T16:04:45","modified_gmt":"2019-06-10T16:04:45","slug":"dia-de-campo-de-proyecto-fia-permitio-conocer-el-desarrollo-del-tomate-poncho-negro-en-el-sector-alto-del-valle-de-lluta","status":"publish","type":"post","link":"https:\/\/www.uta.cl\/index.php\/2019\/06\/10\/dia-de-campo-de-proyecto-fia-permitio-conocer-el-desarrollo-del-tomate-poncho-negro-en-el-sector-alto-del-valle-de-lluta\/","title":{"rendered":"D\u00eda de Campo de Proyecto FIA permiti\u00f3 conocer el desarrollo del tomate \u201cPoncho Negro\u201d en el sector alto del valle de Lluta"},"content":{"rendered":"\n<p>Con la participaci\u00f3n de agricultores del sector alto del valle de Lluta se dio inicio al primer d\u00eda de campo del a\u00f1o 2019 del proyecto FIA PYT-2017-0674: &#8220;Recuperaci\u00f3n y masificaci\u00f3n de la producci\u00f3n del tomate &#8220;Poncho Negro&#8221;: un patrimonio agrario ancestral de la XV Regi\u00f3n de Arica y Parinacota: Una alternativa productiva y de adaptaci\u00f3n al cambio clim\u00e1tico&#8221;. La actividad se llev\u00f3 a cabo este jueves 16 de mayo en la parcela demostrativa del proyecto ubicada en la Parcela Tarita, del agricultor Sa\u00fal Medina Ticona, ubicada en el sector de Chapisca del valle de Lluta.<\/p>\n\n\n\n<figure class=\"wp-block-image\"><img loading=\"lazy\" width=\"935\" height=\"701\" src=\"https:\/\/www.uta.cl\/wp-content\/uploads\/2019\/06\/1.jpg\" alt=\"\" class=\"wp-image-8981\" srcset=\"https:\/\/www.uta.cl\/wp-content\/uploads\/2019\/06\/1.jpg 935w, https:\/\/www.uta.cl\/wp-content\/uploads\/2019\/06\/1-300x225.jpg 300w, https:\/\/www.uta.cl\/wp-content\/uploads\/2019\/06\/1-768x576.jpg 768w\" sizes=\"(max-width: 935px) 100vw, 935px\" \/><\/figure>\n\n\n\n<p>En esta oportunidad, la directora del proyecto, Elizabeth Bast\u00edas Mar\u00edn y los profesionales del proyecto dieron a conocer las perspectivas que puede tener el desarrollo de este tomate antiguo, perdido por a\u00f1os, pero recordado por sus particulares cualidades de sabor y color, propias de los tomates de antes, como dicen quienes tuvieron la oportunidad de cultivaron y degustarlo.<\/p>\n\n\n\n<figure class=\"wp-block-image\"><img loading=\"lazy\" width=\"896\" height=\"673\" src=\"https:\/\/www.uta.cl\/wp-content\/uploads\/2019\/06\/2.jpg\" alt=\"\" class=\"wp-image-8982\" srcset=\"https:\/\/www.uta.cl\/wp-content\/uploads\/2019\/06\/2.jpg 896w, https:\/\/www.uta.cl\/wp-content\/uploads\/2019\/06\/2-300x225.jpg 300w, https:\/\/www.uta.cl\/wp-content\/uploads\/2019\/06\/2-768x577.jpg 768w\" sizes=\"(max-width: 896px) 100vw, 896px\" \/><\/figure>\n\n\n\n<p>La jornada contempl\u00f3 la observaci\u00f3n de la aplicaci\u00f3n de tecnolog\u00edas agron\u00f3micas de este tomate, en el sector alto del valle, pudiendo conocer paso a paso, las labores realizadas en las primeras etapas de establecimiento y crecimiento del cultivo, as\u00ed como las consideraciones para su manejo, que son nuevas pr\u00e1cticas respecto a los antiguos sistemas como el enca\u00f1ado realizado por alguno de los asistentes que cultivaron este tomate.<\/p>\n\n\n\n<ul class=\"wp-block-gallery columns-2 is-cropped\"><li class=\"blocks-gallery-item\"><figure><img loading=\"lazy\" width=\"716\" height=\"537\" src=\"https:\/\/www.uta.cl\/wp-content\/uploads\/2019\/06\/4.jpg\" alt=\"\" data-id=\"8984\" data-link=\"https:\/\/www.uta.cl\/?attachment_id=8984\" class=\"wp-image-8984\" srcset=\"https:\/\/www.uta.cl\/wp-content\/uploads\/2019\/06\/4.jpg 716w, https:\/\/www.uta.cl\/wp-content\/uploads\/2019\/06\/4-300x225.jpg 300w\" sizes=\"(max-width: 716px) 100vw, 716px\" \/><\/figure><\/li><li class=\"blocks-gallery-item\"><figure><img loading=\"lazy\" width=\"695\" height=\"537\" src=\"https:\/\/www.uta.cl\/wp-content\/uploads\/2019\/06\/3.jpg\" alt=\"\" data-id=\"8983\" data-link=\"https:\/\/www.uta.cl\/?attachment_id=8983\" class=\"wp-image-8983\" srcset=\"https:\/\/www.uta.cl\/wp-content\/uploads\/2019\/06\/3.jpg 695w, https:\/\/www.uta.cl\/wp-content\/uploads\/2019\/06\/3-300x232.jpg 300w\" sizes=\"(max-width: 695px) 100vw, 695px\" \/><\/figure><\/li><\/ul>\n\n\n\n<p>Finalmente, en esta actividad, se continu\u00f3 con el proceso de distribuci\u00f3n de semillas a nuevos agricultores, incentivando su cultivo y producci\u00f3n, extendi\u00e9ndose adem\u00e1s la invitaci\u00f3n a las pr\u00f3ximas actividades de capacitaci\u00f3n y difusi\u00f3n entre las que se encuentra el desarrollo de \u201cPoncho Negro\u201d como porta-injerto de variedades comerciales en el valle de Lluta y el manejo fitosanitario del cultivo.<\/p>\n","protected":false},"excerpt":{"rendered":"<p>Con la participaci\u00f3n de agricultores del sector alto del valle de Lluta se dio inicio al primer d\u00eda de campo del a\u00f1o 2019 del proyecto FIA PYT-2017-0674: &#8220;Recuperaci\u00f3n y masificaci\u00f3n de la producci\u00f3n del tomate &#8220;Poncho Negro&#8221;: un patrimonio agrario ancestral de la XV Regi\u00f3n de Arica y Parinacota: Una alternativa productiva y de adaptaci\u00f3n [&hellip;]<\/p>\n","protected":false},"author":3,"featured_media":8981,"comment_status":"open","ping_status":"open","sticky":false,"template":"","format":"standard","meta":[],"categories":[39,51],"tags":[],"_links":{"self":[{"href":"https:\/\/www.uta.cl\/index.php\/wp-json\/wp\/v2\/posts\/8980"}],"collection":[{"href":"https:\/\/www.uta.cl\/index.php\/wp-json\/wp\/v2\/posts"}],"about":[{"href":"https:\/\/www.uta.cl\/index.php\/wp-json\/wp\/v2\/types\/post"}],"author":[{"embeddable":true,"href":"https:\/\/www.uta.cl\/index.php\/wp-json\/wp\/v2\/users\/3"}],"replies":[{"embeddable":true,"href":"https:\/\/www.uta.cl\/index.php\/wp-json\/wp\/v2\/comments?post=8980"}],"version-history":[{"count":1,"href":"https:\/\/www.uta.cl\/index.php\/wp-json\/wp\/v2\/posts\/8980\/revisions"}],"predecessor-version":[{"id":8985,"href":"https:\/\/www.uta.cl\/index.php\/wp-json\/wp\/v2\/posts\/8980\/revisions\/8985"}],"wp:featuredmedia":[{"embeddable":true,"href":"https:\/\/www.uta.cl\/index.php\/wp-json\/wp\/v2\/media\/8981"}],"wp:attachment":[{"href":"https:\/\/www.uta.cl\/index.php\/wp-json\/wp\/v2\/media?parent=8980"}],"wp:term":[{"taxonomy":"category","embeddable":true,"href":"https:\/\/www.uta.cl\/index.php\/wp-json\/wp\/v2\/categories?post=8980"},{"taxonomy":"post_tag","embeddable":true,"href":"https:\/\/www.uta.cl\/index.php\/wp-json\/wp\/v2\/tags?post=8980"}],"curies":[{"name":"wp","href":"https:\/\/api.w.org\/{rel}","templated":true}]}}