{"id":8949,"date":"2019-06-07T00:40:59","date_gmt":"2019-06-07T00:40:59","guid":{"rendered":"https:\/\/www.uta.cl\/?p=8949"},"modified":"2019-06-11T19:17:15","modified_gmt":"2019-06-11T19:17:15","slug":"con-descubrimiento-de-placas-rector-dr-emilio-rodriguez-ponce-realiza-reconocimiento-a-ex-academicos-carlos-herrera-saavedra-y-claudio-diaz-melendez","status":"publish","type":"post","link":"https:\/\/www.uta.cl\/index.php\/2019\/06\/07\/con-descubrimiento-de-placas-rector-dr-emilio-rodriguez-ponce-realiza-reconocimiento-a-ex-academicos-carlos-herrera-saavedra-y-claudio-diaz-melendez\/","title":{"rendered":"Con descubrimiento de placas Rector Dr. Emilio Rodr\u00edguez Ponce realiza reconocimientos a ex acad\u00e9micos Carlos Herrera Saavedra y Claudio D\u00edaz Mel\u00e9ndez"},"content":{"rendered":"\n<p>Este jueves 4 de junio fue una jornada llena de emociones y recuerdos al realizarse las ceremonias de reconocimiento a ex acad\u00e9micos y directivos UTA, por sus valiosas contribuciones a esta Casa de Estudios Superiores, encuentros que contaron con la presencia del Rector de la Universidad de Tarapac\u00e1, Dr. Emilio Rodr\u00edguez Ponce, integrantes del equipo de gesti\u00f3n, decanos, acad\u00e9micos, funcionarios, estudiantes y familiares de los homenajeados. <\/p>\n\n\n\n<p>Auditorio Carlos Herrera Saavedra<\/p>\n\n\n\n<p>Al mediod\u00eda, en la Sala Centenario del Campus Saucache, se procedi\u00f3 a descubrir la placa, la cual llevar\u00e1 el nombre del ex acad\u00e9mico y directivo, Carlos Herrera Saavedra, en reconocimiento a su trayectoria como jefe de Carrera de Pedagog\u00eda en Educaci\u00f3n B\u00e1sica, director de Departamento de Educaci\u00f3n, director y acad\u00e9mico de los programas de licenciatura y Mag\u00edster en Educaci\u00f3n de la facultad, decano de la Facultad de Educaci\u00f3n y Humanidades durante cuatro per\u00edodos y director de Relaciones Internacionales de esta Casa de Estudios Superiores. <\/p>\n\n\n\n<figure class=\"wp-block-image\"><img loading=\"lazy\" width=\"1000\" height=\"667\" src=\"https:\/\/www.uta.cl\/wp-content\/uploads\/2019\/06\/foto-principal.jpg\" alt=\"\" class=\"wp-image-8951\" srcset=\"https:\/\/www.uta.cl\/wp-content\/uploads\/2019\/06\/foto-principal.jpg 1000w, https:\/\/www.uta.cl\/wp-content\/uploads\/2019\/06\/foto-principal-300x200.jpg 300w, https:\/\/www.uta.cl\/wp-content\/uploads\/2019\/06\/foto-principal-768x512.jpg 768w\" sizes=\"(max-width: 1000px) 100vw, 1000px\" \/><\/figure>\n\n\n\n<p>En esta ocasi\u00f3n, el Rector de la Universidad de Tarapac\u00e1, Dr. Emilio Rodr\u00edguez Ponce, destac\u00f3 que, \u201cCarlos Herrera es una figura relevante en la historia de nuestra Universidad. Es una persona que ha asumido roles fundamentales desde la d\u00e9cada de los 80 y que luego de 35 a\u00f1os de servicio opt\u00f3 por el retiro. Nosotros creemos que es muy importante que instituciones como la nuestra est\u00e1n construyendo su historia, tengan el espacio, la sensibilidad y la consideraci\u00f3n para poder reconocer en vida a aquellos que han desplegado lo mejor de sus talentos, de su esfuerzo, una entrega generosa en la labor que se realiza d\u00eda a d\u00eda y con proyecci\u00f3n de futuro como lo hizo adem\u00e1s Carlos Herrera. Se trata de una persona que ha sido un referente, un ejemplo y para nosotros es realmente un honor y un orgullo poder entregar esta distinci\u00f3n\u201d. <\/p>\n\n\n\n<p>En tanto, el ex acad\u00e9mico de la Facultad de Educaci\u00f3n y Humanidades, Carlos Herrera Saavedra, entreg\u00f3 sus palabras de agradecimiento, expresando que, \u201cme siento muy feliz y agradecido de lo que ha hecho esta Universidad al darme este reconocimiento. Esto ha sido para m\u00ed como un broche de oro en mi vida profesional y personal. Agradecido por estos 35 a\u00f1os entregados a la Universidad de Tarapac\u00e1. Fui acad\u00e9mico fundador de esta Instituci\u00f3n en la cual iniciamos las primeras actividades como el estandarte, la insignia y el himno de la UTA cuando nac\u00eda y que se despleg\u00f3 y difundi\u00f3 a trav\u00e9s de todo el norte de nuestro pa\u00eds\u201d. <\/p>\n\n\n\n<p>Sala de Eventos Claudio D\u00edaz Mel\u00e9ndez<\/p>\n\n\n\n<p>Por la tarde, a las 16:00 horas, autoridades universitarias, decanos, acad\u00e9micos, estudiantes y familiares se dieron cita en la Sala de Eventos de la Facultad de Ciencias, para reconocer al ex acad\u00e9mico y tambi\u00e9n directivo, Claudio D\u00edaz Mel\u00e9ndez, quien por 52 a\u00f1os dedic\u00f3 su labor docente en la UTA como consejero acad\u00e9mico, director del Departamento de Qu\u00edmica en tres per\u00edodos, director del proyecto Mecesup que dio origen al Centro de Innovaci\u00f3n y Desarrollo de la Docencia CIDD, decano de la Facultad de Ciencias  en cinco per\u00edodos y vicerrector acad\u00e9mico en dos per\u00edodos rectorales.<\/p>\n\n\n\n<figure class=\"wp-block-image\"><img loading=\"lazy\" width=\"1000\" height=\"667\" src=\"https:\/\/www.uta.cl\/wp-content\/uploads\/2019\/06\/foto-principal-2.jpg\" alt=\"\" class=\"wp-image-8952\" srcset=\"https:\/\/www.uta.cl\/wp-content\/uploads\/2019\/06\/foto-principal-2.jpg 1000w, https:\/\/www.uta.cl\/wp-content\/uploads\/2019\/06\/foto-principal-2-300x200.jpg 300w, https:\/\/www.uta.cl\/wp-content\/uploads\/2019\/06\/foto-principal-2-768x512.jpg 768w\" sizes=\"(max-width: 1000px) 100vw, 1000px\" \/><\/figure>\n\n\n\n<p>\u201cLa Universidad es esto, es la construcci\u00f3n de una comunidad donde los que interact\u00faan al final del d\u00eda son personas y las personas que van dejando huellas en el camino como Claudio D\u00edaz, sin duda se merecen un reconocimiento de esta envergadura en la cual una sala ubicada en el Campus Vel\u00e1squez lleva su nombre, legado que esperamos sea imperecedero\u201d, se\u00f1al\u00f3 la m\u00e1xima autoridad universitaria Dr. Emilio Rodr\u00edguez Ponce. <\/p>\n\n\n\n<p>Agreg\u00f3 que, \u201cen este contexto, sin duda que las personas que han ido aportando como Claudio D\u00edaz, tanto en la docencia como en la investigaci\u00f3n, donde fue uno de los primeros investigadores que tuvo la Universidad, llegando a la jerarqu\u00eda de profesor titular en la d\u00e9cada de los 80; adem\u00e1s tuvo los m\u00e1s altos cargos como la vicerrector\u00eda acad\u00e9mica en dos per\u00edodos; cinco veces decano elegido por sus pares en diferentes per\u00edodos de tiempo, sin duda alguna,  merece un reconocimiento y un alto en el camino para testimoniar a una persona que ha tenido una conducta, un desempe\u00f1o notable y principalmente, una persona sobresaliente, pero adem\u00e1s un extraordinario acad\u00e9mico\u201d. <\/p>\n\n\n\n<p>El acto culmin\u00f3 con el descubrimiento de la placa recordatoria del auditorio que llevar\u00e1 por nombre Claudio D\u00edaz Mel\u00e9ndez, quien con emoci\u00f3n agradeci\u00f3 a la Universidad de Tarapac\u00e1 por este reconocimiento a su trayectoria. \u201cHa sido una sorpresa porque no ten\u00eda previsto este reconocimiento, pero no me extra\u00f1a, conociendo la calidad humana del rector, de su equipo y de mis colegas donde compartimos tanta vida durante tantos a\u00f1os me hace sentir doblemente privilegiado. Llevo a la UTA  en mi coraz\u00f3n, toda la vida dedicada exclusivamente a esta Universidad y agradezco a las autoridades universitarias y principalmente a mi familia, a mi se\u00f1ora y a mis hijos, porque con ellos desarrollamos toda esta vida laboral y que hoy es reconocida tan brillantemente por la comunidad universitaria\u201d. <\/p>\n\n\n\n<figure class=\"wp-block-image\"><a href=\"https:\/\/photos.app.goo.gl\/QFAbBRQQz3MmpZKBA\" target=\"_blank\"><img loading=\"lazy\" width=\"300\" height=\"60\" src=\"https:\/\/www.uta.cl\/wp-content\/uploads\/2019\/05\/ver_galeria.jpg\" alt=\"\" class=\"wp-image-8828\"><\/a><\/figure>\n","protected":false},"excerpt":{"rendered":"<p>Ambas ceremonias contaron con la presencia de la comunidad universitaria e invitados especiales<\/p>\n","protected":false},"author":3,"featured_media":8950,"comment_status":"open","ping_status":"open","sticky":false,"template":"","format":"standard","meta":[],"categories":[],"tags":[],"_links":{"self":[{"href":"https:\/\/www.uta.cl\/index.php\/wp-json\/wp\/v2\/posts\/8949"}],"collection":[{"href":"https:\/\/www.uta.cl\/index.php\/wp-json\/wp\/v2\/posts"}],"about":[{"href":"https:\/\/www.uta.cl\/index.php\/wp-json\/wp\/v2\/types\/post"}],"author":[{"embeddable":true,"href":"https:\/\/www.uta.cl\/index.php\/wp-json\/wp\/v2\/users\/3"}],"replies":[{"embeddable":true,"href":"https:\/\/www.uta.cl\/index.php\/wp-json\/wp\/v2\/comments?post=8949"}],"version-history":[{"count":4,"href":"https:\/\/www.uta.cl\/index.php\/wp-json\/wp\/v2\/posts\/8949\/revisions"}],"predecessor-version":[{"id":9093,"href":"https:\/\/www.uta.cl\/index.php\/wp-json\/wp\/v2\/posts\/8949\/revisions\/9093"}],"wp:featuredmedia":[{"embeddable":true,"href":"https:\/\/www.uta.cl\/index.php\/wp-json\/wp\/v2\/media\/8950"}],"wp:attachment":[{"href":"https:\/\/www.uta.cl\/index.php\/wp-json\/wp\/v2\/media?parent=8949"}],"wp:term":[{"taxonomy":"category","embeddable":true,"href":"https:\/\/www.uta.cl\/index.php\/wp-json\/wp\/v2\/categories?post=8949"},{"taxonomy":"post_tag","embeddable":true,"href":"https:\/\/www.uta.cl\/index.php\/wp-json\/wp\/v2\/tags?post=8949"}],"curies":[{"name":"wp","href":"https:\/\/api.w.org\/{rel}","templated":true}]}}