{"id":8935,"date":"2019-06-05T22:24:11","date_gmt":"2019-06-05T22:24:11","guid":{"rendered":"https:\/\/www.uta.cl\/?p=8935"},"modified":"2019-06-06T17:38:44","modified_gmt":"2019-06-06T17:38:44","slug":"en-la-semana-ariquena-biblioteca-libera-texto-digital-sobra-la-situacion-de-arica-en-la-post-guerra-del-pacifico","status":"publish","type":"post","link":"https:\/\/www.uta.cl\/index.php\/2019\/06\/05\/en-la-semana-ariquena-biblioteca-libera-texto-digital-sobra-la-situacion-de-arica-en-la-post-guerra-del-pacifico\/","title":{"rendered":"En la Semana Arique\u00f1a, Biblioteca libera texto digital sobre la situaci\u00f3n de Arica en la Post Guerra del Pac\u00edfico"},"content":{"rendered":"\n<p>Inici\u00e1ndose la semana arique\u00f1a en nuestra ciudad, el Sistema de Bibliotecas pone a disposici\u00f3n de la comunidad el texto \u201cImaginarios nacionales de la frontera norte chilena. Revistas magazinescas (1883-1930)\u201d, editado por los acad\u00e9micos del Departamento de Ciencias Hist\u00f3ricas y Geogr\u00e1ficas de la Facultad de Educaci\u00f3n y Humanidades, Dr. Luis Galdames, Dr. Rodrigo Ruz y Dr. Alberto D\u00edaz.<\/p>\n\n\n\n<p>El texto descargable en\u00a0\u00a0versi\u00f3n PDF, se encuentra disponible en la plataforma de \u201cRepositorio Digital\u201d de Biblioteca, a la que se puede acceder desde la p\u00e1gina web de la unidad en el siguiente link <a href=\"http:\/\/sb.uta.cl\/libros\/40485-IMAGINARIOS%20NACIONALES.pdf\" target=\"_blank\" rel=\"noreferrer noopener\" aria-label=\"http:\/\/sb.uta.cl\/libros\/40485-IMAGINARIOS%20NACIONALES.pdf (abre en una nueva pesta\u00f1a)\">http:\/\/sb.uta.cl\/libros\/40485-IMAGINARIOS%20NACIONALES.pdf<\/a><\/p>\n\n\n\n<p>El texto recoge una serie de trabajos evaluados por \u00e1rbitros y pares externos respecto del per\u00edodo de ocupaci\u00f3n por las fuerzas chilenas de los territorios de Arica y Tacna, una vez finalizada la Guerra del Pac\u00edfico y hasta 1929, momento en el que se conocer\u00eda el destino de ambas ciudades y alrededores, en cuanto a dependencia nacional peruana o chilena. <\/p>\n\n\n\n<p>Esto bajo una mirada eminentemente cultural que da cuenta de la l\u00f3gica con la que se buscaba, por parte de la rep\u00fablica chilena pero principalmente por parte de los medios de comunicaci\u00f3n, asentar la idea de \u201clo chileno\u201d frente a \u201clo peruano\u201d.<\/p>\n\n\n\n<p>El texto pone a disposici\u00f3n de la comunidad especialista y regional de un enfoque historiogr\u00e1fico renovado, con nuevos materiales desarrollados y novedosas metodolog\u00edas de trabajo.<\/p>\n\n\n\n<p>Para el Dr. Luis Galdames el texto \u201cse publica con la intenci\u00f3n liberadora de dar a conocer no s\u00f3lo a los especialistas, sino que tambi\u00e9n a la comunidad y sociedad, aspectos sensibles de la historia nacional, regional y global; ya que se trata de un conflicto que fue la principal tensi\u00f3n en Latinoam\u00e9rica en el paso del siglo XIX al XX, y en donde tambi\u00e9n particip\u00f3 EE.UU. en su calidad de \u00e1rbitro. Es por ello que lo ocurrido en Arica, es tan relevante, porque escala de un conflicto regional y nacional a uno internacional\u201d.<\/p>\n\n\n\n<p>El Dr. Alberto D\u00edaz, co-editor del texto y Director de Investigaci\u00f3n, Postgrado y Transferencia Tecnol\u00f3gica, se\u00f1al\u00f3 que \u201cLas din\u00e1micas culturales en la regi\u00f3n se cimientan en esta etapa, la chilenizaci\u00f3n de la zona modific\u00f3 las expresiones simb\u00f3licas que se llenaron de un tinte nacionalista observado hasta el d\u00eda de hoy. Hay en general una sombra de tensi\u00f3n las identidades nacionales que en estas fechas vuelve a presentarse en toda la macrorregi\u00f3n, en la que a\u00fan se perciben los resabios del conflicto\u201d.<\/p>\n\n\n\n<p>Para Dr. Rodrigo Ruz, tambi\u00e9n editor y Director del Sistema de Bibliotecas de la universidad \u201cse trata de un texto relevante, que re\u00fane trabajos producidos dentro de proyectos de investigaci\u00f3n financiada por FONDECYT. Para Arica y la regi\u00f3n en general la situaci\u00f3n post Guerra del Pac\u00edfico es importante, ya que marca un momento de la historia llena de tensiones, pero tambi\u00e9n de encuentros que son necesarios de abordar. La historiograf\u00eda regional, especialmente ha sabido auscultar en estos \u00faltimos a\u00f1os, nuevos materiales y m\u00e9todos, desarrollando tambi\u00e9n nuevos problemas de investigaci\u00f3n, que han permitido dinamizar y otorgar matices a los temas que se estudian y que dan cuenta que la historia es din\u00e1mica y exige frecuente y sistem\u00e1ticamente re lecturas e interpretaciones. La historia siempre debe estar vigente\u201d.<\/p>\n\n\n\n<p>El texto fue desarrollado en el contexto de las l\u00edneas editoriales establecidas en el Convenio de Desempe\u00f1o Regional (CD 1307).<\/p>\n\n\n\n<figure class=\"wp-block-image\"><img loading=\"lazy\" width=\"667\" height=\"1024\" src=\"https:\/\/www.uta.cl\/wp-content\/uploads\/2019\/06\/programa-667x1024.jpg\" alt=\"\" class=\"wp-image-8936\" srcset=\"https:\/\/www.uta.cl\/wp-content\/uploads\/2019\/06\/programa-667x1024.jpg 667w, https:\/\/www.uta.cl\/wp-content\/uploads\/2019\/06\/programa-195x300.jpg 195w, https:\/\/www.uta.cl\/wp-content\/uploads\/2019\/06\/programa-768x1179.jpg 768w, https:\/\/www.uta.cl\/wp-content\/uploads\/2019\/06\/programa.jpg 1000w\" sizes=\"(max-width: 667px) 100vw, 667px\" \/><\/figure>\n","protected":false},"excerpt":{"rendered":"<p>El texto \u201cImaginarios nacionales de la frontera norte chilena. Revistas magazinescas (1883-1930)\u201d.<\/p>\n","protected":false},"author":3,"featured_media":8936,"comment_status":"open","ping_status":"open","sticky":false,"template":"","format":"standard","meta":[],"categories":[52,51],"tags":[],"_links":{"self":[{"href":"https:\/\/www.uta.cl\/index.php\/wp-json\/wp\/v2\/posts\/8935"}],"collection":[{"href":"https:\/\/www.uta.cl\/index.php\/wp-json\/wp\/v2\/posts"}],"about":[{"href":"https:\/\/www.uta.cl\/index.php\/wp-json\/wp\/v2\/types\/post"}],"author":[{"embeddable":true,"href":"https:\/\/www.uta.cl\/index.php\/wp-json\/wp\/v2\/users\/3"}],"replies":[{"embeddable":true,"href":"https:\/\/www.uta.cl\/index.php\/wp-json\/wp\/v2\/comments?post=8935"}],"version-history":[{"count":4,"href":"https:\/\/www.uta.cl\/index.php\/wp-json\/wp\/v2\/posts\/8935\/revisions"}],"predecessor-version":[{"id":8940,"href":"https:\/\/www.uta.cl\/index.php\/wp-json\/wp\/v2\/posts\/8935\/revisions\/8940"}],"wp:featuredmedia":[{"embeddable":true,"href":"https:\/\/www.uta.cl\/index.php\/wp-json\/wp\/v2\/media\/8936"}],"wp:attachment":[{"href":"https:\/\/www.uta.cl\/index.php\/wp-json\/wp\/v2\/media?parent=8935"}],"wp:term":[{"taxonomy":"category","embeddable":true,"href":"https:\/\/www.uta.cl\/index.php\/wp-json\/wp\/v2\/categories?post=8935"},{"taxonomy":"post_tag","embeddable":true,"href":"https:\/\/www.uta.cl\/index.php\/wp-json\/wp\/v2\/tags?post=8935"}],"curies":[{"name":"wp","href":"https:\/\/api.w.org\/{rel}","templated":true}]}}