{"id":8917,"date":"2019-06-05T13:04:20","date_gmt":"2019-06-05T13:04:20","guid":{"rendered":"https:\/\/www.uta.cl\/?p=8917"},"modified":"2019-06-05T13:04:20","modified_gmt":"2019-06-05T13:04:20","slug":"mas-de-30-lideres-estudiantiles-se-reunen-en-la-cumbre-uta-2019","status":"publish","type":"post","link":"https:\/\/www.uta.cl\/index.php\/2019\/06\/05\/mas-de-30-lideres-estudiantiles-se-reunen-en-la-cumbre-uta-2019\/","title":{"rendered":"M\u00e1s de 30 l\u00edderes estudiantiles se re\u00fanen en la Cumbre UTA 2019"},"content":{"rendered":"\n<p>Durante toda la jornada del d\u00eda lunes 3 de junio, alrededor de 36 j\u00f3venes l\u00edderes estudiantiles participaron en la \u201cCumbre de L\u00edderes Estudiantiles UTA 2019\u201d, en la cual se cont\u00f3 con la participaci\u00f3n del Rector de la Universidad de Tarapac\u00e1, integrantes del equipo de gesti\u00f3n, decanos, FEUT y directivas de los centros de alumnos de las diferentes carreras que imparte esta Casa de Estudios Superiores.<\/p>\n\n\n\n<figure class=\"wp-block-image\"><img loading=\"lazy\" width=\"1000\" height=\"665\" src=\"https:\/\/www.uta.cl\/wp-content\/uploads\/2019\/06\/base.jpg\" alt=\"\" class=\"wp-image-8918\" srcset=\"https:\/\/www.uta.cl\/wp-content\/uploads\/2019\/06\/base.jpg 1000w, https:\/\/www.uta.cl\/wp-content\/uploads\/2019\/06\/base-300x200.jpg 300w, https:\/\/www.uta.cl\/wp-content\/uploads\/2019\/06\/base-768x511.jpg 768w\" sizes=\"(max-width: 1000px) 100vw, 1000px\" \/><\/figure>\n\n\n\n<p>Organizada por la Direcci\u00f3n de Asuntos Estudiantiles (DAE), esta instancia busca que los miembros de las directivas de centros de alumnos y la FEUT tengan la oportunidad de conocerse entre s\u00ed, intercambiar experiencias, interiorizarse m\u00e1s sobre la UTA y los servicios que se les brinda, junto con mantener un di\u00e1logo franco con las autoridades presentes, revisando las metas y desaf\u00edos institucionales com\u00fanes. <\/p>\n\n\n\n<p>Para la Directora de Asuntos Estudiantiles y organizadora del encuentro, Dra. Ingrid Fern\u00e1ndez Carvajal, este encuentro \u201cCumbre de L\u00edderes Estudiantiles UTA 2019\u201d, nace de la necesidad de establecer una comunicaci\u00f3n fluida entre alumnos y autoridades universitarias, debido a que muchas de las problem\u00e1ticas se generan por la falta de informaci\u00f3n. \u201cCon este primer encuentro queremos que sea una actividad emblem\u00e1tica que se realice una vez al a\u00f1o y que congregue a los presidentes de los centros de alumnos para discutir, conversar y escuchar nuevas miradas de los estudiantes respecto a problem\u00e1ticas que son comunes tanto para los estudiantes y funcionarios como tambi\u00e9n para los acad\u00e9micos y directivos\u201d.<\/p>\n\n\n\n<p>La jornada se abri\u00f3 con las palabras de bienvenida del Rector de la Universidad de Tarapac\u00e1, Dr. Emilio Rodr\u00edguez Ponce, quien expres\u00f3: \u201cesta cumbre tiene una relevancia importante para nuestra Universidad, en la cual se podr\u00e1n intercambiar un conjunto de miradas, opiniones y decisiones y conocer mejor lo que se est\u00e1 definiendo para el desarrollo estrat\u00e9gico de nuestra Casa de Estudios Superiores\u201d. <\/p>\n\n\n\n<p>Mediante exposiciones y actividades realizadas en la Sala de Eventos de la Facultad de Ciencias de la Salud (FACSAL) los j\u00f3venes trabajaron en torno a diferentes tem\u00e1ticas asociadas a su rol como representantes. En ese contexto, la Vicerrectora de Desarrollo Estrat\u00e9gico, Dra. Jenniffer Peralta Montecinos, expuso el \u201cPlan de Desarrollo Estrat\u00e9gico de la UTA\u201d; el director de Log\u00edstica, Obras y Operaciones, Jorge C\u00e1ceres Godoy detall\u00f3 el trabajo que se realiza con los \u201cProyectos constructivos UTA: presente y futuro\u201d, para luego dar paso al Vicerrector de Administraci\u00f3n y Finanzas, \u00c1lvaro Palma Quiroz, quien convers\u00f3 sobre el \u201cFinanciamiento estudiantil: entorno nacional y sus repercusiones locales\u201d. <\/p>\n\n\n\n<p>Tambi\u00e9n presentaron sus ponencias, la Directora de Equidad de G\u00e9nero, Dra. Claudia Moraga Contreras con el tema \u201cAvances y desaf\u00edos de la Direcci\u00f3n de Equidad de G\u00e9nero de la UTA\u201d y la Presidenta de la Federaci\u00f3n de Estudiantes, Paloma Tapia Berrios, con la exposici\u00f3n \u201cProblem\u00e1tica y proyecciones del Movimiento Estudiantil\u201d. Por la tarde, en la Sala 207 del Aulario C del Campus Saucache, fue el turno de la presentaci\u00f3n de la Directora de Asuntos Estudiantiles, Dra. Ingrid Fern\u00e1ndez Carvajal, quien convers\u00f3 sobre \u201cLos Avances y desaf\u00edos de la Direcci\u00f3n de Asuntos Estudiantiles\u201d, para continuar con un taller de discusi\u00f3n separado en grupos. <\/p>\n\n\n\n<p>El encuentro finaliz\u00f3 con el plenario donde los tres grupos conformados previamente, realizaron sus presentaciones ante las autoridades universitarias presentes, donde dieron a conocer sus problem\u00e1ticas y soluciones referidas a tem\u00e1ticas como reajuste de las mallas curriculares, equipamientos de laboratorios, vinculaci\u00f3n con el medio, salud mental y de urgencias, seguridad, espacios deportivos y de recreaci\u00f3n, carga acad\u00e9mica, cuidado del medio ambiente, entre otros importantes temas.<\/p>\n\n\n\n<p>Di\u00e1logo con Rector<\/p>\n\n\n\n<p>Junto con ello, los estudiantes tuvieron la oportunidad de conversar directamente con el Rector Dr. Emilio Rodr\u00edguez Ponce, quien destac\u00f3 la participaci\u00f3n y entusiasmo de los j\u00f3venes. En dicha instancia, la m\u00e1xima autoridad universitaria escuch\u00f3 las inquietudes de los estudiantes y respondi\u00f3 a sus preguntas invitando a los representantes a trabajar en forma conjunta por una mejor Universidad.<\/p>\n\n\n\n<p>\u201cTenemos j\u00f3venes muy motivados por construir un liderazgo efectivo, positivo y que propenda al desarrollo de la Universidad, representando los leg\u00edtimos intereses de los estudiantes que no siempre y en todos los casos est\u00e1n perfectamente alineados con los intereses que pudiesen tener otros estamentos dentro de la Universidad. Sin embargo, lo importante es que las instancias como las que tenemos dentro del sistema universitario exista posibilidad de di\u00e1logo, conversaci\u00f3n y de intercambio de ideas y esta jornada ha sido extraordinariamente positiva en ese sentido\u201d, indic\u00f3 el Rector Rodr\u00edguez Ponce.<\/p>\n\n\n\n<p>Agreg\u00f3 que, \u201clas problem\u00e1ticas que se han planteado admiten soluciones que son importantes de asumir y que tienen un alcance, una significaci\u00f3n y una proyecci\u00f3n en el mediano y largo plazo. En consecuencia, hoy ha sido una jornada donde hemos avanzado en la construcci\u00f3n de comunidad universitaria, en la cual hemos tenido una actitud altamente favorable de los estudiantes, con los matices y diferencias que pueden existir entre estamentos que son diferentes pero con mucho respeto y con la responsabilidad de una co-construcci\u00f3n de cara al futuro\u201d. <\/p>\n\n\n\n<p>Por su parte, Paloma Tapia Barrios, Presidenta de la AFUT, se\u00f1al\u00f3 que, \u201cEsta \u201cCumbre de L\u00edderes Estudiantiles UTA 2019\u201d marca un precedente junto con un avance en cuanto a poder escuchar cu\u00e1les son las demandas y problem\u00e1ticas que tenemos como movimiento estudiantil donde hemos escuchado las distintas exposiciones las autoridades universitarias pero nos quedamos con grandes desaf\u00edos que ojal\u00e1 podamos materializar lo m\u00e1s inmediatamente posible, porque consideramos que en este corto per\u00edodo de tiempo, podemos hacer grandes cambios que puedan dejar cimientos firmes para las pr\u00f3ximas generaciones universitarias\u201d. <\/p>\n\n\n\n<figure class=\"wp-block-image\"><a href=\"https:\/\/photos.app.goo.gl\/4NaHPpH2iBVYiqPw8\" target=\"_blank\"><img loading=\"lazy\" width=\"300\" height=\"60\" src=\"https:\/\/www.uta.cl\/wp-content\/uploads\/2019\/05\/ver_galeria.jpg\" alt=\"\" class=\"wp-image-8828\"\/><\/a><\/figure>\n","protected":false},"excerpt":{"rendered":"<p>La jornada tuvo por finalidad reflexionar sobre su rol como representantes, conocer los distintos servicios que les brinda la Universidad de Tarapac\u00e1 para el ejercicio de su cargo, junto con intercambiar experiencias entre s\u00ed y dialogar con el Rector Rodr\u00edguez y otras autoridades.<\/p>\n","protected":false},"author":3,"featured_media":8918,"comment_status":"open","ping_status":"open","sticky":false,"template":"","format":"standard","meta":[],"categories":[],"tags":[],"_links":{"self":[{"href":"https:\/\/www.uta.cl\/index.php\/wp-json\/wp\/v2\/posts\/8917"}],"collection":[{"href":"https:\/\/www.uta.cl\/index.php\/wp-json\/wp\/v2\/posts"}],"about":[{"href":"https:\/\/www.uta.cl\/index.php\/wp-json\/wp\/v2\/types\/post"}],"author":[{"embeddable":true,"href":"https:\/\/www.uta.cl\/index.php\/wp-json\/wp\/v2\/users\/3"}],"replies":[{"embeddable":true,"href":"https:\/\/www.uta.cl\/index.php\/wp-json\/wp\/v2\/comments?post=8917"}],"version-history":[{"count":1,"href":"https:\/\/www.uta.cl\/index.php\/wp-json\/wp\/v2\/posts\/8917\/revisions"}],"predecessor-version":[{"id":8919,"href":"https:\/\/www.uta.cl\/index.php\/wp-json\/wp\/v2\/posts\/8917\/revisions\/8919"}],"wp:featuredmedia":[{"embeddable":true,"href":"https:\/\/www.uta.cl\/index.php\/wp-json\/wp\/v2\/media\/8918"}],"wp:attachment":[{"href":"https:\/\/www.uta.cl\/index.php\/wp-json\/wp\/v2\/media?parent=8917"}],"wp:term":[{"taxonomy":"category","embeddable":true,"href":"https:\/\/www.uta.cl\/index.php\/wp-json\/wp\/v2\/categories?post=8917"},{"taxonomy":"post_tag","embeddable":true,"href":"https:\/\/www.uta.cl\/index.php\/wp-json\/wp\/v2\/tags?post=8917"}],"curies":[{"name":"wp","href":"https:\/\/api.w.org\/{rel}","templated":true}]}}