{"id":8899,"date":"2019-05-31T19:34:26","date_gmt":"2019-05-31T19:34:26","guid":{"rendered":"https:\/\/www.uta.cl\/?p=8899"},"modified":"2019-05-31T19:35:01","modified_gmt":"2019-05-31T19:35:01","slug":"ex-academico-presenta-sus-obras-en-exposicion-titulada-intuicion","status":"publish","type":"post","link":"https:\/\/www.uta.cl\/index.php\/2019\/05\/31\/ex-academico-presenta-sus-obras-en-exposicion-titulada-intuicion\/","title":{"rendered":"Ex acad\u00e9mico presenta sus obras en exposici\u00f3n titulada \u201cIntuici\u00f3n\u201d"},"content":{"rendered":"\n<div class=\"wp-block-image\"><figure class=\"alignleft is-resized\"><img loading=\"lazy\" src=\"https:\/\/www.uta.cl\/wp-content\/uploads\/2019\/05\/base-1.jpg\" alt=\"\" class=\"wp-image-8900\" width=\"312\" height=\"207\" srcset=\"https:\/\/www.uta.cl\/wp-content\/uploads\/2019\/05\/base-1.jpg 1000w, https:\/\/www.uta.cl\/wp-content\/uploads\/2019\/05\/base-1-300x200.jpg 300w, https:\/\/www.uta.cl\/wp-content\/uploads\/2019\/05\/base-1-768x512.jpg 768w\" sizes=\"(max-width: 312px) 100vw, 312px\" \/><\/figure><\/div>\n\n\n\n<p>Cuarenta pinturas forman parte de \u201cIntuici\u00f3n\u201d, la exposici\u00f3n del ex acad\u00e9mico de la Facultad de Educaci\u00f3n y Humanidades de la Universidad de Tarapac\u00e1, Carlos Herrera Saavedra, quien da vida a esta atractiva muestra que se present\u00f3 el pasado viernes 17 de mayo, en el Hall Central del Campus Saucache. <\/p>\n\n\n\n<p>Seg\u00fan lo explicado por el artista Carlos Herrera, \u201cIntuici\u00f3n\u201d, es una exposici\u00f3n que exhibe parte de su trabajo pict\u00f3rico y que en esta oportunidad quiso exponer en la Universidad de Tarapac\u00e1, Casa de Estudios Superiores que lo acogi\u00f3 como acad\u00e9mico y directivo por 35 a\u00f1os.  <\/p>\n\n\n\n<p>Para el Decano de la Facultad de Educaci\u00f3n y Humanidades, quien entreg\u00f3 inici\u00f3 el acto con sus palabras de bienvenida destac\u00f3 que este reconocimiento a la labor art\u00edstica realizada por el ex acad\u00e9mico en su periodo de retiro de las labores universitarias, \u201ces de suma importancia porque esta exposici\u00f3n como otras que vendr\u00e1n significa que nuestra Facultad de aqu\u00ed en adelante tendr\u00e1 siempre espacios de ocio para sus acad\u00e9micos retirados, quienes han entregado una vida formando personas integrales, adem\u00e1s de aportar con conocimiento y experiencia que les permitan desempe\u00f1arse como profesionales\u201d. <\/p>\n\n\n\n<p>Por su parte, El ex acad\u00e9mico Carlos Herrera Saavedra se\u00f1al\u00f3, \u201cesta exposici\u00f3n nace de casualidad. Ni yo mismo me la creo. Una vez retirado de la Universidad de Tarapac\u00e1 me puse a pensar qu\u00e9 pod\u00eda hacer y se me ocurri\u00f3 ir a un curso de pintura en la Caja de Los Andes y me dio buen resultado. De ah\u00ed empec\u00e9 a pintar y hoy se exhiben los resultados. En este momento se exhiben 40 cuadros y creo que el arte debe surgir nuevamente en la UTA y sin arte no hay calor humano\u201d. <\/p>\n\n\n\n<figure class=\"wp-block-image\"><a href=\"https:\/\/photos.app.goo.gl\/A1AYCgoNCjKHKNnr5\" target=\"_blank\"><img loading=\"lazy\" width=\"300\" height=\"60\" src=\"https:\/\/www.uta.cl\/wp-content\/uploads\/2019\/05\/ver_galeria.jpg\" alt=\"\" class=\"wp-image-8828\"\/><\/a><\/figure>\n","protected":false},"excerpt":{"rendered":"<p>Se trata de pinturas al \u00f3leo del ex acad\u00e9mico y directivo de la Facultad de Educaci\u00f3n y Humanidades, Carlos Herrera Saavedra. <\/p>\n","protected":false},"author":3,"featured_media":8900,"comment_status":"open","ping_status":"open","sticky":false,"template":"","format":"standard","meta":[],"categories":[51],"tags":[],"_links":{"self":[{"href":"https:\/\/www.uta.cl\/index.php\/wp-json\/wp\/v2\/posts\/8899"}],"collection":[{"href":"https:\/\/www.uta.cl\/index.php\/wp-json\/wp\/v2\/posts"}],"about":[{"href":"https:\/\/www.uta.cl\/index.php\/wp-json\/wp\/v2\/types\/post"}],"author":[{"embeddable":true,"href":"https:\/\/www.uta.cl\/index.php\/wp-json\/wp\/v2\/users\/3"}],"replies":[{"embeddable":true,"href":"https:\/\/www.uta.cl\/index.php\/wp-json\/wp\/v2\/comments?post=8899"}],"version-history":[{"count":1,"href":"https:\/\/www.uta.cl\/index.php\/wp-json\/wp\/v2\/posts\/8899\/revisions"}],"predecessor-version":[{"id":8901,"href":"https:\/\/www.uta.cl\/index.php\/wp-json\/wp\/v2\/posts\/8899\/revisions\/8901"}],"wp:featuredmedia":[{"embeddable":true,"href":"https:\/\/www.uta.cl\/index.php\/wp-json\/wp\/v2\/media\/8900"}],"wp:attachment":[{"href":"https:\/\/www.uta.cl\/index.php\/wp-json\/wp\/v2\/media?parent=8899"}],"wp:term":[{"taxonomy":"category","embeddable":true,"href":"https:\/\/www.uta.cl\/index.php\/wp-json\/wp\/v2\/categories?post=8899"},{"taxonomy":"post_tag","embeddable":true,"href":"https:\/\/www.uta.cl\/index.php\/wp-json\/wp\/v2\/tags?post=8899"}],"curies":[{"name":"wp","href":"https:\/\/api.w.org\/{rel}","templated":true}]}}