{"id":8812,"date":"2019-05-28T20:18:54","date_gmt":"2019-05-28T20:18:54","guid":{"rendered":"https:\/\/www.uta.cl\/?p=8812"},"modified":"2021-04-22T14:29:02","modified_gmt":"2021-04-22T14:29:02","slug":"alumnos-de-la-carrera-de-historia-y-geografia-participan-de-encuentro-en-tacna","status":"publish","type":"post","link":"https:\/\/www.uta.cl\/index.php\/2019\/05\/28\/alumnos-de-la-carrera-de-historia-y-geografia-participan-de-encuentro-en-tacna\/","title":{"rendered":"Alumnos de la carrera de Historia y Geograf\u00eda participan de encuentro en Tacna"},"content":{"rendered":"\n<p>Junto al acad\u00e9mico Dr. El\u00edas Pizarro Pizarro, jefe de Carrera de Historia y Geograf\u00eda de la Universidad de Tarapac\u00e1, los alumnos Armando Cerda, Benjam\u00edn Rosas, Gustavo Castillo, Jos\u00e9 A. G\u00f3mez y Andr\u00e9s Castillo participaron el pasado martes 14 de mayo, de un encuentro con estudiantes de la Universidad Privada de Tacna y la Universidad Nacional Jorge Basadre Grohmann.<\/p>\n\n\n\n<p>Dicha actividad, se enmarca dentro del seminario \u201cExperiencias Regionales, Estado Nacional e Integraci\u00f3n\u201d, que forma parte del  Proyecto Integraci\u00f3n entre Universidades Chilenas y Peruanas, coordinado por  los acad\u00e9micos  Dr. Eduardo Cavieres F. (Chile), Dr. Alfonso D\u00edaz A. (Chile) y el Dr. Lu\u00eds Cavagnaro O. (Per\u00fa). <\/p>\n\n\n\n<p>Junto con compartir experiencias de investigaci\u00f3n con los estudiantes del pa\u00eds vecino, los alumnos visitaron el Archivo Regional de Tacna y conversaron con sus pares de la Escuela de Historia de la Universidad Nacional Jorge Basadre Grohmann.<\/p>\n\n\n\n<p>El Mg. Ricardo Jim\u00e9nez P., valor\u00f3 junto a sus alumnos de Tacna, la importancia de internacionalizar este tipo de acciones universitarias. Por su parte el Mg. Omar Nieto C., Director de la Escuela de Historia (UNGBG) destac\u00f3 esta visita con miras de potenciar intercambios futuros en beneficio de los estudiantes. <\/p>\n\n\n\n<p>Para el acad\u00e9mico, Dr. El\u00edas Pizarro Pizarro, \u201ceste tipo de encuentros, permite entregar nuevas herramientas conceptuales y pr\u00e1cticas a los alumnos (particularmente a aquellos de cursos superiores de nivel de pre-grado) y situarles en el reconocimiento de lo propio, en el conocimiento de los otros y en el descubrimiento de las potencialidades que se pueden alcanzar en sociedades que se respetan  a s\u00ed mismas\u201d.<\/p>\n","protected":false},"excerpt":{"rendered":"<p>Junto al acad\u00e9mico Dr. El\u00edas Pizarro Pizarro, jefe de Carrera de Historia y Geograf\u00eda de la Universidad de Tarapac\u00e1, los alumnos Armando Cerda, Benjam\u00edn Rosas, Gustavo Castillo, Jos\u00e9 A. G\u00f3mez y Andr\u00e9s Castillo participaron el pasado martes 14 de mayo, de un encuentro con estudiantes de la Universidad Privada de Tacna y la Universidad Nacional [&hellip;]<\/p>\n","protected":false},"author":3,"featured_media":8813,"comment_status":"open","ping_status":"open","sticky":false,"template":"","format":"standard","meta":[],"categories":[48,32,100],"tags":[],"_links":{"self":[{"href":"https:\/\/www.uta.cl\/index.php\/wp-json\/wp\/v2\/posts\/8812"}],"collection":[{"href":"https:\/\/www.uta.cl\/index.php\/wp-json\/wp\/v2\/posts"}],"about":[{"href":"https:\/\/www.uta.cl\/index.php\/wp-json\/wp\/v2\/types\/post"}],"author":[{"embeddable":true,"href":"https:\/\/www.uta.cl\/index.php\/wp-json\/wp\/v2\/users\/3"}],"replies":[{"embeddable":true,"href":"https:\/\/www.uta.cl\/index.php\/wp-json\/wp\/v2\/comments?post=8812"}],"version-history":[{"count":1,"href":"https:\/\/www.uta.cl\/index.php\/wp-json\/wp\/v2\/posts\/8812\/revisions"}],"predecessor-version":[{"id":8815,"href":"https:\/\/www.uta.cl\/index.php\/wp-json\/wp\/v2\/posts\/8812\/revisions\/8815"}],"wp:featuredmedia":[{"embeddable":true,"href":"https:\/\/www.uta.cl\/index.php\/wp-json\/wp\/v2\/media\/8813"}],"wp:attachment":[{"href":"https:\/\/www.uta.cl\/index.php\/wp-json\/wp\/v2\/media?parent=8812"}],"wp:term":[{"taxonomy":"category","embeddable":true,"href":"https:\/\/www.uta.cl\/index.php\/wp-json\/wp\/v2\/categories?post=8812"},{"taxonomy":"post_tag","embeddable":true,"href":"https:\/\/www.uta.cl\/index.php\/wp-json\/wp\/v2\/tags?post=8812"}],"curies":[{"name":"wp","href":"https:\/\/api.w.org\/{rel}","templated":true}]}}