{"id":8802,"date":"2019-05-28T19:55:58","date_gmt":"2019-05-28T19:55:58","guid":{"rendered":"https:\/\/www.uta.cl\/?p=8802"},"modified":"2019-05-28T20:12:03","modified_gmt":"2019-05-28T20:12:03","slug":"direccion-academica-sede-iquique-participa-en-el-encuentro-de-la-mesa-regional-de-educacion-y-trabajo","status":"publish","type":"post","link":"https:\/\/www.uta.cl\/index.php\/2019\/05\/28\/direccion-academica-sede-iquique-participa-en-el-encuentro-de-la-mesa-regional-de-educacion-y-trabajo\/","title":{"rendered":"Direcci\u00f3n Acad\u00e9mica Sede Iquique participa en el encuentro de la Mesa Regional de Educaci\u00f3n y Trabajo"},"content":{"rendered":"\n<div class=\"wp-block-image\"><figure class=\"alignleft\"><img loading=\"lazy\" width=\"317\" height=\"171\" src=\"https:\/\/www.uta.cl\/wp-content\/uploads\/2019\/05\/mesa-regional.jpg\" alt=\"\" class=\"wp-image-8803\" srcset=\"https:\/\/www.uta.cl\/wp-content\/uploads\/2019\/05\/mesa-regional.jpg 317w, https:\/\/www.uta.cl\/wp-content\/uploads\/2019\/05\/mesa-regional-300x162.jpg 300w\" sizes=\"(max-width: 317px) 100vw, 317px\" \/><\/figure><\/div>\n\n\n\n<p>Con la misi\u00f3n de construir un n\u00facleo que favorezca la articulaci\u00f3n y la colaboraci\u00f3n entre las diversas instituciones educacionales de la Regi\u00f3n de Tarapac\u00e1, se realiz\u00f3 la primera reuni\u00f3n del a\u00f1o 2019 de la Mesa Regional de Educaci\u00f3n y Trabajo \u201cTarapac\u00e1 Educa\u201d. Una instancia de trabajo conjunto presidida por la Secretar\u00eda Regional Ministerial de Educaci\u00f3n de Tarapac\u00e1 y coordinada por la Fundaci\u00f3n Educacional Collahuasi.  <\/p>\n\n\n\n<p>En dicha reuni\u00f3n participaron directivos y profesionales de diversas instituciones educativas de la regi\u00f3n, tales como instituciones de educaci\u00f3n parvularia, municipalidades, instituciones p\u00fablicas y privadas de educaci\u00f3n superior, la Agencia de Calidad de la Educaci\u00f3n, la Superintendencia de Educaci\u00f3n y las Secretar\u00edas Regionales Ministeriales de Miner\u00eda y Trabajo.<\/p>\n\n\n\n<p>En representaci\u00f3n de la Universidad de Tarapac\u00e1 Sede Iquique, participaron la Directora Acad\u00e9mica de Sede, Sra. Ang\u00e9lica Cazenave Gonz\u00e1lez y el profesional de la Direcci\u00f3n Acad\u00e9mica, Juan D\u00e1vila Ram\u00edrez. <\/p>\n\n\n\n<p>Durante el encuentro se dio la bienvenida a las instituciones educacionales que se incorporaron a la mesa en el 2019 y se acordaron diversos procesos relacionados a la realizaci\u00f3n \u201cIX Congreso Regional de Educaci\u00f3n\u201d a realizarse en el mes de octubre del presente a\u00f1o, instancia acad\u00e9mica que abordar\u00e1 los desaf\u00edos educacionales de la Regi\u00f3n de Tarapac\u00e1 relacionados con la educaci\u00f3n parvularia, diversidad e inclusi\u00f3n y educaci\u00f3n t\u00e9cnico profesional. <\/p>\n","protected":false},"excerpt":{"rendered":"<p>La actividad reuni\u00f3 a diversas instituciones locales en torno a los desaf\u00edos educacionales de la regi\u00f3n de Tarapac\u00e1<\/p>\n","protected":false},"author":3,"featured_media":8803,"comment_status":"open","ping_status":"open","sticky":false,"template":"","format":"standard","meta":[],"categories":[42],"tags":[],"_links":{"self":[{"href":"https:\/\/www.uta.cl\/index.php\/wp-json\/wp\/v2\/posts\/8802"}],"collection":[{"href":"https:\/\/www.uta.cl\/index.php\/wp-json\/wp\/v2\/posts"}],"about":[{"href":"https:\/\/www.uta.cl\/index.php\/wp-json\/wp\/v2\/types\/post"}],"author":[{"embeddable":true,"href":"https:\/\/www.uta.cl\/index.php\/wp-json\/wp\/v2\/users\/3"}],"replies":[{"embeddable":true,"href":"https:\/\/www.uta.cl\/index.php\/wp-json\/wp\/v2\/comments?post=8802"}],"version-history":[{"count":1,"href":"https:\/\/www.uta.cl\/index.php\/wp-json\/wp\/v2\/posts\/8802\/revisions"}],"predecessor-version":[{"id":8804,"href":"https:\/\/www.uta.cl\/index.php\/wp-json\/wp\/v2\/posts\/8802\/revisions\/8804"}],"wp:featuredmedia":[{"embeddable":true,"href":"https:\/\/www.uta.cl\/index.php\/wp-json\/wp\/v2\/media\/8803"}],"wp:attachment":[{"href":"https:\/\/www.uta.cl\/index.php\/wp-json\/wp\/v2\/media?parent=8802"}],"wp:term":[{"taxonomy":"category","embeddable":true,"href":"https:\/\/www.uta.cl\/index.php\/wp-json\/wp\/v2\/categories?post=8802"},{"taxonomy":"post_tag","embeddable":true,"href":"https:\/\/www.uta.cl\/index.php\/wp-json\/wp\/v2\/tags?post=8802"}],"curies":[{"name":"wp","href":"https:\/\/api.w.org\/{rel}","templated":true}]}}