{"id":8798,"date":"2019-05-28T19:50:20","date_gmt":"2019-05-28T19:50:20","guid":{"rendered":"https:\/\/www.uta.cl\/?p=8798"},"modified":"2019-05-29T13:19:03","modified_gmt":"2019-05-29T13:19:03","slug":"psicologos-uta-iquique-presentan-taller-de-bienestar-para-docentes-escolares","status":"publish","type":"post","link":"https:\/\/www.uta.cl\/index.php\/2019\/05\/28\/psicologos-uta-iquique-presentan-taller-de-bienestar-para-docentes-escolares\/","title":{"rendered":"Psic\u00f3logos UTA Iquique presentan Taller de Bienestar para Docentes Escolares"},"content":{"rendered":"\n<div class=\"wp-block-media-text alignwide is-stacked-on-mobile\" style=\"grid-template-columns:54% auto\"><figure class=\"wp-block-media-text__media\"><img loading=\"lazy\" width=\"1000\" height=\"701\" src=\"https:\/\/www.uta.cl\/wp-content\/uploads\/2019\/05\/Taller-2.png\" alt=\"\" class=\"wp-image-8800\" srcset=\"https:\/\/www.uta.cl\/wp-content\/uploads\/2019\/05\/Taller-2.png 1000w, https:\/\/www.uta.cl\/wp-content\/uploads\/2019\/05\/Taller-2-300x210.png 300w, https:\/\/www.uta.cl\/wp-content\/uploads\/2019\/05\/Taller-2-768x538.png 768w\" sizes=\"(max-width: 1000px) 100vw, 1000px\" \/><\/figure><div class=\"wp-block-media-text__content\">\n<p>Con la presentaci\u00f3n del libro \u201cHistorias de bienestar: taller para docentes escolares\u201d, elaborado por los psic\u00f3logos de la Sede Iquique, Francisco Leal Soto, acad\u00e9mico del Departamento de Ciencias Sociales e investigador principal del Centro de Investigaci\u00f3n para la Educaci\u00f3n Inclusiva (EduInclusiva) y Juan D\u00e1vila Ram\u00edrez, docente del Departamento de Ciencias Sociales e investigador colaborador del mismo Centro, se realiz\u00f3 un taller con la finalidad de contribuir a la visibilizaci\u00f3n, comprensi\u00f3n y facilitaci\u00f3n del bienestar de los y las docentes en las escuelas desde la psicolog\u00eda educacional.  <\/p>\n<\/div><\/div>\n\n\n\n<p>Con la presentaci\u00f3n del libro \u201cHistorias de bienestar: taller para docentes escolares\u201d, elaborado por los psic\u00f3logos de la Sede Iquique, Francisco Leal Soto, acad\u00e9mico del Departamento de Ciencias Sociales e investigador principal del Centro de Investigaci\u00f3n para la Educaci\u00f3n Inclusiva (EduInclusiva) y Juan D\u00e1vila Ram\u00edrez, docente del Departamento de Ciencias Sociales e investigador colaborador del mismo Centro, se realiz\u00f3 un taller con la finalidad de contribuir a la visibilizaci\u00f3n, comprensi\u00f3n y facilitaci\u00f3n del bienestar de los y las docentes en las escuelas desde la psicolog\u00eda educacional. <\/p>\n\n\n\n<p>El material did\u00e1ctico se realiz\u00f3 en el contexto de la l\u00ednea de investigaci\u00f3n: \u201cMotivaci\u00f3n y compromiso basados en el bienestar\u201d del Centro de Investigaci\u00f3n para la Educaci\u00f3n Inclusiva (PIA-CONICYT CIE160009). El texto presenta un conjunto de aplicaciones did\u00e1cticas circunscritas al bienestar psicol\u00f3gico y posee como objetivo principal el favorecer capacidades individuales y colectivas que potencien el compromiso y la satisfacci\u00f3n de los maestros y de las maestras escolares; quienes en su trabajo cotidiano poseen la misi\u00f3n de estimular el desarrollo de conocimientos, afectos y habilidades, en los ni\u00f1os, ni\u00f1as y j\u00f3venes art\u00edfices del ma\u00f1ana com\u00fan de la sociedad. <\/p>\n\n\n\n<div class=\"wp-block-media-text alignwide is-stacked-on-mobile\" style=\"grid-template-columns:49% auto\"><figure class=\"wp-block-media-text__media\"><img loading=\"lazy\" width=\"916\" height=\"613\" src=\"https:\/\/www.uta.cl\/wp-content\/uploads\/2019\/05\/Foto-D\u00e1vila-Leal-taller.png\" alt=\"\" class=\"wp-image-8799\" srcset=\"https:\/\/www.uta.cl\/wp-content\/uploads\/2019\/05\/Foto-D\u00e1vila-Leal-taller.png 916w, https:\/\/www.uta.cl\/wp-content\/uploads\/2019\/05\/Foto-D\u00e1vila-Leal-taller-300x201.png 300w, https:\/\/www.uta.cl\/wp-content\/uploads\/2019\/05\/Foto-D\u00e1vila-Leal-taller-768x514.png 768w\" sizes=\"(max-width: 916px) 100vw, 916px\" \/><\/figure><div class=\"wp-block-media-text__content\">\n<p>\n\nEl documento se encuentra disponible para la comunidad acad\u00e9mica de la Universidad de Tarapac\u00e1 en la p\u00e1gina web del Sistema de Bibliotecas UTA, enlace Recursos Electr\u00f3nicos, Repositorio Digital UTA. Visitar el siguiente enlace:&nbsp;<a rel=\"noreferrer noopener\" href=\"http:\/\/sb.uta.cl\/\" target=\"_blank\"><strong>http:\/\/sb.uta.cl\/<\/strong><\/a><\/p>\n<\/div><\/div>\n\n\n\n<div style=\"height:20px\" aria-hidden=\"true\" class=\"wp-block-spacer\"><\/div>\n\n\n\n<p>Del mismo modo, es posible acceder al texto mediante la p\u00e1gina web de EduInclusiva en el siguiente enlace: <a rel=\"noreferrer noopener\" aria-label=\" (abre en una nueva pesta\u00f1a)\" href=\"http:\/\/eduinclusiva.cl\/\" target=\"_blank\"><strong>http:\/\/eduinclusiva.cl\/<\/strong><\/a><\/p>\n","protected":false},"excerpt":{"rendered":"<p>El texto digital fue desarrollado por investigadores de la Universidad de Tarapac\u00e1, sede Iquique y del Centro de Investigaci\u00f3n para la Educaci\u00f3n Inclusiva<\/p>\n","protected":false},"author":3,"featured_media":8800,"comment_status":"open","ping_status":"open","sticky":false,"template":"","format":"standard","meta":[],"categories":[42,51],"tags":[],"_links":{"self":[{"href":"https:\/\/www.uta.cl\/index.php\/wp-json\/wp\/v2\/posts\/8798"}],"collection":[{"href":"https:\/\/www.uta.cl\/index.php\/wp-json\/wp\/v2\/posts"}],"about":[{"href":"https:\/\/www.uta.cl\/index.php\/wp-json\/wp\/v2\/types\/post"}],"author":[{"embeddable":true,"href":"https:\/\/www.uta.cl\/index.php\/wp-json\/wp\/v2\/users\/3"}],"replies":[{"embeddable":true,"href":"https:\/\/www.uta.cl\/index.php\/wp-json\/wp\/v2\/comments?post=8798"}],"version-history":[{"count":12,"href":"https:\/\/www.uta.cl\/index.php\/wp-json\/wp\/v2\/posts\/8798\/revisions"}],"predecessor-version":[{"id":8857,"href":"https:\/\/www.uta.cl\/index.php\/wp-json\/wp\/v2\/posts\/8798\/revisions\/8857"}],"wp:featuredmedia":[{"embeddable":true,"href":"https:\/\/www.uta.cl\/index.php\/wp-json\/wp\/v2\/media\/8800"}],"wp:attachment":[{"href":"https:\/\/www.uta.cl\/index.php\/wp-json\/wp\/v2\/media?parent=8798"}],"wp:term":[{"taxonomy":"category","embeddable":true,"href":"https:\/\/www.uta.cl\/index.php\/wp-json\/wp\/v2\/categories?post=8798"},{"taxonomy":"post_tag","embeddable":true,"href":"https:\/\/www.uta.cl\/index.php\/wp-json\/wp\/v2\/tags?post=8798"}],"curies":[{"name":"wp","href":"https:\/\/api.w.org\/{rel}","templated":true}]}}