{"id":8749,"date":"2019-05-24T21:56:17","date_gmt":"2019-05-24T21:56:17","guid":{"rendered":"https:\/\/www.uta.cl\/?p=8749"},"modified":"2019-05-28T21:08:14","modified_gmt":"2019-05-28T21:08:14","slug":"rector-dr-emilio-rodriguez-ponce-se-reune-con-la-comunidad-academica","status":"publish","type":"post","link":"https:\/\/www.uta.cl\/index.php\/2019\/05\/24\/rector-dr-emilio-rodriguez-ponce-se-reune-con-la-comunidad-academica\/","title":{"rendered":"Rector Dr. Emilio Rodr\u00edguez Ponce se re\u00fane con la comunidad acad\u00e9mica"},"content":{"rendered":"\n<p>Integrantes del equipo de gesti\u00f3n, decanos, directores de departamentos, jefes de carrera y acad\u00e9micos se dieron cita este viernes 24 de mayo, para asistir a la charla \u201cEstado de Situaci\u00f3n de la Universidad de Tarapac\u00e1, Desaf\u00edos y Proyecciones\u201d, dictada por el Rector Dr. Emilio Rodr\u00edguez Ponce. <\/p>\n\n\n\n<figure class=\"wp-block-image\"><img loading=\"lazy\" width=\"1000\" height=\"523\" src=\"https:\/\/www.uta.cl\/wp-content\/uploads\/2019\/05\/rector.jpg\" alt=\"\" class=\"wp-image-8750\" srcset=\"https:\/\/www.uta.cl\/wp-content\/uploads\/2019\/05\/rector.jpg 1000w, https:\/\/www.uta.cl\/wp-content\/uploads\/2019\/05\/rector-300x157.jpg 300w, https:\/\/www.uta.cl\/wp-content\/uploads\/2019\/05\/rector-768x402.jpg 768w\" sizes=\"(max-width: 1000px) 100vw, 1000px\" \/><\/figure>\n\n\n\n<p>En un di\u00e1logo directo y ameno, la m\u00e1xima autoridad universitaria comparti\u00f3 con la comunidad acad\u00e9mica diversos aspectos relacionados con el accionar de la UTA, sus desaf\u00edos y proyecciones en un escenario de constante cambio.<\/p>\n\n\n\n<p>\u201cHay leyes que son nuevas, que se est\u00e1n implementando este a\u00f1o, leyes que han sido dise\u00f1adas y que requieren de algunos ajustes porque tienen errores algunas de ellas en algunos aspectos muy espec\u00edficos y por lo tanto esto impacta en la Universidad de una forma significativa y lo que estamos viendo es c\u00f3mo nuestra actuaci\u00f3n como instituci\u00f3n universitaria nos est\u00e1 permitiendo zanjar situaciones complejas y adem\u00e1s desarrollarnos de cara al futuro, es decir, lograr un crecimiento cualitativo como instituci\u00f3n, permitir tambi\u00e9n que la comunidad acad\u00e9mica tenga parte de ese desarrollo como por ejemplo, un progreso en su carrera acad\u00e9mica\u201d. <\/p>\n\n\n\n<p>En este contexto, el Rector de la UTA, se\u00f1al\u00f3 que dentro de esas nuevas leyes, est\u00e1 la Ley N\u00b0 21.091, donde uno de sus elementos fundamentales es la gratuidad. \u201cHay algunas restricciones en el financiamiento institucional para la gratuidad. La gratuidad es por el tiempo de la duraci\u00f3n ideal, lo cual la inmensa mayor\u00eda no lo logra realizar en ese per\u00edodo. Asimismo, los aranceles que hoy est\u00e1n, no sabemos si estar\u00e1n en los pr\u00f3ximos siete a\u00f1os, porque se crea una Comisi\u00f3n de Expertos para la regulaci\u00f3n de aranceles donde los integrantes de dicha comisi\u00f3n son seleccionados por el Consejo de Alta Direcci\u00f3n P\u00fablica, siendo una situaci\u00f3n muy compleja\u201d. <\/p>\n\n\n\n<p>\u201cNosotros somos una Instituci\u00f3n con 9.027 alumnos matriculados este a\u00f1o, de los cuales el 61% tienen gratuidad, lo cual est\u00e1 muy bien porque nuestros estudiantes son del 40% m\u00e1s vulnerables y esta cifra debiera crecer en el tiempo\u201d, sostuvo el Rector Rodr\u00edguez. <\/p>\n\n\n\n<p>DESAF\u00cdOS Y PROYECCIONES<\/p>\n\n\n\n<p>Al referirse a la estabilidad institucional el Rector fue enf\u00e1tico en se\u00f1alar que, \u201choy en d\u00eda con los esfuerzos que est\u00e1 haciendo la comunidad acad\u00e9mica, podemos decir que estamos estables, somos perfectamente sustentables, vamos a estar en equilibro los pr\u00f3ximos a\u00f1os pero no podemos bajar el esfuerzo de todos\u201d.<\/p>\n\n\n\n<p>Adem\u00e1s la m\u00e1xima autoridad universitaria puso de relieve los desaf\u00edos y proyecciones como consolidad el impacto de las publicaciones en cantidad y calidad; consolidar una plataforma de 5-7 doctorados acreditados; acreditaci\u00f3n de los programas de mag\u00edster; proyectar la continuidad de estudios, principalmente en educaci\u00f3n vespertina; renovaci\u00f3n de cuadros, los cuales deben ser considerados los profesores de Claustro Doctoral y, la incorporaci\u00f3n de investigadores asociados lo cual supone publicaciones Q1 y corresponding autor\u201d. <\/p>\n\n\n\n<p>En su exposici\u00f3n, el Rector de la UTA se refiri\u00f3 a los \u201cProcesos Estrat\u00e9gicos\u201d que vienen y enfatiz\u00f3 aspectos como la generaci\u00f3n de nuevos estatutos, ajuste del sistema de direcci\u00f3n estrat\u00e9gica, un redise\u00f1o del sistema institucional de aseguramiento de la calidad, redise\u00f1o de la ordenanza de jerarquizaci\u00f3n a trav\u00e9s de un ajuste seg\u00fan criterios nacionales y, considerar el proceso de rejerarquizaci\u00f3n y reencasillamiento de los acad\u00e9micos\u201d. <\/p>\n\n\n\n<p>La autoridad sostuvo finalmente que \u201cse debe avanzar de una manera decidida, significativa en pos de una universidad que se proyecta de cara a la nueva d\u00e9cada con \u00e9xito, con sustentabilidad y con una serie de elementos que la tienen que posicionar como un referente y un ejemplo de calidad en el norte de Chile\u201d. <\/p>\n\n\n\n<ul class=\"wp-block-gallery columns-3 is-cropped\"><li class=\"blocks-gallery-item\"><figure><a href=\"https:\/\/www.uta.cl\/wp-content\/uploads\/2019\/05\/000_DSC_2167.jpg\"><img loading=\"lazy\" width=\"1000\" height=\"666\" src=\"https:\/\/www.uta.cl\/wp-content\/uploads\/2019\/05\/000_DSC_2167.jpg\" alt=\"\" data-id=\"8751\" data-link=\"https:\/\/www.uta.cl\/?attachment_id=8751\" class=\"wp-image-8751\" srcset=\"https:\/\/www.uta.cl\/wp-content\/uploads\/2019\/05\/000_DSC_2167.jpg 1000w, https:\/\/www.uta.cl\/wp-content\/uploads\/2019\/05\/000_DSC_2167-300x200.jpg 300w, https:\/\/www.uta.cl\/wp-content\/uploads\/2019\/05\/000_DSC_2167-768x511.jpg 768w\" sizes=\"(max-width: 1000px) 100vw, 1000px\" \/><\/a><\/figure><\/li><li class=\"blocks-gallery-item\"><figure><a href=\"https:\/\/www.uta.cl\/wp-content\/uploads\/2019\/05\/000_DSC_2180.jpg\"><img loading=\"lazy\" width=\"1000\" height=\"666\" src=\"https:\/\/www.uta.cl\/wp-content\/uploads\/2019\/05\/000_DSC_2180.jpg\" alt=\"\" data-id=\"8752\" data-link=\"https:\/\/www.uta.cl\/?attachment_id=8752\" class=\"wp-image-8752\" srcset=\"https:\/\/www.uta.cl\/wp-content\/uploads\/2019\/05\/000_DSC_2180.jpg 1000w, https:\/\/www.uta.cl\/wp-content\/uploads\/2019\/05\/000_DSC_2180-300x200.jpg 300w, https:\/\/www.uta.cl\/wp-content\/uploads\/2019\/05\/000_DSC_2180-768x511.jpg 768w\" sizes=\"(max-width: 1000px) 100vw, 1000px\" \/><\/a><\/figure><\/li><li class=\"blocks-gallery-item\"><figure><a href=\"https:\/\/www.uta.cl\/wp-content\/uploads\/2019\/05\/000_DSC_2186-683x1024.jpg\"><img loading=\"lazy\" width=\"683\" height=\"1024\" src=\"https:\/\/www.uta.cl\/wp-content\/uploads\/2019\/05\/000_DSC_2186-683x1024.jpg\" alt=\"\" data-id=\"8753\" data-link=\"https:\/\/www.uta.cl\/?attachment_id=8753\" class=\"wp-image-8753\" srcset=\"https:\/\/www.uta.cl\/wp-content\/uploads\/2019\/05\/000_DSC_2186-683x1024.jpg 683w, https:\/\/www.uta.cl\/wp-content\/uploads\/2019\/05\/000_DSC_2186-200x300.jpg 200w, https:\/\/www.uta.cl\/wp-content\/uploads\/2019\/05\/000_DSC_2186-768x1152.jpg 768w, https:\/\/www.uta.cl\/wp-content\/uploads\/2019\/05\/000_DSC_2186.jpg 1000w\" sizes=\"(max-width: 683px) 100vw, 683px\" \/><\/a><\/figure><\/li><li class=\"blocks-gallery-item\"><figure><a href=\"https:\/\/www.uta.cl\/wp-content\/uploads\/2019\/05\/000_DSC_2187.jpg\"><img loading=\"lazy\" width=\"1000\" height=\"666\" src=\"https:\/\/www.uta.cl\/wp-content\/uploads\/2019\/05\/000_DSC_2187.jpg\" alt=\"\" data-id=\"8754\" data-link=\"https:\/\/www.uta.cl\/?attachment_id=8754\" class=\"wp-image-8754\" srcset=\"https:\/\/www.uta.cl\/wp-content\/uploads\/2019\/05\/000_DSC_2187.jpg 1000w, https:\/\/www.uta.cl\/wp-content\/uploads\/2019\/05\/000_DSC_2187-300x200.jpg 300w, https:\/\/www.uta.cl\/wp-content\/uploads\/2019\/05\/000_DSC_2187-768x511.jpg 768w\" sizes=\"(max-width: 1000px) 100vw, 1000px\" \/><\/a><\/figure><\/li><li class=\"blocks-gallery-item\"><figure><a href=\"https:\/\/www.uta.cl\/wp-content\/uploads\/2019\/05\/000_DSC_2188.jpg\"><img loading=\"lazy\" width=\"1000\" height=\"666\" src=\"https:\/\/www.uta.cl\/wp-content\/uploads\/2019\/05\/000_DSC_2188.jpg\" alt=\"\" data-id=\"8755\" data-link=\"https:\/\/www.uta.cl\/?attachment_id=8755\" class=\"wp-image-8755\" srcset=\"https:\/\/www.uta.cl\/wp-content\/uploads\/2019\/05\/000_DSC_2188.jpg 1000w, https:\/\/www.uta.cl\/wp-content\/uploads\/2019\/05\/000_DSC_2188-300x200.jpg 300w, https:\/\/www.uta.cl\/wp-content\/uploads\/2019\/05\/000_DSC_2188-768x511.jpg 768w\" sizes=\"(max-width: 1000px) 100vw, 1000px\" \/><\/a><\/figure><\/li><li class=\"blocks-gallery-item\"><figure><a href=\"https:\/\/www.uta.cl\/wp-content\/uploads\/2019\/05\/000_DSC_2189.jpg\"><img loading=\"lazy\" width=\"1000\" height=\"666\" src=\"https:\/\/www.uta.cl\/wp-content\/uploads\/2019\/05\/000_DSC_2189.jpg\" alt=\"\" data-id=\"8756\" data-link=\"https:\/\/www.uta.cl\/?attachment_id=8756\" class=\"wp-image-8756\" srcset=\"https:\/\/www.uta.cl\/wp-content\/uploads\/2019\/05\/000_DSC_2189.jpg 1000w, https:\/\/www.uta.cl\/wp-content\/uploads\/2019\/05\/000_DSC_2189-300x200.jpg 300w, https:\/\/www.uta.cl\/wp-content\/uploads\/2019\/05\/000_DSC_2189-768x511.jpg 768w\" sizes=\"(max-width: 1000px) 100vw, 1000px\" \/><\/a><\/figure><\/li><li class=\"blocks-gallery-item\"><figure><a href=\"https:\/\/www.uta.cl\/wp-content\/uploads\/2019\/05\/000_DSC_2191.jpg\"><img loading=\"lazy\" width=\"1000\" height=\"666\" src=\"https:\/\/www.uta.cl\/wp-content\/uploads\/2019\/05\/000_DSC_2191.jpg\" alt=\"\" data-id=\"8757\" data-link=\"https:\/\/www.uta.cl\/?attachment_id=8757\" class=\"wp-image-8757\" srcset=\"https:\/\/www.uta.cl\/wp-content\/uploads\/2019\/05\/000_DSC_2191.jpg 1000w, https:\/\/www.uta.cl\/wp-content\/uploads\/2019\/05\/000_DSC_2191-300x200.jpg 300w, https:\/\/www.uta.cl\/wp-content\/uploads\/2019\/05\/000_DSC_2191-768x511.jpg 768w\" sizes=\"(max-width: 1000px) 100vw, 1000px\" \/><\/a><\/figure><\/li><li class=\"blocks-gallery-item\"><figure><a href=\"https:\/\/www.uta.cl\/wp-content\/uploads\/2019\/05\/000_DSC_2192.jpg\"><img loading=\"lazy\" width=\"1000\" height=\"666\" src=\"https:\/\/www.uta.cl\/wp-content\/uploads\/2019\/05\/000_DSC_2192.jpg\" alt=\"\" data-id=\"8758\" data-link=\"https:\/\/www.uta.cl\/?attachment_id=8758\" class=\"wp-image-8758\" srcset=\"https:\/\/www.uta.cl\/wp-content\/uploads\/2019\/05\/000_DSC_2192.jpg 1000w, https:\/\/www.uta.cl\/wp-content\/uploads\/2019\/05\/000_DSC_2192-300x200.jpg 300w, https:\/\/www.uta.cl\/wp-content\/uploads\/2019\/05\/000_DSC_2192-768x511.jpg 768w\" sizes=\"(max-width: 1000px) 100vw, 1000px\" \/><\/a><\/figure><\/li><\/ul>\n","protected":false},"excerpt":{"rendered":"<p>M\u00e1xima autoridad universitaria se refiri\u00f3 a la posici\u00f3n estrat\u00e9gica de la UTA, en c\u00f3mo afecta la gratuidad, el posicionamiento acad\u00e9mico y econ\u00f3mico; y en c\u00f3mo generar desarrollo a trav\u00e9s de procesos estrat\u00e9gicos.<\/p>\n","protected":false},"author":3,"featured_media":8750,"comment_status":"open","ping_status":"open","sticky":false,"template":"","format":"standard","meta":[],"categories":[],"tags":[],"_links":{"self":[{"href":"https:\/\/www.uta.cl\/index.php\/wp-json\/wp\/v2\/posts\/8749"}],"collection":[{"href":"https:\/\/www.uta.cl\/index.php\/wp-json\/wp\/v2\/posts"}],"about":[{"href":"https:\/\/www.uta.cl\/index.php\/wp-json\/wp\/v2\/types\/post"}],"author":[{"embeddable":true,"href":"https:\/\/www.uta.cl\/index.php\/wp-json\/wp\/v2\/users\/3"}],"replies":[{"embeddable":true,"href":"https:\/\/www.uta.cl\/index.php\/wp-json\/wp\/v2\/comments?post=8749"}],"version-history":[{"count":2,"href":"https:\/\/www.uta.cl\/index.php\/wp-json\/wp\/v2\/posts\/8749\/revisions"}],"predecessor-version":[{"id":8788,"href":"https:\/\/www.uta.cl\/index.php\/wp-json\/wp\/v2\/posts\/8749\/revisions\/8788"}],"wp:featuredmedia":[{"embeddable":true,"href":"https:\/\/www.uta.cl\/index.php\/wp-json\/wp\/v2\/media\/8750"}],"wp:attachment":[{"href":"https:\/\/www.uta.cl\/index.php\/wp-json\/wp\/v2\/media?parent=8749"}],"wp:term":[{"taxonomy":"category","embeddable":true,"href":"https:\/\/www.uta.cl\/index.php\/wp-json\/wp\/v2\/categories?post=8749"},{"taxonomy":"post_tag","embeddable":true,"href":"https:\/\/www.uta.cl\/index.php\/wp-json\/wp\/v2\/tags?post=8749"}],"curies":[{"name":"wp","href":"https:\/\/api.w.org\/{rel}","templated":true}]}}