{"id":8731,"date":"2019-05-24T21:23:11","date_gmt":"2019-05-24T21:23:11","guid":{"rendered":"https:\/\/www.uta.cl\/?p=8731"},"modified":"2019-05-28T21:08:27","modified_gmt":"2019-05-28T21:08:27","slug":"uta-realizara-jornadas-estudiantiles-de-innovacion-en-ingenieria-ciencias-y-tecnologia-organizadas-por-el-departamento-de-ingenieria-electrica-y-electronica","status":"publish","type":"post","link":"https:\/\/www.uta.cl\/index.php\/2019\/05\/24\/uta-realizara-jornadas-estudiantiles-de-innovacion-en-ingenieria-ciencias-y-tecnologia-organizadas-por-el-departamento-de-ingenieria-electrica-y-electronica\/","title":{"rendered":"UTA realizar\u00e1\u00a0\u201cJornadas Estudiantiles de Innovaci\u00f3n en Ingenier\u00eda, Ciencias y Tecnolog\u00eda\u201d organizadas por el Departamento de Ingenier\u00eda El\u00e9ctrica y Electr\u00f3nica"},"content":{"rendered":"\n<p>Este 30 y 31 de mayo, en el Espacio Cultural DAEM, ex Cine Col\u00f3n, se realizar\u00e1n las \u201cJornadas Estudiantiles de Innovaci\u00f3n en Ingenier\u00eda, Ciencias y Tecnolog\u00eda\u201d, en la cual participar\u00e1n 430 alumnos y 20 profesores provenientes de liceos y colegios de Calama, Iquique y de Arica. <br>\nLa instancia que se realiza por cuarta vez por el Departamento de Ingenier\u00eda El\u00e9ctrica y Electr\u00f3nica de la UTA, contemplar\u00e1 tem\u00e1ticas como: Rob\u00f3tica Social e Industrial; Comunicaciones y Ciberseguridad, Energ\u00edas Renovables y Electromovilidad y los laboratorios y talleres se realizar\u00e1n en dependencias del Departamento de Ingenier\u00eda El\u00e9ctrica y Electr\u00f3nica del Campus Saucache de la Universidad de Tarapac\u00e1.<br>\nLos establecimientos educacionales participantes en estas jornadas son: Liceo Bicentenario Diego Portales de Calama; Liceo Bicentenario Ces\u00e1reo Aguirre de Calama; Liceo Minero Am\u00e9rica de Calama; Colegio Diocesano Obispo Labb\u00e9 de Iquique, y de Arica, el Liceo Bicentenario Jovina Naranjo, Liceo Bicentenario Domingo Santa Mar\u00eda, Colegio Junior College, Colegio San Jorge; Colegio San Marcos; Colegio Alem\u00e1n, Colegio Antonio Samor\u00e9; Colegio Saucache; Colegio Integrado Eduardo Frei Montalva; Colegio Leonardo da Vinci; Liceo Antonio Varas de la Barra; Colegio Arica College, Colegio Ford College, Liceo Octavio Palma Letelier, Liceo Polit\u00e9cnico y Colegio Andino.&nbsp;<\/p>\n\n\n\n<p>PROGRAMA<br>\nJUEVES 30 DE MAYO<br>\nSal\u00f3n de Eventos Culturales DAEM (Ex Cine Col\u00f3n \u2013 7 de Junio 190) <br>\n09:15 \u2013 09:25:   Discurso y Palabras de Bienvenida del Director del Departamento de Ingenier\u00eda El\u00e9ctrica y Electr\u00f3nica. Mg. Ram\u00f3n Guirriman Carrasco.    <\/p>\n\n\n\n<p>09:25 \u2013 10:25:    Exposici\u00f3n: \u201cIngenieros en la Industria 4.0: Ingenieros El\u00e9ctricos y Electr\u00f3nicos, Arquitectos del futuro tecnol\u00f3gico\u201d. Dr. Horacio D\u00edaz Rojas, Acad\u00e9mico Departamento de Ingenier\u00eda El\u00e9ctrica y Electr\u00f3nica.<\/p>\n\n\n\n<p>10:40 \u2013 11:25:      Exposici\u00f3n \u201cTe relacionar\u00edas y jugar\u00edas con un Androide\u201d. El futuro de la Rob\u00f3tica. Dr. Ricardo Ovalle Cubillos, Acad\u00e9mico Departamento de Ingenier\u00eda El\u00e9ctrica y Electr\u00f3nica.<\/p>\n\n\n\n<p>11:30 \u2013 12:15: La Universidad de Tarapac\u00e1: Historia, Oferta de Carreras, Becas, Servicios y Orientaciones. Iv\u00e1n Guzm\u00e1n Navarro, Profesional Oficina de Admisi\u00f3n UTA \u2013 V\u00edctor Altamirano Oyarz\u00fan, Encargado Arica DEMRE.    <\/p>\n\n\n\n<p>Campus Saucache \u2013 Laboratorios y Talleres del Departamento de Ingenier\u00eda El\u00e9ctrica y Electr\u00f3nica<\/p>\n\n\n\n<p>14:15 \u2013 16:45:    Laboratorio de Rob\u00f3tica Grupo A.        Dr. Lorenzo V\u00e1squez Alfaro<br>\n        Laboratorio de Rob\u00f3tica Grupo B.        Dr. Lorenzo V\u00e1squez Alfaro<br>\n        Laboratorio de Comunicaciones Grupo C.  Ing. Felipe Torres y Gloria Castro<br>\n        Laboratorio de Energ\u00eda Grupo D                  Ing. Erick Santos Gonz\u00e1lez<\/p>\n\n\n\n<p>17:00 \u2013 19:30:       Laboratorio de Rob\u00f3tica Grupo C.        Dr. Lorenzo V\u00e1squez Alfaro<br>\n        Laboratorio de Rob\u00f3tica Grupo D.        Dr. Lorenzo V\u00e1squez Alfaro<br>\n        Laboratorio de Comunicaciones Grupo A   Ing. Felipe Torres y Gloria Castro<br>\n        Laboratorio de Energ\u00eda Grupo B                  Ing. Erick Santos Gonz\u00e1lez<\/p>\n\n\n\n<p>VIERNES 31 DE MAYO<\/p>\n\n\n\n<p>Sal\u00f3n de Eventos Culturales DAEM (Ex Cine Col\u00f3n \u2013 7 de Junio 190)  <\/p>\n\n\n\n<p>09:15 \u2013 09.55:      \u201cCIBERSEGURIDAD. \u00bfEstamos realmente protegidos?. Algunos mecanismos de Protecci\u00f3n. Mg. Perla Espinosa D\u00edaz, Acad\u00e9mico Departamento de Ingenier\u00eda El\u00e9ctrica y Electr\u00f3nica.<\/p>\n\n\n\n<p>10:00 \u2013 10:40:      &#8220;Bater\u00edas de Litio: Aplicaciones, riesgos y oportunidades\u201d. Dr. Kristopher Chand\u00eda Valenzuela, Acad\u00e9mico Departamento de Ingenier\u00eda El\u00e9ctrica y Electr\u00f3nica.<\/p>\n\n\n\n<p>10:55 \u2013 11:25:        \u201cEnerg\u00edas Renovables: Nuevas Tecnolog\u00edas\u201d. MSc. Alejandro Rodr\u00edguez Estay, Decano Facultad de Ingenier\u00eda.<\/p>\n\n\n\n<p>11:30 \u2013 12:00:        \u201cElectromovilidad: Innovaci\u00f3n Tecnol\u00f3gica, Desarrollo y Trascendencia en Chile  <br>\nMg. Ram\u00f3n Guirriman Carrasco, Director Departamento de Ingenier\u00eda El\u00e9ctrica y Electr\u00f3nica.<\/p>\n\n\n\n<p>12:00 \u2013 12:15:       Acto de Cierre de Exposiciones<\/p>\n\n\n\n<p>18:30 \u2013 19:30:     Certificaci\u00f3n y Despedida de Delegaciones de Calama e Iquique. Sal\u00f3n de Eventos del Departamento de Ingenier\u00eda El\u00e9ctrica y Electr\u00f3nica.<\/p>\n\n\n\n<div class=\"wp-block-file\"><a target=\"_blank\" href=\"\/wp-content\/uploads\/2019\/05\/folleto.pdf\">Folleto de jornadas <\/a><a target=\"_blank\" href=\"\/wp-content\/uploads\/2019\/05\/folleto.pdf\" class=\"wp-block-file__button\" download=\"\">Descargar<\/a><\/div>\n\n\n\n<img loading=\"lazy\" width=\"811\" height=\"1024\" src=\"https:\/\/www.uta.cl\/wp-content\/uploads\/2019\/05\/Afiche-811x1024.jpg\" alt=\"\" class=\"wp-image-8732\" srcset=\"https:\/\/www.uta.cl\/wp-content\/uploads\/2019\/05\/Afiche-811x1024.jpg 811w, https:\/\/www.uta.cl\/wp-content\/uploads\/2019\/05\/Afiche-238x300.jpg 238w, https:\/\/www.uta.cl\/wp-content\/uploads\/2019\/05\/Afiche-768x969.jpg 768w, https:\/\/www.uta.cl\/wp-content\/uploads\/2019\/05\/Afiche.jpg 1000w\" sizes=\"(max-width: 811px) 100vw, 811px\" \/>\n","protected":false},"excerpt":{"rendered":"<p>La actividad est\u00e1 organizada por el Departamento de Ingenier\u00eda El\u00e9ctrica y Electr\u00f3nica a cargo de su Director Ejecutivo, Carlos Garc\u00eda Pereira.<\/p>\n","protected":false},"author":3,"featured_media":8732,"comment_status":"open","ping_status":"open","sticky":false,"template":"","format":"standard","meta":[],"categories":[37],"tags":[],"_links":{"self":[{"href":"https:\/\/www.uta.cl\/index.php\/wp-json\/wp\/v2\/posts\/8731"}],"collection":[{"href":"https:\/\/www.uta.cl\/index.php\/wp-json\/wp\/v2\/posts"}],"about":[{"href":"https:\/\/www.uta.cl\/index.php\/wp-json\/wp\/v2\/types\/post"}],"author":[{"embeddable":true,"href":"https:\/\/www.uta.cl\/index.php\/wp-json\/wp\/v2\/users\/3"}],"replies":[{"embeddable":true,"href":"https:\/\/www.uta.cl\/index.php\/wp-json\/wp\/v2\/comments?post=8731"}],"version-history":[{"count":9,"href":"https:\/\/www.uta.cl\/index.php\/wp-json\/wp\/v2\/posts\/8731\/revisions"}],"predecessor-version":[{"id":8834,"href":"https:\/\/www.uta.cl\/index.php\/wp-json\/wp\/v2\/posts\/8731\/revisions\/8834"}],"wp:featuredmedia":[{"embeddable":true,"href":"https:\/\/www.uta.cl\/index.php\/wp-json\/wp\/v2\/media\/8732"}],"wp:attachment":[{"href":"https:\/\/www.uta.cl\/index.php\/wp-json\/wp\/v2\/media?parent=8731"}],"wp:term":[{"taxonomy":"category","embeddable":true,"href":"https:\/\/www.uta.cl\/index.php\/wp-json\/wp\/v2\/categories?post=8731"},{"taxonomy":"post_tag","embeddable":true,"href":"https:\/\/www.uta.cl\/index.php\/wp-json\/wp\/v2\/tags?post=8731"}],"curies":[{"name":"wp","href":"https:\/\/api.w.org\/{rel}","templated":true}]}}