{"id":8682,"date":"2019-05-23T21:06:12","date_gmt":"2019-05-23T21:06:12","guid":{"rendered":"https:\/\/www.uta.cl\/?p=8682"},"modified":"2019-05-28T21:04:37","modified_gmt":"2019-05-28T21:04:37","slug":"combatir-la-falta-de-profesores","status":"publish","type":"post","link":"https:\/\/www.uta.cl\/index.php\/2019\/05\/23\/combatir-la-falta-de-profesores\/","title":{"rendered":"Combatir la falta de profesores"},"content":{"rendered":"\n<p>Recientemente, Elige Educar dio a conocer su estudio &#8220;An\u00e1lisis\ny proyecci\u00f3n de la dotaci\u00f3n docente en Chile&#8221; (2019), que\nplantea que nuestro pa\u00eds tendr\u00e1 un d\u00e9ficit de m\u00e1s de 32 mil\nprofesores hacia 2025. En parte esto se deber\u00e1 a medidas positivas,\ncomo la menor cantidad de horas lectivas para los docentes y la\nexigencia de mayores pontajes para estudiar Pedagog\u00eda que ha\ndisminuido el n\u00famero de estudiantes en esta carrera.<\/p>\n\n\n\n<p>Es necesario enfrentar este eventual problema con decisi\u00f3n, para\nevitar la carencia de profesores y el consiguiente perjuicio para los\nni\u00f1os y j\u00f3venes. Adicionalmente, se requiere una informaci\u00f3n\ncomplementaria muy premisa sobre las \u00e1reas del conocimiento en las\nque existir\u00e1 mayor carencia de profesionales, conocer adecuadamente\nla situaci\u00f3n de cada una de las regiones e incluso las ciudades y\nactualizar la informaci\u00f3n anualmente para comprobar si la proyecci\u00f3n\nes correcta o bien el d\u00e9ficit se amplia o disminuye Esto \u00faltimo\npodr\u00eda ocurrir tornando las medidas adecuadas y oportunas.<\/p>\n\n\n\n<p>Para superar las dificultad. Y asegurar una ense\u00f1anza escolar de\ncalidad se requiere un trabajo conjunto entre el Ministerio de\nEducaci\u00f3n y las universidades, especialmente las regionales. Esto podr\u00eda\n sumarse a las propuestas elaboradas por Elige Educar, entre\nlas cuales destaca ampliar las opciones de financiamiento mediante\nbecas y fea incentivos para los profesionales en contextos\nvulnerables. Nuestra universidad se encuentra en una zona extrema.\npor lo que el robustecimiento de las carreras de Pedagog\u00eda\nsignificada un desarrollo integral de la regi\u00f3n.<\/p>\n\n\n\n<p>Las universidades han ido elevando los puntajes de admisi\u00f3n, pero\nla realidad social y las perspectivas profesionales todav\u00eda hacen\npreferibles otras carreras. Es urgente perfeccionar los incentivos de\nlas becas, quiz\u00e1 adecuando los puntajes y mejorando los sueldos o\nbeneficios para el egreso, que permitir\u00e1n a muchos j\u00f3venes dar el\npaso decisivo para consolidar sus vocaciones. Por otro lado, es\nposible atraer a profesionales que opten por la educaci\u00f3n con una\ncarrera previa. pare lo cual seria necesario crear programas ende\nbreves, pero exigentes. Debe existir una decisi\u00f3n nacional y una\ndisponibilidad institucional para superar las dificultades y\nenfrentas los desaf\u00edos con la certeza de que la educaci\u00f3n es uno de\nlos pilares del desarrollo nacional y uno de los principales motores\nde movilidad social.<\/p>\n\n\n\n<p>Dr. Emilio Rodr\u00edguez Ponce Rector, Universidad de Tarapac\u00e1. \n<\/p>\n","protected":false},"excerpt":{"rendered":"<p>Columna del Rector Dr. Emilio Rodr\u00edguez Ponce en diario La Segunda, edici\u00f3n 18 de mayo del 2019<\/p>\n","protected":false},"author":3,"featured_media":8683,"comment_status":"open","ping_status":"open","sticky":false,"template":"","format":"standard","meta":[],"categories":[51],"tags":[],"_links":{"self":[{"href":"https:\/\/www.uta.cl\/index.php\/wp-json\/wp\/v2\/posts\/8682"}],"collection":[{"href":"https:\/\/www.uta.cl\/index.php\/wp-json\/wp\/v2\/posts"}],"about":[{"href":"https:\/\/www.uta.cl\/index.php\/wp-json\/wp\/v2\/types\/post"}],"author":[{"embeddable":true,"href":"https:\/\/www.uta.cl\/index.php\/wp-json\/wp\/v2\/users\/3"}],"replies":[{"embeddable":true,"href":"https:\/\/www.uta.cl\/index.php\/wp-json\/wp\/v2\/comments?post=8682"}],"version-history":[{"count":1,"href":"https:\/\/www.uta.cl\/index.php\/wp-json\/wp\/v2\/posts\/8682\/revisions"}],"predecessor-version":[{"id":8684,"href":"https:\/\/www.uta.cl\/index.php\/wp-json\/wp\/v2\/posts\/8682\/revisions\/8684"}],"wp:featuredmedia":[{"embeddable":true,"href":"https:\/\/www.uta.cl\/index.php\/wp-json\/wp\/v2\/media\/8683"}],"wp:attachment":[{"href":"https:\/\/www.uta.cl\/index.php\/wp-json\/wp\/v2\/media?parent=8682"}],"wp:term":[{"taxonomy":"category","embeddable":true,"href":"https:\/\/www.uta.cl\/index.php\/wp-json\/wp\/v2\/categories?post=8682"},{"taxonomy":"post_tag","embeddable":true,"href":"https:\/\/www.uta.cl\/index.php\/wp-json\/wp\/v2\/tags?post=8682"}],"curies":[{"name":"wp","href":"https:\/\/api.w.org\/{rel}","templated":true}]}}