{"id":8676,"date":"2019-05-23T20:29:17","date_gmt":"2019-05-23T20:29:17","guid":{"rendered":"https:\/\/www.uta.cl\/?p=8676"},"modified":"2019-05-28T14:05:57","modified_gmt":"2019-05-28T14:05:57","slug":"el-sistema-de-bibliotecas-de-la-uta-invita-a-la-comunidad-universitaria-en-el-dia-de-celebracion-del-dia-del-patrimonio","status":"publish","type":"post","link":"https:\/\/www.uta.cl\/index.php\/2019\/05\/23\/el-sistema-de-bibliotecas-de-la-uta-invita-a-la-comunidad-universitaria-en-el-dia-de-celebracion-del-dia-del-patrimonio\/","title":{"rendered":"El Sistema de Bibliotecas de la UTA invita a la comunidad universitaria en el d\u00eda de  celebraci\u00f3n del &#8220;D\u00eda del Patrimonio&#8221;"},"content":{"rendered":"\n<p>Las colecciones hist\u00f3ricas y patrimoniales de la Universidad de Tarapac\u00e1 abrir\u00e1n sus puertas con visitas guiadas el s\u00e1bado 25 de mayo, desde las 10:00 hasta las 14:00 hrs. El Archivo Hist\u00f3rico Vicente Dagnino (AHVD) y la Colecci\u00f3n Patrimonial Alfredo Wormald Cruz (CPAWC) mostrar\u00e1n parte del valioso material hist\u00f3rico que posee, como prensa de Arica entre 1882 \u2013 1988, fotograf\u00edas, libros y documentos del pasado regional, as\u00ed como sus instalaciones y procedimientos t\u00e9cnicos para la conservaci\u00f3n de sus colecciones. Ambas colecciones se ubican en el 5\u00b0 piso de la Biblioteca Central de la Universidad de Tarapac\u00e1, ubicada en Campus Saucache.<\/p>\n\n\n\n<p>Para el d\u00eda domingo 26 de mayo, desde las 11:00 a 14:00 hrs. en la casa Crispieri ubicada en Yungay #216, se presentar\u00e1 una muestra fotogr\u00e1fica de la ciudad de Arica de los a\u00f1os 1960 y 1970, compuesta de las colecciones fotogr\u00e1ficas del AHVD y audios de la \u00e9poca; la colecci\u00f3n ser\u00e1 presentada por la encargada de la CPAWC, Mg. M\u00f3nica Moreno Falc\u00f3n. Esta muestra en blanco y negro, compartir\u00e1 espacio con otras colecciones fotogr\u00e1ficas exhibidas por la Municipalidad de Arica y el Programa Revive Barrios, transform\u00e1ndose en un excelente panorama para este fin de semana.  Los esperamos!&nbsp;&nbsp;<\/p>\n\n\n\n<ul class=\"wp-block-gallery columns-2 is-cropped\"><li class=\"blocks-gallery-item\"><figure><a href=\"https:\/\/www.uta.cl\/wp-content\/uploads\/2019\/05\/ExpoCasaCrispieri_2019-1-699x1024.jpg\"><img loading=\"lazy\" width=\"699\" height=\"1024\" src=\"https:\/\/www.uta.cl\/wp-content\/uploads\/2019\/05\/ExpoCasaCrispieri_2019-1-699x1024.jpg\" alt=\"\" data-id=\"8678\" data-link=\"https:\/\/www.uta.cl\/index.php\/2019\/05\/23\/el-sistema-de-bibliotecas-de-la-uta-invita-a-la-comunidad-universitaria-en-el-dia-de-celebracion-del-dia-del-patrimonio\/afiche_norte-2\/\" class=\"wp-image-8678\" srcset=\"https:\/\/www.uta.cl\/wp-content\/uploads\/2019\/05\/ExpoCasaCrispieri_2019-1-699x1024.jpg 699w, https:\/\/www.uta.cl\/wp-content\/uploads\/2019\/05\/ExpoCasaCrispieri_2019-1-205x300.jpg 205w, https:\/\/www.uta.cl\/wp-content\/uploads\/2019\/05\/ExpoCasaCrispieri_2019-1-768x1125.jpg 768w, https:\/\/www.uta.cl\/wp-content\/uploads\/2019\/05\/ExpoCasaCrispieri_2019-1.jpg 800w\" sizes=\"(max-width: 699px) 100vw, 699px\" \/><\/a><\/figure><\/li><li class=\"blocks-gallery-item\"><figure><a href=\"https:\/\/www.uta.cl\/wp-content\/uploads\/2019\/05\/BIBLIOTECA-DIA-DEL-PATRIMONIO-699x1024.jpg\"><img loading=\"lazy\" width=\"699\" height=\"1024\" src=\"https:\/\/www.uta.cl\/wp-content\/uploads\/2019\/05\/BIBLIOTECA-DIA-DEL-PATRIMONIO-699x1024.jpg\" alt=\"\" data-id=\"8677\" data-link=\"https:\/\/www.uta.cl\/index.php\/2019\/05\/23\/el-sistema-de-bibliotecas-de-la-uta-invita-a-la-comunidad-universitaria-en-el-dia-de-celebracion-del-dia-del-patrimonio\/afiche_norte\/\" class=\"wp-image-8677\" srcset=\"https:\/\/www.uta.cl\/wp-content\/uploads\/2019\/05\/BIBLIOTECA-DIA-DEL-PATRIMONIO-699x1024.jpg 699w, https:\/\/www.uta.cl\/wp-content\/uploads\/2019\/05\/BIBLIOTECA-DIA-DEL-PATRIMONIO-205x300.jpg 205w, https:\/\/www.uta.cl\/wp-content\/uploads\/2019\/05\/BIBLIOTECA-DIA-DEL-PATRIMONIO-768x1125.jpg 768w, https:\/\/www.uta.cl\/wp-content\/uploads\/2019\/05\/BIBLIOTECA-DIA-DEL-PATRIMONIO.jpg 800w\" sizes=\"(max-width: 699px) 100vw, 699px\" \/><\/a><\/figure><\/li><\/ul>\n","protected":false},"excerpt":{"rendered":"<p>Las colecciones hist\u00f3ricas y patrimoniales de la Universidad de Tarapac\u00e1 abrir\u00e1n sus puertas con visitas guiadas el s\u00e1bado 25 de mayo, desde las 10:00 hasta las 14:00 hrs. El Archivo Hist\u00f3rico Vicente Dagnino (AHVD) y la Colecci\u00f3n Patrimonial Alfredo Wormald Cruz (CPAWC) mostrar\u00e1n parte del valioso material hist\u00f3rico que posee, como prensa de Arica entre [&hellip;]<\/p>\n","protected":false},"author":3,"featured_media":8677,"comment_status":"open","ping_status":"open","sticky":false,"template":"","format":"standard","meta":[],"categories":[],"tags":[],"_links":{"self":[{"href":"https:\/\/www.uta.cl\/index.php\/wp-json\/wp\/v2\/posts\/8676"}],"collection":[{"href":"https:\/\/www.uta.cl\/index.php\/wp-json\/wp\/v2\/posts"}],"about":[{"href":"https:\/\/www.uta.cl\/index.php\/wp-json\/wp\/v2\/types\/post"}],"author":[{"embeddable":true,"href":"https:\/\/www.uta.cl\/index.php\/wp-json\/wp\/v2\/users\/3"}],"replies":[{"embeddable":true,"href":"https:\/\/www.uta.cl\/index.php\/wp-json\/wp\/v2\/comments?post=8676"}],"version-history":[{"count":4,"href":"https:\/\/www.uta.cl\/index.php\/wp-json\/wp\/v2\/posts\/8676\/revisions"}],"predecessor-version":[{"id":8791,"href":"https:\/\/www.uta.cl\/index.php\/wp-json\/wp\/v2\/posts\/8676\/revisions\/8791"}],"wp:featuredmedia":[{"embeddable":true,"href":"https:\/\/www.uta.cl\/index.php\/wp-json\/wp\/v2\/media\/8677"}],"wp:attachment":[{"href":"https:\/\/www.uta.cl\/index.php\/wp-json\/wp\/v2\/media?parent=8676"}],"wp:term":[{"taxonomy":"category","embeddable":true,"href":"https:\/\/www.uta.cl\/index.php\/wp-json\/wp\/v2\/categories?post=8676"},{"taxonomy":"post_tag","embeddable":true,"href":"https:\/\/www.uta.cl\/index.php\/wp-json\/wp\/v2\/tags?post=8676"}],"curies":[{"name":"wp","href":"https:\/\/api.w.org\/{rel}","templated":true}]}}