{"id":8301,"date":"2019-05-17T22:47:21","date_gmt":"2019-05-17T22:47:21","guid":{"rendered":"http:\/\/www.uta.cl\/?p=8301"},"modified":"2019-05-28T21:08:31","modified_gmt":"2019-05-28T21:08:31","slug":"presidente-de-fcalp-y-rector-buscan-realizar-proyectos-de-desarrollo-estrategico-para-la-region-y-la-universidad","status":"publish","type":"post","link":"https:\/\/www.uta.cl\/index.php\/2019\/05\/17\/presidente-de-fcalp-y-rector-buscan-realizar-proyectos-de-desarrollo-estrategico-para-la-region-y-la-universidad\/","title":{"rendered":"Presidente de FCALP y Rector buscan realizar Proyectos de Desarrollo Estrat\u00e9gico para la Regi\u00f3n y la Universidad"},"content":{"rendered":"\n<p>El Sr. Rodolfo Barbosa Barrios, \nIngeniero Comercial y Presidente del Ferrocarril Arica La Paz (FCALP) se\n reuni\u00f3 con el Rector de la Universidad de Tarapac\u00e1 Dr. Emilio Rodr\u00edguez\n Ponce para evaluar la posibilidad de emprender proyectos conjuntos de \ndesarrollo y un trabajo colaborativo en el marco de ambas \norganizaciones.<\/p>\n\n\n\n<p>El Presidente ofreci\u00f3 sus buenos oficios\n para apoyar iniciativas de la UTA en el \u00e1mbito del patrimonio cultural \nde la Regi\u00f3n, as\u00ed como en la posibilidad de efectuar gestiones para \nfacilitar el posicionamiento de la UTA en la Regi\u00f3n con proyecci\u00f3n a la \nMacro Regi\u00f3n Centro Sur Andina. A su turno, la Universidad espera \ncontribuir con su expertise en el campo de la evaluaci\u00f3n y gesti\u00f3n de \nproyectos para respaldar acciones y proyecciones de FCALP.<\/p>\n\n\n\n<p>Respecto de la reuni\u00f3n sostenido el \nRector de la UTA manifest\u00f3: &#8220;Es un agrado recibir a un colega, arique\u00f1o,\n que ha ocupado cargos de m\u00e1xima relevancia en el sector p\u00fablico y \nprivado, y que tiene Arica y a la UTA en el coraz\u00f3n. Tenemos proyectos \npara expandir nuestra influencia en el \u00e1mbito patrimonial y cultura y \nFCALP junto a EFE tienen llaves maestras que nos pueden ayudar. Tambi\u00e9n,\n nosotros podemos apoyarles en la evaluaci\u00f3n y gesti\u00f3n de proyectos \nestrat\u00e9gicos en donde la UTA tiene lo mejores expertos del sistema a \nnivel Regional&#8221;.<\/p>\n\n\n\n<p>El Rector agreg\u00f3: &#8220;Se trata de avanzar \nen colaboraci\u00f3n, buscando y formando alianzas estrat\u00e9gicas que nos \nposicionen cada vez con mayor fuerza en el lugar de liderazgo al que \naspiramos en el contexto de la Macro Regi\u00f3n Centro Sur Andina&#8221;.<\/p>\n","protected":false},"excerpt":{"rendered":"<p>El Sr. Rodolfo Barbosa Barrios, Ingeniero Comercial y Presidente del Ferrocarril Arica La Paz (FCALP) se reuni\u00f3 con el Rector de la Universidad de Tarapac\u00e1 Dr. Emilio Rodr\u00edguez Ponce para evaluar la posibilidad de emprender proyectos conjuntos de desarrollo y un trabajo colaborativo en el marco de ambas organizaciones. El Presidente ofreci\u00f3 sus buenos oficios [&hellip;]<\/p>\n","protected":false},"author":1,"featured_media":8302,"comment_status":"open","ping_status":"open","sticky":false,"template":"","format":"standard","meta":[],"categories":[],"tags":[],"_links":{"self":[{"href":"https:\/\/www.uta.cl\/index.php\/wp-json\/wp\/v2\/posts\/8301"}],"collection":[{"href":"https:\/\/www.uta.cl\/index.php\/wp-json\/wp\/v2\/posts"}],"about":[{"href":"https:\/\/www.uta.cl\/index.php\/wp-json\/wp\/v2\/types\/post"}],"author":[{"embeddable":true,"href":"https:\/\/www.uta.cl\/index.php\/wp-json\/wp\/v2\/users\/1"}],"replies":[{"embeddable":true,"href":"https:\/\/www.uta.cl\/index.php\/wp-json\/wp\/v2\/comments?post=8301"}],"version-history":[{"count":1,"href":"https:\/\/www.uta.cl\/index.php\/wp-json\/wp\/v2\/posts\/8301\/revisions"}],"predecessor-version":[{"id":8303,"href":"https:\/\/www.uta.cl\/index.php\/wp-json\/wp\/v2\/posts\/8301\/revisions\/8303"}],"wp:featuredmedia":[{"embeddable":true,"href":"https:\/\/www.uta.cl\/index.php\/wp-json\/wp\/v2\/media\/8302"}],"wp:attachment":[{"href":"https:\/\/www.uta.cl\/index.php\/wp-json\/wp\/v2\/media?parent=8301"}],"wp:term":[{"taxonomy":"category","embeddable":true,"href":"https:\/\/www.uta.cl\/index.php\/wp-json\/wp\/v2\/categories?post=8301"},{"taxonomy":"post_tag","embeddable":true,"href":"https:\/\/www.uta.cl\/index.php\/wp-json\/wp\/v2\/tags?post=8301"}],"curies":[{"name":"wp","href":"https:\/\/api.w.org\/{rel}","templated":true}]}}