{"id":8063,"date":"2019-05-10T12:31:12","date_gmt":"2019-05-10T12:31:12","guid":{"rendered":"http:\/\/www.uta.cl\/?p=8063"},"modified":"2019-05-18T19:48:59","modified_gmt":"2019-05-18T19:48:59","slug":"con-visita-al-liceo-de-huara-la-carrera-de-pedagogia-en-educacion-basica-celebro-el-dia-del-libro","status":"publish","type":"post","link":"https:\/\/www.uta.cl\/index.php\/2019\/05\/10\/con-visita-al-liceo-de-huara-la-carrera-de-pedagogia-en-educacion-basica-celebro-el-dia-del-libro\/","title":{"rendered":"Con visita al Liceo de Huara, la carrera de Pedagog\u00eda en Educaci\u00f3n B\u00e1sica, celebr\u00f3 el Dia del Libro"},"content":{"rendered":"\n<p>En conmemoraci\u00f3n a la celebraci\u00f3n del d\u00eda del libro, los estudiantes de pedagog\u00eda en educaci\u00f3n b\u00e1sica sede Iquique asistieron al liceo de Huara, a un encuentro de confraternidad, aprendizaje y vinculaci\u00f3n, cuyo objetivo principal fue fortalecer a trav\u00e9s de las estrategias de cuenta cuentos la formaci\u00f3n docente y experiencias de comprensi\u00f3n lectora, estas estrategias fueron recibidas con gran motivaci\u00f3n por los estudiantes y profesores de la localidad de Huara.<\/p>\n\n\n\n<figure class=\"wp-block-image\"><img loading=\"lazy\" width=\"550\" height=\"335\" src=\"http:\/\/www.uta.cl\/wp-content\/uploads\/2019\/05\/foto_0000000420190510183432.jpg\" alt=\"\" class=\"wp-image-8064\" srcset=\"https:\/\/www.uta.cl\/wp-content\/uploads\/2019\/05\/foto_0000000420190510183432.jpg 550w, https:\/\/www.uta.cl\/wp-content\/uploads\/2019\/05\/foto_0000000420190510183432-300x183.jpg 300w\" sizes=\"(max-width: 550px) 100vw, 550px\" \/><\/figure>\n\n\n\n<p>Adem\u00e1s el Jefe de Carrera, Rodrigo Fern\u00e1ndez Cerda, aprovecho la instancia de reunirse con profesores de la unidad educativa y ex estudiantes de la carrera, con la finalidad de obtener una retroalimentaci\u00f3n efectiva de la actividad y su formaci\u00f3n, como tambi\u00e9n invitarlos a trabajar mancomunadamente por una educaci\u00f3n que vaya en evoluci\u00f3n a los nuevos desaf\u00edos y generar estrategias innovadoras con la finalidad de provocar un conocimiento bidireccional en el proceso de ense\u00f1anza aprendizaje de ambas instituciones.<\/p>\n\n\n\n<p>Por otra parte, los profesores del establecimiento del liceo de Huara plantearon que estas actividades son una gran instancia para conocer nuevas estrategias , m\u00e9todos y sistemas que pueden desarrollar entrono a la lectura y tambi\u00e9n consideran un proceso fundamental en la formaci\u00f3n de los futuros educadores, ya que los dota de acercamientos en la realidad educativa regional y por qu\u00e9 no decirlo, a la investigaci\u00f3n de aula en el \u00e1mbito de la ense\u00f1anza de la lengua y la educaci\u00f3n en contextos interculturales&#8230;.<\/p>\n\n\n\n<p>Para las profesoras de lenguaje de la carrera, fue una gran oportunidad porque a trav\u00e9s de esta actividad los profesores en formaci\u00f3n reflexionan en torno a enfoques te\u00f3ricos e interdisciplinarios sobre literatura, comunicaci\u00f3n, ling\u00fc\u00edstica y educaci\u00f3n con la finalidad de enriquecer perspectivas disciplinares con las visiones, aportes y disidencias generadas en las diferentes discusiones e instancias de participaci\u00f3n.<\/p>\n\n\n\n<div class=\"wp-block-image\"><figure class=\"aligncenter\"><img loading=\"lazy\" width=\"360\" height=\"237\" src=\"http:\/\/www.uta.cl\/wp-content\/uploads\/2019\/05\/foto_0000000120190510183432.jpg\" alt=\"\" class=\"wp-image-8065\" srcset=\"https:\/\/www.uta.cl\/wp-content\/uploads\/2019\/05\/foto_0000000120190510183432.jpg 360w, https:\/\/www.uta.cl\/wp-content\/uploads\/2019\/05\/foto_0000000120190510183432-300x198.jpg 300w\" sizes=\"(max-width: 360px) 100vw, 360px\" \/><\/figure><\/div>\n\n\n\n<div class=\"wp-block-image\"><figure class=\"aligncenter\"><img loading=\"lazy\" width=\"167\" height=\"360\" src=\"http:\/\/www.uta.cl\/wp-content\/uploads\/2019\/05\/foto_0000000220190510183432.jpg\" alt=\"\" class=\"wp-image-8066\" srcset=\"https:\/\/www.uta.cl\/wp-content\/uploads\/2019\/05\/foto_0000000220190510183432.jpg 167w, https:\/\/www.uta.cl\/wp-content\/uploads\/2019\/05\/foto_0000000220190510183432-139x300.jpg 139w\" sizes=\"(max-width: 167px) 100vw, 167px\" \/><\/figure><\/div>\n\n\n\n<div class=\"wp-block-image\"><figure class=\"aligncenter\"><img loading=\"lazy\" width=\"256\" height=\"360\" src=\"http:\/\/www.uta.cl\/wp-content\/uploads\/2019\/05\/foto_0000000520190510183432.jpg\" alt=\"\" class=\"wp-image-8067\" srcset=\"https:\/\/www.uta.cl\/wp-content\/uploads\/2019\/05\/foto_0000000520190510183432.jpg 256w, https:\/\/www.uta.cl\/wp-content\/uploads\/2019\/05\/foto_0000000520190510183432-213x300.jpg 213w\" sizes=\"(max-width: 256px) 100vw, 256px\" \/><\/figure><\/div>\n\n\n\n<div class=\"wp-block-image\"><figure class=\"aligncenter\"><img loading=\"lazy\" width=\"360\" height=\"368\" src=\"http:\/\/www.uta.cl\/wp-content\/uploads\/2019\/05\/foto_0000000320190510183432.jpg\" alt=\"\" class=\"wp-image-8068\" srcset=\"https:\/\/www.uta.cl\/wp-content\/uploads\/2019\/05\/foto_0000000320190510183432.jpg 360w, https:\/\/www.uta.cl\/wp-content\/uploads\/2019\/05\/foto_0000000320190510183432-293x300.jpg 293w\" sizes=\"(max-width: 360px) 100vw, 360px\" \/><\/figure><\/div>\n","protected":false},"excerpt":{"rendered":"<p>En conmemoraci\u00f3n a la celebraci\u00f3n del d\u00eda del libro, los estudiantes de pedagog\u00eda en educaci\u00f3n b\u00e1sica sede Iquique asistieron al liceo de Huara, a un encuentro de confraternidad, aprendizaje y vinculaci\u00f3n, cuyo objetivo principal fue fortalecer a trav\u00e9s de las estrategias de cuenta cuentos la formaci\u00f3n docente y experiencias de comprensi\u00f3n lectora, estas estrategias fueron [&hellip;]<\/p>\n","protected":false},"author":1,"featured_media":8064,"comment_status":"open","ping_status":"open","sticky":false,"template":"","format":"standard","meta":[],"categories":[32],"tags":[],"_links":{"self":[{"href":"https:\/\/www.uta.cl\/index.php\/wp-json\/wp\/v2\/posts\/8063"}],"collection":[{"href":"https:\/\/www.uta.cl\/index.php\/wp-json\/wp\/v2\/posts"}],"about":[{"href":"https:\/\/www.uta.cl\/index.php\/wp-json\/wp\/v2\/types\/post"}],"author":[{"embeddable":true,"href":"https:\/\/www.uta.cl\/index.php\/wp-json\/wp\/v2\/users\/1"}],"replies":[{"embeddable":true,"href":"https:\/\/www.uta.cl\/index.php\/wp-json\/wp\/v2\/comments?post=8063"}],"version-history":[{"count":1,"href":"https:\/\/www.uta.cl\/index.php\/wp-json\/wp\/v2\/posts\/8063\/revisions"}],"predecessor-version":[{"id":8069,"href":"https:\/\/www.uta.cl\/index.php\/wp-json\/wp\/v2\/posts\/8063\/revisions\/8069"}],"wp:featuredmedia":[{"embeddable":true,"href":"https:\/\/www.uta.cl\/index.php\/wp-json\/wp\/v2\/media\/8064"}],"wp:attachment":[{"href":"https:\/\/www.uta.cl\/index.php\/wp-json\/wp\/v2\/media?parent=8063"}],"wp:term":[{"taxonomy":"category","embeddable":true,"href":"https:\/\/www.uta.cl\/index.php\/wp-json\/wp\/v2\/categories?post=8063"},{"taxonomy":"post_tag","embeddable":true,"href":"https:\/\/www.uta.cl\/index.php\/wp-json\/wp\/v2\/tags?post=8063"}],"curies":[{"name":"wp","href":"https:\/\/api.w.org\/{rel}","templated":true}]}}