{"id":7810,"date":"2019-04-05T21:24:32","date_gmt":"2019-04-05T21:24:32","guid":{"rendered":"http:\/\/www.uta.cl\/?p=7810"},"modified":"2019-05-17T22:52:21","modified_gmt":"2019-05-17T22:52:21","slug":"uta-otorga-medalla-rectoral-a-destacado-investigador-en-fisica-medica","status":"publish","type":"post","link":"https:\/\/www.uta.cl\/index.php\/2019\/04\/05\/uta-otorga-medalla-rectoral-a-destacado-investigador-en-fisica-medica\/","title":{"rendered":"UTA otorga Medalla Rectoral a destacado investigador en F\u00edsica M\u00e9dica"},"content":{"rendered":"\n<p>En una solemne ceremonia, la Universidad de Tarapac\u00e1 entreg\u00f3 este jueves 4 de abril, la Medalla Rectoral 2019 al Catedr\u00e1tico Em\u00e9rito de F\u00edsica M\u00e9dica del Departamento de Radiolog\u00eda de la Universidad Complutense de Madrid, Dr. Eliseo Va\u00f1\u00f3 Carruana, en m\u00e9rito a su importante aporte a la investigaci\u00f3n cient\u00edfica colaborativa con esta Casa de Estudios Superiores, en materias de f\u00edsica m\u00e9dica.<\/p>\n\n\n\n<p>El acto realizado en la Sala Eventos de la Facultad de Ciencias de la Salud del Campus Saucache, cont\u00f3 con la presencia de las principales autoridades universitarias, acad\u00e9micos y acad\u00e9micas, estudiantes e invitados especiales.<\/p>\n\n\n\n<p>La ceremonia se inici\u00f3 con las palabras del Rector de la Universidad de Tarapac\u00e1, Dr. Emilio Rodr\u00edguez Ponce, quien junto con resaltar la capacidad intelectual y acad\u00e9mica del Dr. Eliseo Va\u00f1\u00f3, hizo referencia a la importancia de esta distinci\u00f3n. &#8220;La Medalla Rectoral es una de las distinciones m\u00e1s relevantes que entrega nuestra Universidad de Tarapac\u00e1 a distinguida personalidades que destacan a nivel internacional. Eliseo Va\u00f1\u00f3 es un investigador de clase mundial es una persona que tiene m\u00e1s de 300 publicaciones, las cuales han sido citadas m\u00e1s de 9000 veces aproximadamente, lo que significa que es un investigador que no solamente realiza una gran labor sino que esa labor tiene un impacto cient\u00edfico mayor&#8221;.<\/p>\n\n\n\n<p>Destac\u00f3 que, &#8220;el profesor Va\u00f1\u00f3 trabaja con la Universidad de Tarapac\u00e1, es un profesor de la Universidad Complutense de Madrid, una gran instituci\u00f3n europea que tiene v\u00ednculo permanente con nuestra Casa de Estudios Superiores y que en los \u00faltimos diez a\u00f1os se han generado 24 publicaciones en forma colaborativa mancomunada y en este contexto, nos parec\u00eda muy importante dar esta se\u00f1al de distinguir a un gran cient\u00edfico pero que adem\u00e1s, tiene una colaboraci\u00f3n que ha llevado el nombre de la UTA a altos sitiales en Naciones Unidas, en la Organizaci\u00f3n Mundial de la Salud y tambi\u00e9n, en el mundo cient\u00edfico a trav\u00e9s de la Web of Science&#8221;.<\/p>\n\n\n\n<p>Posteriormente se dio lectura del decreto en donde se concede la Medalla Rectoral a cargo de la Secretaria (s) de la Universidad, Celia B\u00f3rquez, para luego dar paso a las palabras del homenajeado, quien se mostr\u00f3 emocionado por este reconocimiento expresando sus agradecimientos, &#8220;aprecio mucho esta entrega de la Medalla Rectoral, porque es un reconocimiento a una labor de colaboraci\u00f3n de muchos a\u00f1os. Ya no es una situaci\u00f3n individual o un reconocimiento a publicaciones, es un reconocimiento a tener alumnos en una universidad Latinoamericana que a su vez generar\u00e1 m\u00e1s alumnos y probablemente la colaboraci\u00f3n entre Espa\u00f1a y Chile crecer\u00e1 como fruto de esa primera colaboraci\u00f3n con el Decano y profesor Carlos \u00dabeda en la UTA&#8221;.<\/p>\n\n\n\n<p>Por su parte el Decano de la Facultad de Ciencias de la Salud, Dr. Carlos \u00dabeda de la Cerda, principal gestor de este reconocimiento, expres\u00f3 que, &#8220;el Dr. Va\u00f1\u00f3 sin duda representa un tremendo aporte no solamente para nuestra Universidad sino que para el mundo entero porque \u00e9l es una de las personas que desarroll\u00f3 una profesi\u00f3n que es la F\u00edsica M\u00e9dica y en ese contexto, su funci\u00f3n esencial es resguardar la garant\u00eda de calidad y la protecci\u00f3n radiol\u00f3gica en las aplicaciones m\u00e9dicas de las radiaciones ionizantes. En este sentido, para nosotros como Instituci\u00f3n es un verdadero honor y que \u00e9l haya aceptado el venir a Chile, trabajar con nosotros y el comprometerse a seguir colaborando con nosotros para sacar todos los proyectos de investigaci\u00f3n y desarrollo que tenemos como Facultad y como Universidad de Tarapac\u00e1&#8221;.<\/p>\n\n\n\n<p>Este solemne acto fue acompa\u00f1ado por el Coro Universitario dirigido por el Maestro Miguel Platero Galarce, quienes interpretaron el Himno Nacional, la entonaci\u00f3n Gaudeamus Igitur al momento de proceder con la investidura de la Medalla Rectoral, para finalizar con el Himno de la Universidad de Tarapac\u00e1.<\/p>\n\n\n\n<p><strong>TRAYECTORIA<\/strong><\/p>\n\n\n\n<p>El Profesor Eliseo Va\u00f1\u00f3 Carruana, es Doctor en Ciencias F\u00edsicas, especialista en Radio F\u00edsica Hospitalaria, Catedr\u00e1tico Em\u00e9rito de F\u00edsica M\u00e9dica del Departamento de Radiolog\u00eda de la Universidad Complutense de Madrid. Ha sido jefe del servicio de f\u00edsica m\u00e9dica del Hospital Cl\u00ednico San Carlos en Madrid hasta el 30 de septiembre de 2017. El profesor Va\u00f1\u00f3 es miembro del grupo de expertos del art\u00edculo 31 del Tratado Euratom de la Comisi\u00f3n Europea junto con presidir el grupo de exposiciones m\u00e9dicas durante ocho a\u00f1os.<\/p>\n\n\n\n<p>Es asesor de la Direcci\u00f3n General de Salud P\u00fablica del Ministerio de Sanidad de Espa\u00f1a en temas de protecci\u00f3n radiol\u00f3gica para exposiciones m\u00e9dicas y miembro de la delegaci\u00f3n espa\u00f1ola en UNSCEAR. Ha actuado en numerosas ocasiones como experto en protecci\u00f3n radiol\u00f3gica para el Organismo Internacional de la Energ\u00eda At\u00f3mica (OIEA) con sede en Viena y es miembro em\u00e9rito de la Comisi\u00f3n Internacional de Protecci\u00f3n Radiol\u00f3gica adem\u00e1s de haber sido presidente del Comit\u00e9 de Protecci\u00f3n en Medicina de esa organizaci\u00f3n internacional durante ocho a\u00f1os.<\/p>\n\n\n\n<p>Fue miembro del Comit\u00e9 Editorial de varias revistas cient\u00edficas, como British Journal of Radiology, European Journal of Medical Physics, Journal of Radiological Protection, y Medical Physics, entre otras.<\/p>\n\n\n\n<p>Ha dirigido durante m\u00e1s de 20 a\u00f1os un grupo de investigaci\u00f3n financiado por instituciones nacionales y por la Comisi\u00f3n Europea, desarrollando trabajos relacionados con la protecci\u00f3n radiol\u00f3gica de los pacientes y de los profesionales, en radiolog\u00eda y cardiolog\u00eda intervencionistas. Ha coordinado, en colaboraci\u00f3n con el OIEA y Sociedad Latinoamericana de Cardi\u00f3logos Intervencionistas (SOLACI), el Programa Relid (Retrospective Evaluation of Lens Injuries and Dose). Tambi\u00e9n ha coordinado el programa espa\u00f1ol para el seguimiento de dosis de radiaci\u00f3n en pacientes de cardiolog\u00eda intervencionista, en colaboraci\u00f3n con la secci\u00f3n de hemodin\u00e1mica y cardiolog\u00eda intervencionista de la Sociedad Espa\u00f1ola de Cardiolog\u00eda. Asimismo, ha representado a Espa\u00f1a en numerosos foros cient\u00edficos europeos y en grupos de trabajo de organizaciones internacionales y de protecci\u00f3n radiol\u00f3gica.<\/p>\n\n\n\n<p>Ha sido nombrado socio de honor de la Sociedad Espa\u00f1ola de Radiolog\u00eda Vascular e Intervencionista en 2005 y en 2013 recibi\u00f3 la Cruz de Honor de la Sanidad Madrile\u00f1a, la medalla de oro de la Sociedad Espa\u00f1ola de F\u00edsica M\u00e9dica en junio de 2015, fue nombrado socio de honor de la Sociedad Espa\u00f1ola de Protecci\u00f3n Radiol\u00f3gica en 2017 y ha obtenido el premio de F\u00edsica M\u00e9dica del a\u00f1o 2018 de la IUPESM (International Union for Physical and Engineering Sciences in Medicine y la Organizaci\u00f3n Internacional de F\u00edsica M\u00e9dica).<\/p>\n\n\n\n<p>Es autor de numerosas publicaciones cient\u00edficas en el \u00e1rea de la protecci\u00f3n radiol\u00f3gica con especial incidencia en temas referentes a la protecci\u00f3n del paciente. En la Web of Science (WOS), tiene un total de 307 publicaciones cient\u00edficas, 5788 citaciones y un factor H de 40 en la base de datos Google Acad\u00e9mico cuyas citaciones alcanzan las 9414 siendo su factor H de 51.<\/p>\n\n\n\n<p style=\"text-align:center\"><strong><a href=\"https:\/\/photos.app.goo.gl\/oqAfG4wUpKTYnbPy6\">Galer\u00eda de Im\u00e1genes<\/a><\/strong><\/p>\n","protected":false},"excerpt":{"rendered":"<p>La Medalla Rectoral 2019 fue entregada por el Rector Dr. Emilio Rodr\u00edguez Ponce al Dr. Eliseo Va\u00f1\u00f3 Carruana por su destacado aporte a la investigaci\u00f3n cient\u00edfica colaborativa con la Universidad de Tarapac\u00e1 en materias de f\u00edsica m\u00e9dica<\/p>\n","protected":false},"author":1,"featured_media":7811,"comment_status":"open","ping_status":"open","sticky":false,"template":"","format":"standard","meta":[],"categories":[],"tags":[],"_links":{"self":[{"href":"https:\/\/www.uta.cl\/index.php\/wp-json\/wp\/v2\/posts\/7810"}],"collection":[{"href":"https:\/\/www.uta.cl\/index.php\/wp-json\/wp\/v2\/posts"}],"about":[{"href":"https:\/\/www.uta.cl\/index.php\/wp-json\/wp\/v2\/types\/post"}],"author":[{"embeddable":true,"href":"https:\/\/www.uta.cl\/index.php\/wp-json\/wp\/v2\/users\/1"}],"replies":[{"embeddable":true,"href":"https:\/\/www.uta.cl\/index.php\/wp-json\/wp\/v2\/comments?post=7810"}],"version-history":[{"count":2,"href":"https:\/\/www.uta.cl\/index.php\/wp-json\/wp\/v2\/posts\/7810\/revisions"}],"predecessor-version":[{"id":7886,"href":"https:\/\/www.uta.cl\/index.php\/wp-json\/wp\/v2\/posts\/7810\/revisions\/7886"}],"wp:featuredmedia":[{"embeddable":true,"href":"https:\/\/www.uta.cl\/index.php\/wp-json\/wp\/v2\/media\/7811"}],"wp:attachment":[{"href":"https:\/\/www.uta.cl\/index.php\/wp-json\/wp\/v2\/media?parent=7810"}],"wp:term":[{"taxonomy":"category","embeddable":true,"href":"https:\/\/www.uta.cl\/index.php\/wp-json\/wp\/v2\/categories?post=7810"},{"taxonomy":"post_tag","embeddable":true,"href":"https:\/\/www.uta.cl\/index.php\/wp-json\/wp\/v2\/tags?post=7810"}],"curies":[{"name":"wp","href":"https:\/\/api.w.org\/{rel}","templated":true}]}}