{"id":7807,"date":"2019-04-05T20:23:20","date_gmt":"2019-04-05T20:23:20","guid":{"rendered":"http:\/\/www.uta.cl\/?p=7807"},"modified":"2019-04-08T20:24:30","modified_gmt":"2019-04-08T20:24:30","slug":"exitosa-jornada-de-socializacion-del-modelo-de-articulacion-entre-el-centro-de-formacion-tecnica-tarapaca-y-carreras-de-pregrado-de-la-universidad-de-tarapaca","status":"publish","type":"post","link":"https:\/\/www.uta.cl\/index.php\/2019\/04\/05\/exitosa-jornada-de-socializacion-del-modelo-de-articulacion-entre-el-centro-de-formacion-tecnica-tarapaca-y-carreras-de-pregrado-de-la-universidad-de-tarapaca\/","title":{"rendered":"Exitosa jornada de socializaci\u00f3n del Modelo de Articulaci\u00f3n entre el Centro de Formaci\u00f3n T\u00e9cnica Tarapac\u00e1 y carreras de Pregrado de la Universidad de Tarapac\u00e1"},"content":{"rendered":"\n<p>En el marco del Convenio de Desempe\u00f1o UTA 1501 &#8220;Generaci\u00f3n de valor a trav\u00e9s de la innovaci\u00f3n curricular y del mejoramiento de calidad de los grados y t\u00edtulos ofrecidos por la Universidad de Tarapac\u00e1&#8221;, el cual destaca actividades comprometidas para apoyar de manera colaborativa diversas acciones de vinculaci\u00f3n entre las carreras del Centro de Formaci\u00f3n T\u00e9cnica Tarapac\u00e1 (CFT) y las carreras de la Universidad de Tarapac\u00e1, este mi\u00e9rcoles 4 de abril, se realiz\u00f3 la presentaci\u00f3n del Modelo de Articulaci\u00f3n entre ambas casas de estudio.<\/p>\n\n\n\n<p>La instancia cont\u00f3 con la presencia del Rector (s) de la Universidad de Tarapac\u00e1, Dr. Alfonso D\u00edaz Aguad, de la Rectora del CFT Tarapac\u00e1, Marta Meza Lav\u00edn, directivos, acad\u00e9micos, alumnos, directores de colegios e invitados especiales.<\/p>\n\n\n\n<p>&#8220;Este importante encuentro que se enmarca en el CV UTA 1501, tiene como objetivo apoyar de manera colaborativa y con diversas acciones de vinculaci\u00f3n directa de las carreras del CFT Tarapac\u00e1 y las carreras de la UTA, basados en modelos educativos de ambas entidades. En funci\u00f3n a los compromisos asumidos se dise\u00f1a y construye de manera colaborativa, producto de una ardua labor desarrollada entre el 2016 y 2018 este Modelo de Articulaci\u00f3n entre ambas instituciones. Dicho modelo tiene como objetivo entregar los lineamientos y mecanismos a las carreras de ambas instituciones en relaci\u00f3n con el proceso de articulaci\u00f3n que conforman ambas casas de estudios que permiten la movilidad de los estudiantes del CFT Tarapac\u00e1 hacia nuestra Universidad, como una respuesta estrat\u00e9gica para mejorar la pertinencia de los planes de estudio haci\u00e9ndose cargo de las demandas de la comunidad, estableciendo un acuerdo de reconocimiento entre programas&#8221;, destac\u00f3 el Rector (s) de la Universidad de Tarapac\u00e1, Dr. Alfonso D\u00edaz Aguad.<\/p>\n\n\n\n<p>Agreg\u00f3 que &#8220;es importante mencionar que se espera a partir de este Modelo de Articulaci\u00f3n entre las carreras del CFT Tarapac\u00e1 y las de la UTA, sistematizar la continuidad de estudios de los alumnos que se movilizan desde dicho Centro de Formaci\u00f3n T\u00e9cnica a la educaci\u00f3n superior&#8221;.<\/p>\n\n\n\n<p>Asimismo se\u00f1al\u00f3 que desde ambas instituciones se est\u00e1 trabajando en la posibilidad de generar nuevas carreras profesionales en la UTA que tengan correspondencia directa con carreras del CFT Tarapac\u00e1, para dar mayores posibilidades a los estudiantes.<\/p>\n\n\n\n<p>Por su parte, la Rectora del Centro de Formaci\u00f3n T\u00e9cnica Tarapac\u00e1, Mg. Marta Meza Lav\u00edn, indic\u00f3 que, &#8220;a partir de este a\u00f1o, se incorpora la articulaci\u00f3n del CFT con carreras de pregrado de la UTA. Dicho Modelo de Articulaci\u00f3n viene a concretar el anhelo de nuestros y nuestras estudiantes para continuar estudios superiores en las diferentes carreras que ofrece la Universidad con reconocimiento de avance curricular&#8221;.<\/p>\n\n\n\n<p>Agreg\u00f3 que, &#8220;el proceso de construcci\u00f3n de este modelo fue producto de una serie de acciones y actividades conjuntas que comenzaron el a\u00f1o 2016 y concluyeron en el verano del 2019, entre jefes de carreras y directores de escuelas de nuestro CFT, guiados por asesoras curriculares de la Direcci\u00f3n de Docencia de la UTA. Estos talleres de trabajo permitieron el intercambio de informaci\u00f3n y experiencias ligadas al proceso de articulaci\u00f3n donde profesionales de ambas instituciones tuvieron la voluntad de revisar documentos t\u00e9cnicos, fluxogramas, perfiles de egresos, contenidos y cantidades de horas de trabajo de las diferentes carreras, adem\u00e1s del an\u00e1lisis de las rutas curriculares de articulaci\u00f3n que se seleccionaron para revisar las tablas de convalidaciones de las asignaturas y m\u00f3dulos entre las diferentes carreras que imparten ambas entidades&#8221;, se\u00f1al\u00f3 la Rectora Marta Meza.<\/p>\n\n\n\n<p>Posteriormente, se realiz\u00f3 la presentaci\u00f3n del Modelo de Articulaci\u00f3n entre el CFT Tarapac\u00e1 y carreras de Pregrado de la UTA a cargo de la Coordinadora del \u00c1rea de Gesti\u00f3n y Desarrollo Curricular, Dra. Galia Meneses Riquelme, para dar paso a la exposici\u00f3n de la Jefa de Carrera de Tecnolog\u00eda M\u00e9dica Especialidad Imagenolog\u00eda y F\u00edsica M\u00e9dica, Mg. Maura Auad Brito y la Jefa de Carrera de Ingenier\u00eda en Sistemas de Informaci\u00f3n y Control de Gesti\u00f3n, Mg. Andrea Pincheira.<\/p>\n\n\n\n<p>La jornada prosigui\u00f3 con las ponencias del Jefe de Carrera de Profesor de Educaci\u00f3n F\u00edsica, Mg. Emilio Ulloa y de la Directora de Escuela de Educaci\u00f3n y Humanidades del CFT Tarapac\u00e1, Mg. Rosa Jarpa, para finalizar con las palabras de cierre del Director Ejecutivo del CD UTA 1501 y Director de Docencia, Dr. Carlos Leiva Sajuria, quien agradeci\u00f3 la presencia de los asistentes, expresando que, &#8220;es muy importante que la UTA se perciba asimismo como uno de los principales actores para el desarrollo de la regi\u00f3n y no podemos dejar de tomar parte de este sistema educativo. Esta nueva alianza con el otro agente movilizador de cultura de nuestra regi\u00f3n como es el CFT Tarapac\u00e1, nos damos cuenta de que en la regi\u00f3n se est\u00e1 produciendo un fen\u00f3meno importante del cual no podemos quedarnos al margen, que es entender que la educaci\u00f3n de nuestra juventud, las oportunidades que deben tener, depende de nosotros y depende de formar un sistema educativo que otorgue diferentes alternativas para la formaci\u00f3n y perfeccionamiento de nuestros j\u00f3venes&#8221;.<\/p>\n\n\n\n<p style=\"text-align:center\"><strong><a href=\"https:\/\/photos.app.goo.gl\/e53tjfnQvoUQtQvm8\">Galer\u00eda de Im\u00e1genes<\/a><\/strong><\/p>\n","protected":false},"excerpt":{"rendered":"<p>Su principal objetivo es entregar los lineamientos y mecanismos a las carreras de ambas instituciones en relaci\u00f3n con el proceso de articulaci\u00f3n que conforman ambas casas de estudios que permiten la movilidad de los estudiantes del CFT Tarapac\u00e1 hacia la UTA<\/p>\n","protected":false},"author":1,"featured_media":7808,"comment_status":"open","ping_status":"open","sticky":false,"template":"","format":"standard","meta":[],"categories":[],"tags":[],"_links":{"self":[{"href":"https:\/\/www.uta.cl\/index.php\/wp-json\/wp\/v2\/posts\/7807"}],"collection":[{"href":"https:\/\/www.uta.cl\/index.php\/wp-json\/wp\/v2\/posts"}],"about":[{"href":"https:\/\/www.uta.cl\/index.php\/wp-json\/wp\/v2\/types\/post"}],"author":[{"embeddable":true,"href":"https:\/\/www.uta.cl\/index.php\/wp-json\/wp\/v2\/users\/1"}],"replies":[{"embeddable":true,"href":"https:\/\/www.uta.cl\/index.php\/wp-json\/wp\/v2\/comments?post=7807"}],"version-history":[{"count":1,"href":"https:\/\/www.uta.cl\/index.php\/wp-json\/wp\/v2\/posts\/7807\/revisions"}],"predecessor-version":[{"id":7809,"href":"https:\/\/www.uta.cl\/index.php\/wp-json\/wp\/v2\/posts\/7807\/revisions\/7809"}],"wp:featuredmedia":[{"embeddable":true,"href":"https:\/\/www.uta.cl\/index.php\/wp-json\/wp\/v2\/media\/7808"}],"wp:attachment":[{"href":"https:\/\/www.uta.cl\/index.php\/wp-json\/wp\/v2\/media?parent=7807"}],"wp:term":[{"taxonomy":"category","embeddable":true,"href":"https:\/\/www.uta.cl\/index.php\/wp-json\/wp\/v2\/categories?post=7807"},{"taxonomy":"post_tag","embeddable":true,"href":"https:\/\/www.uta.cl\/index.php\/wp-json\/wp\/v2\/tags?post=7807"}],"curies":[{"name":"wp","href":"https:\/\/api.w.org\/{rel}","templated":true}]}}