{"id":7798,"date":"2019-04-02T20:12:53","date_gmt":"2019-04-02T20:12:53","guid":{"rendered":"http:\/\/www.uta.cl\/?p=7798"},"modified":"2019-05-17T22:52:41","modified_gmt":"2019-05-17T22:52:41","slug":"decanos-rindieron-cuenta-publica-de-su-gestion-2018","status":"publish","type":"post","link":"https:\/\/www.uta.cl\/index.php\/2019\/04\/02\/decanos-rindieron-cuenta-publica-de-su-gestion-2018\/","title":{"rendered":"Decanos rindieron cuenta p\u00fablica de su gesti\u00f3n 2018"},"content":{"rendered":"\n<p>Con la finalidad de informar a la comunidad acad\u00e9mica y a las autoridades universitarias sobre el quehacer de cada una de las unidades acad\u00e9micas dentro del plantel estatal per\u00edodo 2018, los decanos y decana de las siete facultades junto al director (s) del Instituto de Alta Investigaci\u00f3n, participaron de una extensa jornada de trabajo este martes 02 de abril, en el Aula Magna del Campus Vel\u00e1squez.<\/p>\n\n\n\n<p>El espacio abierto a la comunidad acad\u00e9mica, se inici\u00f3 con las palabras del Rector (s), Dr. Alfonso D\u00edaz Aguad, quien agradeci\u00f3 la presencia de los acad\u00e9micos y expres\u00f3 la importancia de esta actividad en la cual los decanos deben dar a conocer cu\u00e1les fueron las actividades acad\u00e9micas el a\u00f1o 2018. &#8220;El a\u00f1o pasado se realiz\u00f3 una actividad similar a este encuentro. A nivel nacional todas las instituciones p\u00fablicas y privadas est\u00e1n dando cuenta de lo que hacen en el a\u00f1o anterior y la idea es que a futuro quede como una tradici\u00f3n en nuestra Instituci\u00f3n en la cual cada a\u00f1o se den a conocer cu\u00e1les fueron las actividades relevantes de cada facultad en temas como docencia, investigaci\u00f3n y vinculaci\u00f3n con el medio&#8221;.<\/p>\n\n\n\n<p>Durante la jornada de trabajo, cada Decano expuso en detalle respecto a las actividades desarrolladas por los acad\u00e9micos de cada unidad, productividad cient\u00edfica, carga acad\u00e9mica y trabajos con la comunidad regional, nacional e internacional, partiendo con la exposici\u00f3n del Decano de la Facultad de Ciencias Sociales y Jur\u00eddicas, Juan Chacama Rodr\u00edguez, posteriormente con la Facultad de Educaci\u00f3n y Humanidades a cargo de su Decano, Dr. Jorge Lagos Caama\u00f1o. La actividad continu\u00f3 con la presentaci\u00f3n de la Facultad de Ciencias por su Decano Dr. Hugo Bravo Azl\u00e1n, prosiguiendo con la Facultad de Ingenier\u00eda, realizada por el Decano Alejandro Rodr\u00edguez Estay, seguidamente por la ponencia de la Vicedecana de la Facultad de Ciencias de la Salud, Dra. Ana Mar\u00eda Naranjo; Facultad de Administraci\u00f3n y Econom\u00eda a cargo del Decano (s), Yanko Ossandon Nu\u00f1ez y con la exposici\u00f3n de la Decana Dra. Pilar Mazuela \u00c1guila, de la Facultad de Ciencias Agron\u00f3micas, para finalidad con la cuenta p\u00fablica del director (s) del Instituto de Alta Investigaci\u00f3n, Dr. David Laroze.<\/p>\n\n\n\n<p>Tras una extensa jornada, el Rector (s), Dr. Alfonso D\u00edaz Aguad, concluy\u00f3 la actividad se\u00f1alando que, &#8220;esta revisi\u00f3n general de las actividades desarrolladas por cada facultad nos permite conocer las fortalezas y detectar las debilidades de cada unidad con la finalidad de mejorarlas. Lo que estamos haciendo en este d\u00eda es muy relevante para nuestra Casa de Estudios Superiores porque sirvi\u00f3 para que cada facultad expusiera su realidad permitiendo a los presentes conocer lo que cada acad\u00e9mico y acad\u00e9mica realiza en nuestra Universidad&#8221;.<\/p>\n\n\n\n<p style=\"text-align:center\"><strong><a href=\"https:\/\/photos.app.goo.gl\/TQetx3pcYrmPAwjY9\">Galer\u00eda de Im\u00e1genes<\/a><\/strong><\/p>\n\n\n\n<p>Puede descargar las presentaciones de los Decanos ver los siguientes enlaces:<\/p>\n\n\n\n<ul><li> <a rel=\"noreferrer noopener\" href=\"https:\/\/www.uta.cl\/web\/site\/artic\/20190402\/asocfile\/20190402181145\/01_facsojur_2018.pdf\" target=\"_blank\">FACULTAD DE CIENCIAS SOCIALES Y JUR\u00cdDICAS<\/a><\/li><li><a rel=\"noreferrer noopener\" href=\"https:\/\/www.uta.cl\/web\/site\/artic\/20190402\/asocfile\/20190402181145\/02_educaci__n_y_humanidades.pdf\" target=\"_blank\">FACULTAD DE EDUCACI\u00d3N Y HUMANIDADES<\/a><\/li><li><a rel=\"noreferrer noopener\" href=\"https:\/\/www.uta.cl\/web\/site\/artic\/20190402\/asocfile\/20190402181145\/03_faci.pdf\" target=\"_blank\">FACULTAD DE CIENCIAS<\/a><\/li><li><a rel=\"noreferrer noopener\" href=\"https:\/\/www.uta.cl\/web\/site\/artic\/20190402\/asocfile\/20190402181145\/04_ingenieria.pdf\" target=\"_blank\">FACULTAD DE INGENIER\u00cdA<\/a><\/li><li><a rel=\"noreferrer noopener\" href=\"https:\/\/www.uta.cl\/web\/site\/artic\/20190402\/asocfile\/20190402181145\/05_facsal_2018.pdf\" target=\"_blank\">FACULTAD DE CIENCIAS DE LA SALUD<\/a><\/li><li><a rel=\"noreferrer noopener\" href=\"https:\/\/www.uta.cl\/web\/site\/artic\/20190402\/asocfile\/20190402181145\/06_econom__a.pdf\" target=\"_blank\">FACULTAD DE ADMINISTRACI\u00d3N Y ECONOM\u00cdA<\/a><\/li><li><a rel=\"noreferrer noopener\" href=\"https:\/\/www.uta.cl\/web\/site\/artic\/20190402\/asocfile\/20190402181145\/07_fadecia_2018.pdf\" target=\"_blank\">FACULTAD DE CIENCIAS AGRON\u00d3MICAS<\/a><\/li><li><a rel=\"noreferrer noopener\" href=\"https:\/\/www.uta.cl\/web\/site\/artic\/20190402\/asocfile\/20190402181145\/08__iai_2018.pdf\" target=\"_blank\">INSTITUTO DE ALTA INVESTIGACI\u00d3N<\/a> <\/li><\/ul>\n","protected":false},"excerpt":{"rendered":"<p>En una extensa jornada de trabajo, las unidades docentes expusieron a la comunidad acad\u00e9mica su quehacer en docencia, investigaci\u00f3n y vinculaci\u00f3n con el medio<\/p>\n","protected":false},"author":1,"featured_media":7799,"comment_status":"open","ping_status":"open","sticky":false,"template":"","format":"standard","meta":[],"categories":[],"tags":[],"_links":{"self":[{"href":"https:\/\/www.uta.cl\/index.php\/wp-json\/wp\/v2\/posts\/7798"}],"collection":[{"href":"https:\/\/www.uta.cl\/index.php\/wp-json\/wp\/v2\/posts"}],"about":[{"href":"https:\/\/www.uta.cl\/index.php\/wp-json\/wp\/v2\/types\/post"}],"author":[{"embeddable":true,"href":"https:\/\/www.uta.cl\/index.php\/wp-json\/wp\/v2\/users\/1"}],"replies":[{"embeddable":true,"href":"https:\/\/www.uta.cl\/index.php\/wp-json\/wp\/v2\/comments?post=7798"}],"version-history":[{"count":2,"href":"https:\/\/www.uta.cl\/index.php\/wp-json\/wp\/v2\/posts\/7798\/revisions"}],"predecessor-version":[{"id":7802,"href":"https:\/\/www.uta.cl\/index.php\/wp-json\/wp\/v2\/posts\/7798\/revisions\/7802"}],"wp:featuredmedia":[{"embeddable":true,"href":"https:\/\/www.uta.cl\/index.php\/wp-json\/wp\/v2\/media\/7799"}],"wp:attachment":[{"href":"https:\/\/www.uta.cl\/index.php\/wp-json\/wp\/v2\/media?parent=7798"}],"wp:term":[{"taxonomy":"category","embeddable":true,"href":"https:\/\/www.uta.cl\/index.php\/wp-json\/wp\/v2\/categories?post=7798"},{"taxonomy":"post_tag","embeddable":true,"href":"https:\/\/www.uta.cl\/index.php\/wp-json\/wp\/v2\/tags?post=7798"}],"curies":[{"name":"wp","href":"https:\/\/api.w.org\/{rel}","templated":true}]}}