{"id":7793,"date":"2019-04-01T20:09:13","date_gmt":"2019-04-01T20:09:13","guid":{"rendered":"http:\/\/www.uta.cl\/?p=7793"},"modified":"2019-04-08T20:10:12","modified_gmt":"2019-04-08T20:10:12","slug":"uta-firma-acuerdo-de-cooperacion-para-formar-parte-de-red-de-sustentabilidad-de-ayllu-solar","status":"publish","type":"post","link":"https:\/\/www.uta.cl\/index.php\/2019\/04\/01\/uta-firma-acuerdo-de-cooperacion-para-formar-parte-de-red-de-sustentabilidad-de-ayllu-solar\/","title":{"rendered":"UTA firma acuerdo de cooperaci\u00f3n para formar parte de red de sustentabilidad de Ayllu Solar"},"content":{"rendered":"\n<p>En una ceremonia realizada este mi\u00e9rcoles 27 de marzo en la Sala de Consejo de Rector\u00eda de la Universidad de Tarapac\u00e1, se llev\u00f3 a cabo la firma de un acuerdo de cooperaci\u00f3n entre Ayllu Solar, iniciativa de SERC Chile y la Universidad de Tarapac\u00e1 (UTA), la Direcci\u00f3n Regional de la Corporaci\u00f3n de Fomento Productivo (CORFO), el Liceo Pablo Neruda, la Fundaci\u00f3n Chile (FCh), WAKI Labs y el CFT Tarapac\u00e1, cuyo objetivo es comprometerse a trabajar en conjunto con proyectos que den continuidad al trabajo realizado en el marco del proyecto Ayllu Solar, iniciativa de Serc Chile en la regi\u00f3n.<\/p>\n\n\n\n<p>En esta oportunidad, la Vicerrectora de Desarrollo Estrat\u00e9gico de la Universidad de Tarapac\u00e1, Dra. Jenniffer Peralta Montecinos, expres\u00f3 un gran inter\u00e9s de ser parte de esta red de sustentabilidad que est\u00e1 reci\u00e9n implement\u00e1ndose, pero que sin duda esta Casa de Estudios Superiores ser\u00e1 un actor importante. &#8220;Desde la UTA es muy relevante ser parte de esta red de colaboraci\u00f3n que nos permite proyectar el desarrollo, la formaci\u00f3n y, por cierto, el crecimiento a nivel regional del capital humano que nos permita generar una cultura y aplicaciones concretas en energ\u00eda solar para el desarrollo social, productivo y econ\u00f3mico, para la calidad de vida de los habitantes de Arica y Parinacota&#8221;.<\/p>\n\n\n\n<p>Por su parte, Rodrigo Palma, director de Ayllu Solar y SERC Chile, expres\u00f3 la importancia de la celebraci\u00f3n de este acuerdo, enfatizando que es solo el inicio del proceso de t\u00e9rmino de Ayllu Solar. &#8220;Las entidades que hoy constituimos este acuerdo es solo parte del inicio de la construcci\u00f3n de esta red de sustentabilidad, esperando que se sigan sumando otras entidades y concretar en conjunto el sue\u00f1o de convertir a la regi\u00f3n como un referente solar a nivel mundial&#8221;.<\/p>\n\n\n\n<p>El acuerdo se enmarca en un plan de sostenibilidad del proyecto Ayllu Solar, el que est\u00e1 por cerrar el a\u00f1o cuatro de ejecuci\u00f3n, restando solamente un a\u00f1o para poner punto final al proceso de implementaci\u00f3n de aplicaciones solares en distintos puntos de Arica y Parinacota, incluyendo un importante trabajo de formaci\u00f3n de capital humano.<\/p>\n\n\n\n<p><strong>Sobre Ayllu Solar<\/strong><\/p>\n\n\n\n<p>El proyecto Ayllu Solar es una iniciativa desarrollada por SERC-Chile, con el apoyo de Fundaci\u00f3n BHP y Fundaci\u00f3n Chile como socios estrat\u00e9gicos. Su objetivo es colaborar con la Regi\u00f3n de Arica y Parinacota para que las comunidades urbanas y rurales de la regi\u00f3n alcancen el desarrollo sustentable a trav\u00e9s del uso de la energ\u00eda solar; el proceso se basa en soluciones energ\u00e9ticas, de capital humano y sustentabilidad.<\/p>\n\n\n\n<ul class=\"wp-block-gallery columns-2 is-cropped\"><li class=\"blocks-gallery-item\"><figure><a href=\"http:\/\/www.uta.cl\/wp-content\/uploads\/2019\/04\/aya01.jpg\"><img loading=\"lazy\" width=\"360\" height=\"240\" src=\"http:\/\/www.uta.cl\/wp-content\/uploads\/2019\/04\/aya01.jpg\" alt=\"\" data-id=\"7795\" data-link=\"http:\/\/www.uta.cl\/?attachment_id=7795\" class=\"wp-image-7795\" srcset=\"https:\/\/www.uta.cl\/wp-content\/uploads\/2019\/04\/aya01.jpg 360w, https:\/\/www.uta.cl\/wp-content\/uploads\/2019\/04\/aya01-300x200.jpg 300w\" sizes=\"(max-width: 360px) 100vw, 360px\" \/><\/a><\/figure><\/li><li class=\"blocks-gallery-item\"><figure><a href=\"http:\/\/www.uta.cl\/wp-content\/uploads\/2019\/04\/ay02.jpg\"><img loading=\"lazy\" width=\"360\" height=\"240\" src=\"http:\/\/www.uta.cl\/wp-content\/uploads\/2019\/04\/ay02.jpg\" alt=\"\" data-id=\"7794\" data-link=\"http:\/\/www.uta.cl\/?attachment_id=7794\" class=\"wp-image-7794\" srcset=\"https:\/\/www.uta.cl\/wp-content\/uploads\/2019\/04\/ay02.jpg 360w, https:\/\/www.uta.cl\/wp-content\/uploads\/2019\/04\/ay02-300x200.jpg 300w\" sizes=\"(max-width: 360px) 100vw, 360px\" \/><\/a><\/figure><\/li><\/ul>\n","protected":false},"excerpt":{"rendered":"<p>Instancia contempla adem\u00e1s a entidades como la Direcci\u00f3n regional de la CORFO, el Liceo Pablo Neruda, Fundaci\u00f3n Chile, WAKI Labs y el CFT Tarapac\u00e1 y cuyo acuerdo se enmarca en un plan de sostenibilidad del proyecto Ayllu Solar el que est\u00e1 por finalizar su proceso de implementaci\u00f3n de aplicaciones solares en la regi\u00f3n de Arica y Parinacota.<\/p>\n","protected":false},"author":1,"featured_media":7795,"comment_status":"open","ping_status":"open","sticky":false,"template":"","format":"standard","meta":[],"categories":[],"tags":[],"_links":{"self":[{"href":"https:\/\/www.uta.cl\/index.php\/wp-json\/wp\/v2\/posts\/7793"}],"collection":[{"href":"https:\/\/www.uta.cl\/index.php\/wp-json\/wp\/v2\/posts"}],"about":[{"href":"https:\/\/www.uta.cl\/index.php\/wp-json\/wp\/v2\/types\/post"}],"author":[{"embeddable":true,"href":"https:\/\/www.uta.cl\/index.php\/wp-json\/wp\/v2\/users\/1"}],"replies":[{"embeddable":true,"href":"https:\/\/www.uta.cl\/index.php\/wp-json\/wp\/v2\/comments?post=7793"}],"version-history":[{"count":1,"href":"https:\/\/www.uta.cl\/index.php\/wp-json\/wp\/v2\/posts\/7793\/revisions"}],"predecessor-version":[{"id":7796,"href":"https:\/\/www.uta.cl\/index.php\/wp-json\/wp\/v2\/posts\/7793\/revisions\/7796"}],"wp:featuredmedia":[{"embeddable":true,"href":"https:\/\/www.uta.cl\/index.php\/wp-json\/wp\/v2\/media\/7795"}],"wp:attachment":[{"href":"https:\/\/www.uta.cl\/index.php\/wp-json\/wp\/v2\/media?parent=7793"}],"wp:term":[{"taxonomy":"category","embeddable":true,"href":"https:\/\/www.uta.cl\/index.php\/wp-json\/wp\/v2\/categories?post=7793"},{"taxonomy":"post_tag","embeddable":true,"href":"https:\/\/www.uta.cl\/index.php\/wp-json\/wp\/v2\/tags?post=7793"}],"curies":[{"name":"wp","href":"https:\/\/api.w.org\/{rel}","templated":true}]}}