{"id":7786,"date":"2019-04-01T20:05:24","date_gmt":"2019-04-01T20:05:24","guid":{"rendered":"http:\/\/www.uta.cl\/?p=7786"},"modified":"2019-04-08T20:06:09","modified_gmt":"2019-04-08T20:06:09","slug":"el-ser-humano-se-ha-ido-alejando-del-cielo","status":"publish","type":"post","link":"https:\/\/www.uta.cl\/index.php\/2019\/04\/01\/el-ser-humano-se-ha-ido-alejando-del-cielo\/","title":{"rendered":"El ser humano se ha ido alejando del cielo"},"content":{"rendered":"\n<p>Aunque se declara ne\u00f3fito en la literatura, en su \u00faltimo libro, &#8220;El universo en expansi\u00f3n&#8221;, la lectura fluye desde las historias cotidianas cargadas de sem\u00e1ntica, que nos conducen por sus p\u00e1ginas hasta que vemos el punto final. Es que Mario Hamuy, Premio Nacional de Ciencias Exactas en 2015 y doctor en Astronom\u00eda, ocupa recursos estil\u00edsticos y matices po\u00e9ticos en sus textos, y por qu\u00e9 no decirlo, en sus entrevistas y en sus correos, que responde con generosidad.<\/p>\n\n\n\n<p>Lleg\u00f3 al aeropuerto Chacalluta en Arica un domingo en la noche y desde el primer momento la conversaci\u00f3n sobre ese gigante luminoso que est\u00e1 sobre nuestras cabezas no se detuvo, porque la intenci\u00f3n de este cient\u00edfico es divulgar, dar a conocer lo que ha investigado y lo que ha tenido como privilegio observar desde los grandes ojos telesc\u00f3picos.<\/p>\n\n\n\n<p>Particip\u00f3 en la Semana de la Astronom\u00eda, actividad organizada por la Universidad de Tarapac\u00e1, a trav\u00e9s del PAR Explora Arica y Parinacota, y el American Corner, en reuniones y charlas, donde el p\u00fablico estudiantil pregunt\u00f3 y aclar\u00f3 sus inquietudes.<\/p>\n\n\n\n<p>La primera vez que vino a Arica fue en febrero de 1973, cuando ten\u00eda 12 a\u00f1os, acompa\u00f1ado de su familia. Pas\u00f3 antes por Vicu\u00f1a, donde conoci\u00f3 el Cerro Tololo, que lo inspir\u00f3 para su carrera posterior, y donde volvi\u00f3 convertido en profesional.<\/p>\n\n\n\n<p>En su \u00faltimo viaje a esta ciudad de frontera, adquiri\u00f3 unos lentes de sol, que mantiene hace cinco a\u00f1os y son parte del equipaje. Le gusta el clima tropical y estar cerca del mar, pero mucho m\u00e1s la naturaleza estelar con cielos privilegiados del desierto de Atacama, que augura que Chile se transforme en el polo de la astronom\u00eda mundial.<\/p>\n\n\n\n<p>En su apretada agenda tuvo tiempo para firmar libros, aclarar dudas a estudiantes y p\u00fablico general, posar para las fotos, selfies incluidas, y entregarse al tiempo requerido por los dem\u00e1s, porque la cercan\u00eda es lo suyo.<\/p>\n\n\n\n<p><strong>\u00bfEn qu\u00e9 momento de su vida se encuentra a nivel profesional y personal?<\/strong><\/p>\n\n\n\n<p>-Estuve por dos a\u00f1os y medio trabajando en CONICYT en pol\u00edticas p\u00fablicas, me correspondi\u00f3 liderar el proceso de elaboraci\u00f3n del proyecto de ley que crea el Ministerio de la Ciencia y luego la discusi\u00f3n en el Congreso, que culmin\u00f3 de manera muy satisfactoria en mayo del 2018. Por otro lado ten\u00eda que presidir el Consejo de CONICYT. La suma de las dos cosas fue bastante intensa pero muy interesante y educativa para m\u00ed, por lo que me siento muy agradecido, porque me permiti\u00f3 pensar de manera m\u00e1s amplia desde mi punto de vista acad\u00e9mico y otro con perspectiva pa\u00eds. Me reintegr\u00e9 a la Universidad de Chile, pero no ha sido f\u00e1cil, porque al estar alejado de la academia por dos a\u00f1os y medio mi grupo de investigaci\u00f3n se desarm\u00f3. Mi desaf\u00edo es volver a formarlo y estoy en las primeras conversaciones.<\/p>\n\n\n\n<p>Me siento una persona tremendamente afortunada porque he podido hacer cosas que me gustan, satisfacer mi curiosidad por el universo, utilizar los telescopios m\u00e1s avanzados en el mundo instalados en Chile, una muy buena educaci\u00f3n, ir a perfeccionarme a Estados Unidos y volver a volcar todas esas capacidades para la ciencia. Me siento muy satisfecho porque he ido crecientemente dedic\u00e1ndole m\u00e1s tiempo a la divulgaci\u00f3n cient\u00edfica, publiqu\u00e9 el segundo libro y me motiva lograr traspasar el conocimiento a los ni\u00f1os y ni\u00f1as y, de paso, tambi\u00e9n generar emoci\u00f3n para que vean que a trav\u00e9s de la ciencia pueden ampliar su mirada del mundo.<\/p>\n\n\n\n<p><strong>Respecto a su libro &#8220;El universo en expansi\u00f3n&#8221;, \u00bfesas historias relatadas con atisbos po\u00e9ticos son parte de la estrategia para seducir al lector?<\/strong><\/p>\n\n\n\n<p>-El primer libro que escribimos con Jos\u00e9 Maza se llama &#8220;Supernovas&#8221;. Qued\u00f3 bonito pero un poco t\u00e9cnico. En este nuevo libro mi primera intenci\u00f3n fue traducir los conocimientos a un lenguaje m\u00e1s simple, me puse en los zapatos de un ni\u00f1o de 10 a\u00f1os y pensaba c\u00f3mo recibir\u00eda el mensaje. Cada cap\u00edtulo viene con una historia personal y un texto cient\u00edfico, trat\u00e9 de vincular las dos cosas, fue una propuesta que me surgi\u00f3 naturalmente. Me declaro bastante ne\u00f3fito en lo que es literatura y debo reconocer que he le\u00eddo poco en mi vida y es una deuda que tengo conmigo mismo.<\/p>\n\n\n\n<p>He recibido dos opiniones s\u00faper satisfactorias sobre el libro. Una persona me dijo que est\u00e1 escrito con un lenguaje sencillo pero que no es condescendiente; y otra me dijo que le record\u00f3 El Principito. Me parece que algo de poes\u00eda fluy\u00f3 y fue un agrado escribirlo.<\/p>\n\n\n\n<p><strong>\u00bfA qui\u00e9nes les dedic\u00f3 el libro?<\/strong><\/p>\n\n\n\n<p>Tata, Gonzalo y Muti son personas muy queridas de mi familia. Muti es mi madre. De Benito para adelante son mis mascotas y parte de mi familia.<\/p>\n\n\n\n<p><strong>\u00bfQu\u00e9 lo marc\u00f3 en su primera cita con el cosmos?<\/strong><\/p>\n\n\n\n<p>-La llegada del hombre a la Luna en 1969 y, previo a eso, toda la carrera espacial por conquistar la Luna me motiv\u00f3 a pensar en el espacio y en alien\u00edgenas, so\u00f1aba con darle la mano a un extraterrestre, Pensaba: \u00bftendr\u00e1 l\u00edmites el espacio? En el colegio mis compa\u00f1eros sab\u00edan que yo andaba rayado con el tema. Mi viaje de Santiago a Arica fue el primer contacto visual con un observatorio y me llev\u00f3 a ser parte de aquello.<\/p>\n\n\n\n<p><strong>De lo que ha investigado y observado respecto al cosmos, \u00bfqu\u00e9 es lo que m\u00e1s lo ha impresionado?<\/strong><\/p>\n\n\n\n<p>Muchas cosas. En 1987 pude observar una supernova con mis propios ojos, evento que no hab\u00eda ocurrido en cuatro siglos. En 1998 junto a un equipo de astr\u00f3nomos del Tololo, Universidad de Chile, y de otros pa\u00edses, descubrimos que el universo no se frena, sino que se acelera debido a la energ\u00eda oscura. M\u00e1s recientemente el descubrimiento de exoplanetas y la detecci\u00f3n de ondas gravitacionales que anticip\u00f3 Einstein en 1916, y que por primera vez se confirman en el a\u00f1o 2016, justo un siglo despu\u00e9s de su predicci\u00f3n.<\/p>\n\n\n\n<p><strong>\u00bfC\u00f3mo lleg\u00f3 a descubrir la aceleraci\u00f3n del universo y la energ\u00eda oscura?<\/strong><\/p>\n\n\n\n<p>-En 1989 iniciamos el proyecto Calan-Tololo. Astr\u00f3nomos de la Universidad de Chile y del Cerro Tololo nos dedicamos a patrullar el cielo para descubrir supernovas, que son estrellas que explotan, descubrimos poco m\u00e1s de 30 y las estudiamos con lujo de detalles con los nuevos detectores digitales reci\u00e9n llegados a los observatorios. En solo cuatro a\u00f1os logramos calibrar las luminosidades de estos objetos y utilizarlos como reglas de medir.<\/p>\n\n\n\n<p>Junto con calibrar el m\u00e9todo, medimos el ritmo con que el universo se est\u00e1 expandiendo en la actualidad. Luego en 1994, el astr\u00f3nomo norteamericano-australiano Brian Schmidt organiz\u00f3 el proyecto Calan-Tololo 2.0 mediante el cual descubri\u00f3 supernovas m\u00e1s lejanas, aplicando la t\u00e9cnica nuestra y midi\u00f3 el ritmo de expansi\u00f3n del universo en el pasado. Al comparar ambas mediciones, esper\u00e1bamos deducir cu\u00e1nto se hab\u00eda frenado el universo. La sorpresa fue que en vez de frenarse, las supernovas demostraron que el universo se expande m\u00e1s r\u00e1pido. El mecanismo que genera la expansi\u00f3n se llama energ\u00eda oscura.<\/p>\n\n\n\n<p><strong>La expansi\u00f3n del universo es infinita?<\/strong><\/p>\n\n\n\n<p>T\u00fa y yo podemos creernos la muerte porque estamos aqu\u00ed en la V\u00eda L\u00e1ctea y creemos que todo se aleja de nosotros, que estamos en el centro del universo, pero la verdad es que si te vas a la galaxia Andr\u00f3meda vas a ver que tambi\u00e9n ah\u00ed los andromeditas van a creer que son el centro del universo, porque la expansi\u00f3n es universal. Todo se expande de todo y esto ocurre a una velocidad creciente es lo que se llama la aceleraci\u00f3n de la expansi\u00f3n del universo. Todo indica que la expansi\u00f3n continuar\u00e1 por siempre.<\/p>\n\n\n\n<p><strong>Alguna vez usted se ha sentido el centro del universo?<\/strong><\/p>\n\n\n\n<p>-Ni siquiera en mi casa, no.<\/p>\n\n\n\n<p><strong>\u00bfQu\u00e9 le ocurri\u00f3 cuando le pusieron su nombre a un asteroide?<\/strong><\/p>\n\n\n\n<p>-Cuando publicamos el libro con Jos\u00e9 Maza, lleg\u00f3 a manos de un astr\u00f3nomo espa\u00f1ol, Rafael Ferrando, quien se dedicaba con su propio telescopio y observatorio a buscar asteroides. Descubri\u00f3 cerca de 500, a los que decidi\u00f3 bautizar con nombres de personajes y amigos favoritos. Cuando ley\u00f3 el libro &#8220;Supernovas&#8221; qued\u00f3 encantado y decidi\u00f3 nombrar un asteroide con el apellido de Jos\u00e9 y otro con el m\u00edo.<\/p>\n\n\n\n<p>Es un tremendo honor que un cuerpo celeste lleve tu apellido. El asteroide es bien comportado, se demora tres a\u00f1os en dar una vuelta alrededor del sol, no se va a entrometer en la \u00f3rbita terrestre y, por tanto, no es un peligro para la vida en la tierra. Tiene cerca de tres kil\u00f3metros de di\u00e1metro y algunos amigos me han pedido que se los preste para ir de vacaciones.<\/p>\n\n\n\n<p><strong>\u00bfCu\u00e1nto tiempo de su existencia ha dedicado a la investigaci\u00f3n?<\/strong><\/p>\n\n\n\n<p>-La investigaci\u00f3n parti\u00f3 a mis 23 a\u00f1os cuando era estudiante de mag\u00edster y part\u00ed al Cerro Tololo acompa\u00f1ado del profesor Hugo Moreno, quien me ense\u00f1\u00f3 a observar. Fui por muchos a\u00f1os a tomar datos para mi tesis, despu\u00e9s lo hice como asistente de investigaci\u00f3n de Jos\u00e9 Maza. Tuve la gran fortuna que a mis 26 a\u00f1os me contrataran para trabajar en la planta cient\u00edfica del Tololo y mis sue\u00f1os de los 12 a\u00f1os, cuando por primera vez vi las c\u00fapulas blancas del cerro Tololo desde Vicu\u00f1a se hac\u00eda realidad. De ah\u00ed no he parado de hacer investigaci\u00f3n, excepto cuando ingres\u00e9 a CONICYT el a\u00f1o 2016 y tuve un par\u00e9ntesis de dos a\u00f1os y medio de la investigaci\u00f3n.<\/p>\n\n\n\n<p><strong>\u00bfQu\u00e9 porcentaje de su tiempo est\u00e1 dedicado a la astronom\u00eda, a leer, escribir, cocinar?<\/strong><\/p>\n\n\n\n<p>-Toda mi energ\u00eda durante el d\u00eda la vuelco a la astronom\u00eda, escribiendo libros, leyendo, dando charlas y claro hay momentos en que hay que parar, descansar y hacer vida familiar.<\/p>\n\n\n\n<p>Lo que m\u00e1s hago son huevos revueltos, pero parece que me quedan buenos, no he progresado m\u00e1s all\u00e1. Voy al cine, comparto con la familia, no tengo hijos pero tengo a mi madre, a mi pareja, y quiero much\u00edsimo a mis mascotas que son maravillosos hijos.<\/p>\n\n\n\n<p><strong>\u00bfQu\u00e9 nos falta para que la ciudadan\u00eda se interese en la ciencia?<\/strong><\/p>\n\n\n\n<p>-Falta emocionar a la gente, que se sienta asombrada con los descubrimientos de la ciencia, ya sea la investigaci\u00f3n del universo, del mundo microsc\u00f3pico, del mar, de los volcanes y de nuestra historia. Si la ciencia queda encapsulada en las cuatro paredes de la universidad nunca vas a lograr emocionar y asombrar a la gente y que luego la ciudadan\u00eda demande ciencia.<\/p>\n\n\n\n<p>Ha habido muchos avances en este \u00e1mbito. Las personas necesitan llenar y dar sentido de sentido contenido a sus vidas y por tanto hay una gran oportunidad desde la ciencia para satisfacer para satisfacer aquello, que es para el alma, para sentir cada vez m\u00e1s pertenencia a la naturaleza y al entorno.<\/p>\n\n\n\n<p><strong>\u00bfQu\u00e9 conexi\u00f3n tiene con los eclipses?<\/strong><\/p>\n\n\n\n<p>-Yo nunca he estado en un eclipse total de sol. Ahora va a ser mi oportunidad. Estoy muy emocionado porque he estado leyendo y he aprendido que ha habido 17 eclipses totales desde la Independencia de Chile, de los cuales cuatro han ocurrido en la regi\u00f3n de Arica y Parinacota.<\/p>\n\n\n\n<p>En los pr\u00f3ximos d\u00edas voy a recorrer la Ruta 5 Norte, desde Vallenar hasta La Higuera, que es la zona de totalidad y voy a ir registrando distintos lugares que sean aptos para la observaci\u00f3n. Se requiere que cada lugar re\u00fana ciertas condiciones, por ejemplo, que sean zonas alejadas de la costa para evitar la vaguada costera, estar lo m\u00e1s cerca del eje central del eclipse que dura dos minutos y medio, y tener una vista despejada hacia el norponiente. El eclipse va a ocurrir a las 16:40 horas del dos de julio, el sol estar\u00e1 bajo en el cielo y por lo tanto necesitas asegurarte que no haya un cerro obstaculiz\u00e1ndote la visi\u00f3n del fen\u00f3meno.<\/p>\n\n\n\n<p><strong>Dentro del paradigma en el que usted habita, \u00bfc\u00f3mo percibe al ser humano de hoy?<\/strong><\/p>\n\n\n\n<p>-El ser humano se ha ido alejando del cielo, nuestros antepasados estaban muy conectados porque en el cielo estaba el reloj, el movimiento diurno del sol que nos dec\u00eda la hora del d\u00eda; de ah\u00ed nacen los relojes solares. Estaba el movimiento del sol en las constelaciones durante el a\u00f1o, lo cual nos dice cu\u00e1les son las estaciones y, por lo tanto, cu\u00e1les son las \u00e9pocas apropiadas para la siembra y cosecha. El ser humano observaba la luna y se dio cuenta que sus fases est\u00e1n relacionadas con las mareas, lo cual es importante para la pesca; la navegaci\u00f3n por los mares se guiaba por las estrellas. Ese ser humano muy cercano a sus ra\u00edces c\u00f3smicas se alej\u00f3 del cielo y est\u00e1 mirando cabizbajo el piso, a un aparato electr\u00f3nico y eso nos puede hacer perder nuestro contexto, o sea que somos hijos de las estrellas, hechos de material c\u00f3smico y que sin un entorno, una circunstancia m\u00e1s amplia no existir\u00edamos. Tenemos que cuidar la naturaleza, nuestro h\u00e1bitat, porque sin eso no tenemos posibilidades de sobrevivir. Pensar que vamos a conquistar otros planetas a corto plazo es una utop\u00eda y podr\u00eda ser una trampa mortal si descuidamos nuestro h\u00e1bitat.<\/p>\n\n\n\n<p>Mario Hamuy se despidi\u00f3 de Arica y del numeroso p\u00fablico que lo sigue, para volver a su rutina. Se levanta a las 10 de la ma\u00f1ana, porque disfruta su vida sin tiempos r\u00edgidos, dejando espacio para jugar tenis los fines de semana, conversar con su familia y regalonear con los gatos, los que tienen hasta dedicatoria en el \u00faltimo libro, donde los atisbos po\u00e9ticos del cient\u00edfico son el \u00faltimo hallazgo que \u00e9l mismo declara.<\/p>\n\n\n\n<ul class=\"wp-block-gallery columns-3 is-cropped\"><li class=\"blocks-gallery-item\"><figure><a href=\"http:\/\/www.uta.cl\/wp-content\/uploads\/2019\/04\/astro01.jpg\"><img loading=\"lazy\" width=\"360\" height=\"269\" src=\"http:\/\/www.uta.cl\/wp-content\/uploads\/2019\/04\/astro01.jpg\" alt=\"\" data-id=\"7787\" data-link=\"http:\/\/www.uta.cl\/?attachment_id=7787\" class=\"wp-image-7787\" srcset=\"https:\/\/www.uta.cl\/wp-content\/uploads\/2019\/04\/astro01.jpg 360w, https:\/\/www.uta.cl\/wp-content\/uploads\/2019\/04\/astro01-300x224.jpg 300w\" sizes=\"(max-width: 360px) 100vw, 360px\" \/><\/a><\/figure><\/li><li class=\"blocks-gallery-item\"><figure><a href=\"http:\/\/www.uta.cl\/wp-content\/uploads\/2019\/04\/astro02.jpg\"><img loading=\"lazy\" width=\"360\" height=\"270\" src=\"http:\/\/www.uta.cl\/wp-content\/uploads\/2019\/04\/astro02.jpg\" alt=\"\" data-id=\"7788\" data-link=\"http:\/\/www.uta.cl\/?attachment_id=7788\" class=\"wp-image-7788\" srcset=\"https:\/\/www.uta.cl\/wp-content\/uploads\/2019\/04\/astro02.jpg 360w, https:\/\/www.uta.cl\/wp-content\/uploads\/2019\/04\/astro02-300x225.jpg 300w\" sizes=\"(max-width: 360px) 100vw, 360px\" \/><\/a><\/figure><\/li><li class=\"blocks-gallery-item\"><figure><a href=\"http:\/\/www.uta.cl\/wp-content\/uploads\/2019\/04\/astro03.jpg\"><img loading=\"lazy\" width=\"550\" height=\"528\" src=\"http:\/\/www.uta.cl\/wp-content\/uploads\/2019\/04\/astro03.jpg\" alt=\"\" data-id=\"7789\" data-link=\"http:\/\/www.uta.cl\/?attachment_id=7789\" class=\"wp-image-7789\" srcset=\"https:\/\/www.uta.cl\/wp-content\/uploads\/2019\/04\/astro03.jpg 550w, https:\/\/www.uta.cl\/wp-content\/uploads\/2019\/04\/astro03-300x288.jpg 300w\" sizes=\"(max-width: 550px) 100vw, 550px\" \/><\/a><\/figure><\/li><\/ul>\n","protected":false},"excerpt":{"rendered":"<p>Astr\u00f3nomo Mario Hamuy<\/p>\n","protected":false},"author":1,"featured_media":7787,"comment_status":"open","ping_status":"open","sticky":false,"template":"","format":"standard","meta":[],"categories":[],"tags":[],"_links":{"self":[{"href":"https:\/\/www.uta.cl\/index.php\/wp-json\/wp\/v2\/posts\/7786"}],"collection":[{"href":"https:\/\/www.uta.cl\/index.php\/wp-json\/wp\/v2\/posts"}],"about":[{"href":"https:\/\/www.uta.cl\/index.php\/wp-json\/wp\/v2\/types\/post"}],"author":[{"embeddable":true,"href":"https:\/\/www.uta.cl\/index.php\/wp-json\/wp\/v2\/users\/1"}],"replies":[{"embeddable":true,"href":"https:\/\/www.uta.cl\/index.php\/wp-json\/wp\/v2\/comments?post=7786"}],"version-history":[{"count":2,"href":"https:\/\/www.uta.cl\/index.php\/wp-json\/wp\/v2\/posts\/7786\/revisions"}],"predecessor-version":[{"id":7792,"href":"https:\/\/www.uta.cl\/index.php\/wp-json\/wp\/v2\/posts\/7786\/revisions\/7792"}],"wp:featuredmedia":[{"embeddable":true,"href":"https:\/\/www.uta.cl\/index.php\/wp-json\/wp\/v2\/media\/7787"}],"wp:attachment":[{"href":"https:\/\/www.uta.cl\/index.php\/wp-json\/wp\/v2\/media?parent=7786"}],"wp:term":[{"taxonomy":"category","embeddable":true,"href":"https:\/\/www.uta.cl\/index.php\/wp-json\/wp\/v2\/categories?post=7786"},{"taxonomy":"post_tag","embeddable":true,"href":"https:\/\/www.uta.cl\/index.php\/wp-json\/wp\/v2\/tags?post=7786"}],"curies":[{"name":"wp","href":"https:\/\/api.w.org\/{rel}","templated":true}]}}