{"id":7760,"date":"2019-03-26T14:36:45","date_gmt":"2019-03-26T14:36:45","guid":{"rendered":"http:\/\/www.uta.cl\/?p=7760"},"modified":"2019-04-08T14:37:27","modified_gmt":"2019-04-08T14:37:27","slug":"alumnos-de-agronomia-de-la-uta-realizaron-mechoneo-ecologico-en-la-puntilla-de-playa-chinchorro","status":"publish","type":"post","link":"https:\/\/www.uta.cl\/index.php\/2019\/03\/26\/alumnos-de-agronomia-de-la-uta-realizaron-mechoneo-ecologico-en-la-puntilla-de-playa-chinchorro\/","title":{"rendered":"Alumnos de Agronom\u00eda de la UTA realizaron \u201cMechoneo ecol\u00f3gico\u201d en La Puntilla de playa Chinchorro"},"content":{"rendered":"\n<p>Dar la bienvenida a los j\u00f3venes que ingresan a la universidad haci\u00e9ndolos part\u00edcipes en una actividad de relevancia para la ciudad, fue lo que inspir\u00f3 a los alumnos de segundo a\u00f1o de la carrera de Agronom\u00eda de la Universidad de Tarapac\u00e1. La iniciativa liderada por los alumnos Mat\u00edas Escobar y Fernanda Silva, contaron con el apoyo del jefe de carrera (S), Juan Trevizan Rispoli y la decana de la Facultad de Ciencias Agron\u00f3micas, Dra. Pilar Mazuela \u00c1guila.<\/p>\n\n\n\n<p>El &#8220;mechoneo ecol\u00f3gico&#8221; consisti\u00f3 en limpiar el sector de La Puntilla, en playa Chinchorro, afectada en su borde costero por la bajada del r\u00edo San Jos\u00e9 durante el verano. Se llen\u00f3 una centena de sacos con desechos, muchos derivados de la actividad agr\u00edcola, como envases pl\u00e1sticos, bolsas, aislapol, vidrios y botellas.<\/p>\n\n\n\n<p>En la actividad participaron m\u00e1s de 50 estudiantes junto a los acad\u00e9micos Juan Trevizan y Jorge Abarca. La iniciativa logr\u00f3 que los estudiantes antiguos de Agronom\u00eda cambiaran las tradiciones m\u00e1s violentas y vejatorias del &#8220;mechoneo&#8221;, por una forma \u00fatil y ecol\u00f3gica para recibir a sus nuevos compa\u00f1eros. &#8220;La idea es cambiar el estilo de mechoneo, lo que nosotros queremos de los estudiantes nuevos que se motiven con la carrera y aporten al medio ambiente&#8221;, indic\u00f3 Wren Peric Ibergaray, estudiante de segundo a\u00f1o de Agronom\u00eda.<\/p>\n\n\n\n<p>Asimismo, esta actividad fue apoyada por el Departamento de Medioambiente de la Ilustre Municipalidad de Arica y se coordin\u00f3 con los profesionales D\u00e1nisa Pallero y Silvia Alfaro, actividad que se enmarc\u00f3 dentro de la campa\u00f1a &#8220;No Mostremos la Hilacha&#8221;, que busca el cuidado del medioambiente de nuestra comuna y regi\u00f3n.<\/p>\n\n\n\n<p style=\"text-align:center\"><strong><a href=\"https:\/\/photos.google.com\/share\/AF1QipMsxKt73v_URClgfs_1zgOHv2endwD0-j0BA48jQpWtWvWxsVRCiNLRaWWU3RZxoA?key=OVdLYVFUcEhINGNEUzJtSXNIbk9LMzFWZUowRDZR\">Galer\u00eda de Im\u00e1genes<\/a><\/strong><\/p>\n\n\n\n<p style=\"text-align:center\"><strong><a href=\"https:\/\/www.facebook.com\/IlustreMunicipalidaddeArica\/videos\/310310049681551\/\">Facebook Ilustre Municipalidad de Arica<\/a><\/strong><\/p>\n","protected":false},"excerpt":{"rendered":"<p>La actividad fue aplaudida en redes sociales y \u201ctrending topic\u201d con casi 50 mil reproducci\u00f3nes y m\u00e1s de mil veces compartido<\/p>\n","protected":false},"author":1,"featured_media":7762,"comment_status":"open","ping_status":"open","sticky":false,"template":"","format":"standard","meta":[],"categories":[39],"tags":[],"_links":{"self":[{"href":"https:\/\/www.uta.cl\/index.php\/wp-json\/wp\/v2\/posts\/7760"}],"collection":[{"href":"https:\/\/www.uta.cl\/index.php\/wp-json\/wp\/v2\/posts"}],"about":[{"href":"https:\/\/www.uta.cl\/index.php\/wp-json\/wp\/v2\/types\/post"}],"author":[{"embeddable":true,"href":"https:\/\/www.uta.cl\/index.php\/wp-json\/wp\/v2\/users\/1"}],"replies":[{"embeddable":true,"href":"https:\/\/www.uta.cl\/index.php\/wp-json\/wp\/v2\/comments?post=7760"}],"version-history":[{"count":1,"href":"https:\/\/www.uta.cl\/index.php\/wp-json\/wp\/v2\/posts\/7760\/revisions"}],"predecessor-version":[{"id":7761,"href":"https:\/\/www.uta.cl\/index.php\/wp-json\/wp\/v2\/posts\/7760\/revisions\/7761"}],"wp:featuredmedia":[{"embeddable":true,"href":"https:\/\/www.uta.cl\/index.php\/wp-json\/wp\/v2\/media\/7762"}],"wp:attachment":[{"href":"https:\/\/www.uta.cl\/index.php\/wp-json\/wp\/v2\/media?parent=7760"}],"wp:term":[{"taxonomy":"category","embeddable":true,"href":"https:\/\/www.uta.cl\/index.php\/wp-json\/wp\/v2\/categories?post=7760"},{"taxonomy":"post_tag","embeddable":true,"href":"https:\/\/www.uta.cl\/index.php\/wp-json\/wp\/v2\/tags?post=7760"}],"curies":[{"name":"wp","href":"https:\/\/api.w.org\/{rel}","templated":true}]}}