{"id":7744,"date":"2019-03-26T14:27:58","date_gmt":"2019-03-26T14:27:58","guid":{"rendered":"http:\/\/www.uta.cl\/?p=7744"},"modified":"2019-04-08T14:28:07","modified_gmt":"2019-04-08T14:28:07","slug":"seminario-agua-para-todos-un-espacio-de-discusion-para-crear-mayor-conciencia-en-el-cuidado-y-uso-responsable-del-agua","status":"publish","type":"post","link":"https:\/\/www.uta.cl\/index.php\/2019\/03\/26\/seminario-agua-para-todos-un-espacio-de-discusion-para-crear-mayor-conciencia-en-el-cuidado-y-uso-responsable-del-agua\/","title":{"rendered":"Seminario \u201cAgua para Todos\u201d: Un espacio de discusi\u00f3n para crear mayor conciencia en el cuidado y uso responsable del Agua"},"content":{"rendered":"\n<p>Bajo la consigna &#8220;Agua para Todos&#8221;, acad\u00e9micos, profesionales, servidores p\u00fablicos y estudiantes pusieron la mirada en uno de los recursos m\u00e1s preciados del medioambiente con el fin de generar conciencia en cuanto al desarrollo sostenible que pueda asegurar la calidad de vida en nuestra regi\u00f3n.<\/p>\n\n\n\n<p>En este contexto, los convocados participaron del Seminario &#8220;Agua para Todos&#8221;, organizado conjuntamente por el Departamento de Ingenier\u00eda Mec\u00e1nica de la Facultad de Ingenier\u00eda y la Facultad de Agronom\u00eda de la Universidad de Tarapac\u00e1, en el marco de la conmemoraci\u00f3n del D\u00eda Mundial del Agua, el cual fue adoptado por la ONU en el a\u00f1o 1992, y quedando establecido para el 22 de Marzo de cada a\u00f1o.<\/p>\n\n\n\n<p>El evento, realizado en el Auditorio Jorge Benavides Silva del Campus Saucache de la UTA, contempl\u00f3 exposiciones a cargo del Dr. Edgar Estupi\u00f1\u00e1n, director del Departamento Ingenier\u00eda Mec\u00e1nica, quien expuso sobre el &#8220;D\u00eda mundial del Agua: Agenda 2030&#8221;. En su ponencia explic\u00f3 que la idea propuesta por la ONU este a\u00f1o con el lema &#8220;Que nadie se quede atr\u00e1s&#8221;, es adoptar la promesa central de la Agenda 2030 garantizando para todos la disponibilidad y la gesti\u00f3n sostenible del agua y su saneamiento para el 2030. Todo el mundo debiese beneficiarse del progreso del desarrollo sostenible.<\/p>\n\n\n\n<p>Posteriormente, expuso Juan Pablo Rejas, presidente del Centro de Exalumnos de Ingenier\u00eda Mec\u00e1nica con el tema &#8220;Situaci\u00f3n h\u00eddrica de la Regi\u00f3n de Arica y Parinacota&#8221;, para luego dar paso a la exposici\u00f3n realizada por el acad\u00e9mico de la Facultad de Agronom\u00eda, Juan Treviz\u00e1n, quien se refiri\u00f3 a la tem\u00e1tica &#8220;Agricultura en un contexto de escasez de recursos h\u00eddricos&#8221;; Honorino C\u00f3rdova, director Superintendencia Servicios Sanitarios, present\u00f3 el tema, &#8220;Uso Responsable del Agua: Incentivar o Castigar&#8221;, para proseguir con el ciclo de exposiciones con la presentaci\u00f3n del Consejero Regional, Claudio Huerta, quien se refiri\u00f3 al &#8220;Reciclaje de aguas domiciliarias&#8221; y finalizar el encuentro con el panel de discusi\u00f3n: &#8220;Sostenibilidad del recurso h\u00eddrico en Arica y Parinacota&#8221;.<\/p>\n\n\n\n<p>La actividad contempl\u00f3 adem\u00e1s la posibilidad de conocer el Laboratorio M\u00f3vil de Tratamiento de Aguas, del laboratorio LIMZA de la UTA, en donde los convocados a este encuentro conocieron una muestra de tecnolog\u00edas para tratamiento y uso eficiente del vital elemento. Importa destacar que en dicho encuentro colaboraron: Ferreter\u00eda Iberia con una muestra expositiva y la ONG Folkecenter Chile, que se dedican a la promoci\u00f3n y concientizaci\u00f3n del cuidado del medio ambiente y el uso de energ\u00edas renovables.<\/p>\n\n\n\n<ul class=\"wp-block-gallery columns-3 is-cropped\"><li class=\"blocks-gallery-item\"><figure><a href=\"http:\/\/www.uta.cl\/wp-content\/uploads\/2019\/04\/n10260319.jpg\"><img loading=\"lazy\" width=\"360\" height=\"240\" src=\"http:\/\/www.uta.cl\/wp-content\/uploads\/2019\/04\/n10260319.jpg\" alt=\"\" data-id=\"7745\" data-link=\"http:\/\/www.uta.cl\/?attachment_id=7745\" class=\"wp-image-7745\" srcset=\"https:\/\/www.uta.cl\/wp-content\/uploads\/2019\/04\/n10260319.jpg 360w, https:\/\/www.uta.cl\/wp-content\/uploads\/2019\/04\/n10260319-300x200.jpg 300w\" sizes=\"(max-width: 360px) 100vw, 360px\" \/><\/a><\/figure><\/li><li class=\"blocks-gallery-item\"><figure><a href=\"http:\/\/www.uta.cl\/wp-content\/uploads\/2019\/04\/n11260319.jpg\"><img loading=\"lazy\" width=\"360\" height=\"240\" src=\"http:\/\/www.uta.cl\/wp-content\/uploads\/2019\/04\/n11260319.jpg\" alt=\"\" data-id=\"7746\" data-link=\"http:\/\/www.uta.cl\/?attachment_id=7746\" class=\"wp-image-7746\" srcset=\"https:\/\/www.uta.cl\/wp-content\/uploads\/2019\/04\/n11260319.jpg 360w, https:\/\/www.uta.cl\/wp-content\/uploads\/2019\/04\/n11260319-300x200.jpg 300w\" sizes=\"(max-width: 360px) 100vw, 360px\" \/><\/a><\/figure><\/li><li class=\"blocks-gallery-item\"><figure><a href=\"http:\/\/www.uta.cl\/wp-content\/uploads\/2019\/04\/n12260319.jpg\"><img loading=\"lazy\" width=\"360\" height=\"270\" src=\"http:\/\/www.uta.cl\/wp-content\/uploads\/2019\/04\/n12260319.jpg\" alt=\"\" data-id=\"7747\" data-link=\"http:\/\/www.uta.cl\/?attachment_id=7747\" class=\"wp-image-7747\" srcset=\"https:\/\/www.uta.cl\/wp-content\/uploads\/2019\/04\/n12260319.jpg 360w, https:\/\/www.uta.cl\/wp-content\/uploads\/2019\/04\/n12260319-300x225.jpg 300w\" sizes=\"(max-width: 360px) 100vw, 360px\" \/><\/a><\/figure><\/li><\/ul>\n","protected":false},"excerpt":{"rendered":"<p>Encuentro organizado por el Departamento de Ingenier\u00eda Mec\u00e1nica de la Facultad de Ingenier\u00eda en conjunto con la Facultad de Agronom\u00eda de esta Casa de Estudios Superiores.<\/p>\n","protected":false},"author":1,"featured_media":7746,"comment_status":"open","ping_status":"open","sticky":false,"template":"","format":"standard","meta":[],"categories":[39],"tags":[],"_links":{"self":[{"href":"https:\/\/www.uta.cl\/index.php\/wp-json\/wp\/v2\/posts\/7744"}],"collection":[{"href":"https:\/\/www.uta.cl\/index.php\/wp-json\/wp\/v2\/posts"}],"about":[{"href":"https:\/\/www.uta.cl\/index.php\/wp-json\/wp\/v2\/types\/post"}],"author":[{"embeddable":true,"href":"https:\/\/www.uta.cl\/index.php\/wp-json\/wp\/v2\/users\/1"}],"replies":[{"embeddable":true,"href":"https:\/\/www.uta.cl\/index.php\/wp-json\/wp\/v2\/comments?post=7744"}],"version-history":[{"count":1,"href":"https:\/\/www.uta.cl\/index.php\/wp-json\/wp\/v2\/posts\/7744\/revisions"}],"predecessor-version":[{"id":7748,"href":"https:\/\/www.uta.cl\/index.php\/wp-json\/wp\/v2\/posts\/7744\/revisions\/7748"}],"wp:featuredmedia":[{"embeddable":true,"href":"https:\/\/www.uta.cl\/index.php\/wp-json\/wp\/v2\/media\/7746"}],"wp:attachment":[{"href":"https:\/\/www.uta.cl\/index.php\/wp-json\/wp\/v2\/media?parent=7744"}],"wp:term":[{"taxonomy":"category","embeddable":true,"href":"https:\/\/www.uta.cl\/index.php\/wp-json\/wp\/v2\/categories?post=7744"},{"taxonomy":"post_tag","embeddable":true,"href":"https:\/\/www.uta.cl\/index.php\/wp-json\/wp\/v2\/tags?post=7744"}],"curies":[{"name":"wp","href":"https:\/\/api.w.org\/{rel}","templated":true}]}}