{"id":7630,"date":"2019-01-25T13:42:26","date_gmt":"2019-01-25T13:42:26","guid":{"rendered":"http:\/\/www.uta.cl\/?p=7630"},"modified":"2019-03-13T13:42:54","modified_gmt":"2019-03-13T13:42:54","slug":"delegacion-del-instituto-de-nutricion-y-tecnologias-de-los-alimentos-inta-de-la-universidad-de-chile-visita-la-universidad-de-tarapaca","status":"publish","type":"post","link":"https:\/\/www.uta.cl\/index.php\/2019\/01\/25\/delegacion-del-instituto-de-nutricion-y-tecnologias-de-los-alimentos-inta-de-la-universidad-de-chile-visita-la-universidad-de-tarapaca\/","title":{"rendered":"Delegaci\u00f3n del Instituto de Nutrici\u00f3n y Tecnolog\u00edas de los alimentos (INTA) de la Universidad de Chile visita la Universidad de Tarapac\u00e1"},"content":{"rendered":"\n<p>Los d\u00edas 16, 17 y 18 del presente mes, el director del Instituto de Nutrici\u00f3n y Tecnolog\u00edas de los alimentos (INTA) de la Universidad de Chile, Dr. Francisco P\u00e9rez Bravo junto a los doctores Nelly Bustos Zapata y Omar Porras Espinoza, visitaron la Universidad de Tarapac\u00e1 en el marco de una invitaci\u00f3n realizada por la Facultad de Ciencias de la Salud y coordinada por el equipo acad\u00e9mico de la carrera de Nutrici\u00f3n y Diet\u00e9tica de esta Casa de Estudios Superiores.<\/p>\n\n\n\n<p>Durante la visita, se realizaron talleres y exposiciones por parte de los invitados, donde dieron a conocer cu\u00e1les son las principales actividades que desarrolla el INTA. En este sentido, cabe destacar que este instituto centra sus esfuerzos en desarrollar investigaci\u00f3n b\u00e1sica y aplicada para contribuir, a mejorar la calidad de la alimentaci\u00f3n de la poblaci\u00f3n chilena. Para alcanzar este objetivo, cuenta con un importante conjunto de investigadores, laboratorios y equipamientos de punta, junto con realizar docencia de post grado y educaci\u00f3n continua. Destacan entre otros los programas de doctorado en (1) Nutrici\u00f3n y Alimentos, (2) Acuicultura y (3) Ciencias Silvoagropecuarias y Veterinarias. En cuanto a la cartera de programas de Mag\u00edster ofrecen en (1) Envejecimiento y Calidad de Vida, (2) Nutrici\u00f3n y Alimentos, menci\u00f3n Alimentos Saludables, (3) Nutrici\u00f3n y Alimentos, menci\u00f3n Nutrici\u00f3n Humana, (4) Nutrici\u00f3n y Alimentos, menci\u00f3n Promoci\u00f3n de la Salud, entre otros.<\/p>\n\n\n\n<p>Para el Director del INTA, Dr. Francisco P\u00e9rez Bravo, esta visita representa: &#8220;La posibilidad de establecer en el corto plazo un v\u00ednculo formal de cooperaci\u00f3n a trav\u00e9s de la firma de un convenio marco que involucre investigaci\u00f3n y docencia como objetivos primarios. Para el INTA estas actividades resultan prioritarias y esta visita en particular nos ha generado una grata impresi\u00f3n, dado que los puntos de convergencia tem\u00e1tica son evidentes y resaltan el inter\u00e9s mutuo en realizar actividades conjuntas. Agradecemos las gestiones de Se\u00f1or Decano de la Facultad de Ciencias de la Salud, Dr. Carlos Ubeda de la Cerda y su equipo en todas las actividades realizadas, las cuales fueron muy enriquecedoras y nos plantean interesantes desaf\u00edos conjuntos que materializaremos en el corto plazo&#8221;, indic\u00f3.<\/p>\n\n\n\n<p>Por su parte, el Decano de la Facultad de Ciencias de la Salud de la UTA, Dr. Carlos Ubeda de la Cerda, indico que, &#8220;estamos muy felices y orgullosos como comunidad acad\u00e9mica el haber podido generado en tan solo unos pocos meses, esta visita la cual nos permitir\u00e1 bajo la pertinencia de un convenio de colaboraci\u00f3n INTA-UTA, fortalecer no solo el desarrollo de nuestra carrera de Nutrici\u00f3n y diet\u00e9tica, a trav\u00e9s de l\u00edneas de investigaci\u00f3n y formaci\u00f3n de postgrados para nuestros acad\u00e9micos, sino tambi\u00e9n, haber aportado para que otras unidades acad\u00e9micas como los son las Facultades de Ciencias y Agronom\u00eda puedan iniciar un trabajo colaborativo con este relevante instituto&#8221;.<\/p>\n\n\n\n<p>Finalmente, dentro de los pr\u00f3ximos meses se firmara un convenio de colaboraci\u00f3n y est\u00e1 programado para el mes de marzo una visita de trabajo por parte del Decano de la FACSAL a las instalaciones del INTA en Santiago.<\/p>\n\n\n\n<ul class=\"wp-block-gallery columns-3 is-cropped\"><li class=\"blocks-gallery-item\"><figure><a href=\"http:\/\/www.uta.cl\/wp-content\/uploads\/2019\/03\/salud1.jpg\"><img loading=\"lazy\" width=\"360\" height=\"240\" src=\"http:\/\/www.uta.cl\/wp-content\/uploads\/2019\/03\/salud1.jpg\" alt=\"\" data-id=\"7631\" data-link=\"http:\/\/www.uta.cl\/?attachment_id=7631\" class=\"wp-image-7631\" srcset=\"https:\/\/www.uta.cl\/wp-content\/uploads\/2019\/03\/salud1.jpg 360w, https:\/\/www.uta.cl\/wp-content\/uploads\/2019\/03\/salud1-300x200.jpg 300w\" sizes=\"(max-width: 360px) 100vw, 360px\" \/><\/a><\/figure><\/li><li class=\"blocks-gallery-item\"><figure><a href=\"http:\/\/www.uta.cl\/wp-content\/uploads\/2019\/03\/salud2.jpg\"><img loading=\"lazy\" width=\"360\" height=\"240\" src=\"http:\/\/www.uta.cl\/wp-content\/uploads\/2019\/03\/salud2.jpg\" alt=\"\" data-id=\"7632\" data-link=\"http:\/\/www.uta.cl\/?attachment_id=7632\" class=\"wp-image-7632\" srcset=\"https:\/\/www.uta.cl\/wp-content\/uploads\/2019\/03\/salud2.jpg 360w, https:\/\/www.uta.cl\/wp-content\/uploads\/2019\/03\/salud2-300x200.jpg 300w\" sizes=\"(max-width: 360px) 100vw, 360px\" \/><\/a><\/figure><\/li><li class=\"blocks-gallery-item\"><figure><a href=\"http:\/\/www.uta.cl\/wp-content\/uploads\/2019\/03\/salud3.jpg\"><img loading=\"lazy\" width=\"360\" height=\"240\" src=\"http:\/\/www.uta.cl\/wp-content\/uploads\/2019\/03\/salud3.jpg\" alt=\"\" data-id=\"7633\" data-link=\"http:\/\/www.uta.cl\/?attachment_id=7633\" class=\"wp-image-7633\" srcset=\"https:\/\/www.uta.cl\/wp-content\/uploads\/2019\/03\/salud3.jpg 360w, https:\/\/www.uta.cl\/wp-content\/uploads\/2019\/03\/salud3-300x200.jpg 300w\" sizes=\"(max-width: 360px) 100vw, 360px\" \/><\/a><\/figure><\/li><li class=\"blocks-gallery-item\"><figure><a href=\"http:\/\/www.uta.cl\/wp-content\/uploads\/2019\/03\/salud4.jpg\"><img loading=\"lazy\" width=\"360\" height=\"240\" src=\"http:\/\/www.uta.cl\/wp-content\/uploads\/2019\/03\/salud4.jpg\" alt=\"\" data-id=\"7634\" data-link=\"http:\/\/www.uta.cl\/?attachment_id=7634\" class=\"wp-image-7634\" srcset=\"https:\/\/www.uta.cl\/wp-content\/uploads\/2019\/03\/salud4.jpg 360w, https:\/\/www.uta.cl\/wp-content\/uploads\/2019\/03\/salud4-300x200.jpg 300w\" sizes=\"(max-width: 360px) 100vw, 360px\" \/><\/a><\/figure><\/li><li class=\"blocks-gallery-item\"><figure><a href=\"http:\/\/www.uta.cl\/wp-content\/uploads\/2019\/03\/salud5.jpg\"><img loading=\"lazy\" width=\"360\" height=\"240\" src=\"http:\/\/www.uta.cl\/wp-content\/uploads\/2019\/03\/salud5.jpg\" alt=\"\" data-id=\"7635\" data-link=\"http:\/\/www.uta.cl\/?attachment_id=7635\" class=\"wp-image-7635\" srcset=\"https:\/\/www.uta.cl\/wp-content\/uploads\/2019\/03\/salud5.jpg 360w, https:\/\/www.uta.cl\/wp-content\/uploads\/2019\/03\/salud5-300x200.jpg 300w\" sizes=\"(max-width: 360px) 100vw, 360px\" \/><\/a><\/figure><\/li><\/ul>\n","protected":false},"excerpt":{"rendered":"<p>Los invitados dieron a conocer cu\u00e1les son las principales actividades que desarrolla el INTA<\/p>\n","protected":false},"author":1,"featured_media":7631,"comment_status":"open","ping_status":"open","sticky":false,"template":"","format":"standard","meta":[],"categories":[35],"tags":[],"_links":{"self":[{"href":"https:\/\/www.uta.cl\/index.php\/wp-json\/wp\/v2\/posts\/7630"}],"collection":[{"href":"https:\/\/www.uta.cl\/index.php\/wp-json\/wp\/v2\/posts"}],"about":[{"href":"https:\/\/www.uta.cl\/index.php\/wp-json\/wp\/v2\/types\/post"}],"author":[{"embeddable":true,"href":"https:\/\/www.uta.cl\/index.php\/wp-json\/wp\/v2\/users\/1"}],"replies":[{"embeddable":true,"href":"https:\/\/www.uta.cl\/index.php\/wp-json\/wp\/v2\/comments?post=7630"}],"version-history":[{"count":1,"href":"https:\/\/www.uta.cl\/index.php\/wp-json\/wp\/v2\/posts\/7630\/revisions"}],"predecessor-version":[{"id":7636,"href":"https:\/\/www.uta.cl\/index.php\/wp-json\/wp\/v2\/posts\/7630\/revisions\/7636"}],"wp:featuredmedia":[{"embeddable":true,"href":"https:\/\/www.uta.cl\/index.php\/wp-json\/wp\/v2\/media\/7631"}],"wp:attachment":[{"href":"https:\/\/www.uta.cl\/index.php\/wp-json\/wp\/v2\/media?parent=7630"}],"wp:term":[{"taxonomy":"category","embeddable":true,"href":"https:\/\/www.uta.cl\/index.php\/wp-json\/wp\/v2\/categories?post=7630"},{"taxonomy":"post_tag","embeddable":true,"href":"https:\/\/www.uta.cl\/index.php\/wp-json\/wp\/v2\/tags?post=7630"}],"curies":[{"name":"wp","href":"https:\/\/api.w.org\/{rel}","templated":true}]}}