{"id":7610,"date":"2019-03-13T01:49:37","date_gmt":"2019-03-13T01:49:37","guid":{"rendered":"http:\/\/www.uta.cl\/?p=7610"},"modified":"2019-03-13T01:49:49","modified_gmt":"2019-03-13T01:49:49","slug":"rector-de-la-uta-sostiene-importante-reunion-con-personero-de-la-agcid-y-delegada-de-la-region-valona-en-chile-de-belgica-para-concretar-futuros-acuerdos-de-intercambio-academico","status":"publish","type":"post","link":"https:\/\/www.uta.cl\/index.php\/2019\/03\/13\/rector-de-la-uta-sostiene-importante-reunion-con-personero-de-la-agcid-y-delegada-de-la-region-valona-en-chile-de-belgica-para-concretar-futuros-acuerdos-de-intercambio-academico\/","title":{"rendered":"Rector de la UTA sostiene importante reuni\u00f3n con personero de la AGCID y Delegada de la regi\u00f3n Valona en Chile de B\u00e9lgica para concretar futuros acuerdos de intercambio acad\u00e9mico"},"content":{"rendered":"\n<p>Con la finalidad de visualizar a mediano y corto plazo iniciativas de cooperaci\u00f3n e intercambio acad\u00e9mico desde y hacia B\u00e9lgica, este jueves 7 de marzo, el Rector de la Universidad de Tarapac\u00e1, Dr. Emilio Rodr\u00edguez Ponce junto a autoridades universitarias y del Embajador Delegado de la Canciller\u00eda en Arica y Parinacota, sostuvieron una importante reuni\u00f3n con el Jefe de Departamento de Formaci\u00f3n y Becas de la Agencia, Pablo Garc\u00eda Aguirre y la Delegada de la Regi\u00f3n Valona en Chile de B\u00e9lgica, Emmanuelle Dienga.<\/p>\n\n\n\n<p>Pablo Garc\u00eda Aguirre, Jefe de Departamento de Formaci\u00f3n y Becas de la Agencia destac\u00f3 que, uno de los temas m\u00e1s relevantes que tiene con la Universidad de Tarapac\u00e1 es la Beca de Integraci\u00f3n Transfronteriza (BIT) que parti\u00f3 el a\u00f1o 2011 y que ha sido un proyecto muy exitoso donde se mantiene una cantidad de 50 alumnos anualmente. &#8220;Esto es muy relevante para nosotros pero adem\u00e1s buscamos fortalecer la cooperaci\u00f3n acad\u00e9mica a trav\u00e9s de diferentes mecanismos de cooperaci\u00f3n, comit\u00e9 fronterizos y otras instancias que nos permitan mejorar la calidad de vida de nuestros ciudadanos. En diciembre del 2018 se realiz\u00f3 en B\u00e9lgica la VI Comisi\u00f3n Mixta Permanente, en la que se aprob\u00f3 el programa de cooperaci\u00f3n 2019-2021, que consta de 28 proyectos correspondientes a las \u00e1reas de ciencia y tecnolog\u00eda, educaci\u00f3n y cultura. Es por ello que nos interes\u00f3 venir a Arica, especialmente a la UTA para poder visualizar al mediano y corto plazo, algunas iniciativas que podamos desarrollar en conjunto&#8221;.<\/p>\n\n\n\n<p>Por su parte, Emmanuelle Dienga, Representante de Valonia Bruselas Internacional en Chile, se\u00f1al\u00f3 que el objetivo de su visita a esta Casa de Estudios Superiores, es ver c\u00f3mo se puede potenciar las relaciones internacionales con Chile. &#8220;A trav\u00e9s de la realizaci\u00f3n de la Comisi\u00f3n Mixta en Bruselas, hemos desarrollado lineamientos de intercambio especialmente a nivel acad\u00e9mico. Tenemos el mecanismo de becas de excelencia que significa que permite a investigadores y doctores poder efectuar estad\u00eda en B\u00e9lgica y viceversa, en tem\u00e1ticas muy espec\u00edficas como: investigaci\u00f3n e innovaci\u00f3n en sectores de transporte y log\u00edstica, ciencia m\u00e9dica, biotecnolog\u00eda, tratamiento del c\u00e1ncer, agroindustria, ciencia espacial y tecnolog\u00eda medioambiental, \u00e1reas que podr\u00edamos fortalecer juntos y potenciar una cooperaci\u00f3n entre la AGCID y la UTA&#8221;.<\/p>\n\n\n\n<p>Al respecto, el Rector de la Universidad de Tarapac\u00e1, Dr. Emilio Rodr\u00edguez Ponce, agradeci\u00f3 la vista y manifest\u00f3 su inter\u00e9s por el trabajo en conjunto quien adem\u00e1s entreg\u00f3 indicadores importantes de esta Casa de Estudios Superiores a los invitados. &#8220;En nuestra Universidad, contamos con el 90% del cuerpo acad\u00e9mico con doctorado. En postgrado contamos con una cantidad variable de estudiantes que bordea los 500; generamos 300 art\u00edculos cient\u00edficos en WOS anuales, por lo que nos ha permitido estar en importantes indicadores a nivel mundial y nacional, es as\u00ed que la UTA ha tenido un gran \u00e9xito en la adjudicaci\u00f3n de proyectos FONDECYT en el concurso Regular 2019, al ganar 10 proyectos, posicion\u00e1ndose como la Universidad l\u00edder en el Norte de Chile&#8221;.<\/p>\n\n\n\n<p>Resalt\u00f3 que la Universidad de Tarapac\u00e1, es &#8220;una Instituci\u00f3n que ha ido creciendo. Por ejemplo, en los rankings nacionales como La Tercera que eval\u00faa al cuerpo docente, la UTA se posiciona en el lugar n\u00famero 11 y en el ranking de El Mercurio, que eval\u00faa la calidad de la docencia, nuestra Universidad se posiciona en el lugar 9 de las mejores universidades del pa\u00eds donde adem\u00e1s ha ingresado al ranking mundial de universidades de Times Higher Education. Por lo cual, es una Instituci\u00f3n pujante que en el \u00faltimo tiempo ha crecido sistem\u00e1ticamente&#8221;, se\u00f1al\u00f3 la m\u00e1xima autoridad universitaria.<\/p>\n\n\n\n<p>Finalmente, el Rector Rodr\u00edguez Ponce destac\u00f3 que esta posibilidad de trabajar con B\u00e9lgica es muy interesante. &#8220;Se abren importantes puertas para trabajar en conjunto con la Agencia Chilena de Cooperaci\u00f3n Internacional para el Desarrollo (AGCID) del Ministerio de Relaciones Exteriores y tambi\u00e9n con la Regi\u00f3n Valona como B\u00e9lgica espec\u00edficamente. Nosotros estamos justamente en una fase del desarrollo Universitario que es un desarrollo cualitativo y, en este contexto, la posibilidad de trabajar no solo en la integraci\u00f3n fronteriza mirando al norte en los Estados Unidos, sino adem\u00e1s trabajar en abrir otras alternativas como B\u00e9lgica, son realmente importantes para nosotros. La oportunidad que se nos da es de intercambio acad\u00e9mico, es de fortalecimiento de la investigaci\u00f3n y, principalmente robustecer el trabajo que estamos realizando y dar pasos adelante en t\u00e9rminos cualitativos&#8221;.<\/p>\n\n\n\n<p>Durante la reuni\u00f3n estuvieron presentes el Embajador Delegado de la Canciller\u00eda en Arica y Parinacota, Gabriel Zepeda, el Premio Nacional de Historia 2008, acad\u00e9mico e investigador de la Universidad de Tarapac\u00e1, Eduardo Cavieres Figueroa; la Vicerrectora de Desarrollo Estrat\u00e9gico, Dra. Jenniffer Peralta, la Directora General de Gabinete, Dra. Carmen Araneda, el Vicerrector Acad\u00e9mico (S), Dr. Carlos Leiva, el Vicerrector de Administraci\u00f3n y Finanzas, Mg. \u00c1lvaro Palma y el Director de Relaciones Internacionales (S), Dr. Eugenio Doussoulin.<\/p>\n\n\n\n<p><strong>Chile y la Regi\u00f3n Valonia-Bruselas: programa de cooperaci\u00f3n 2019-2021<\/strong><\/p>\n\n\n\n<p>En el marco del Acuerdo Marco de Cooperaci\u00f3n, firmado en 1997, entre el Gobierno de la Comunidad Francesa, el Gobierno de la Regi\u00f3n Valonia y el Gobierno de la Rep\u00fablica de Chile, se realiz\u00f3 la VI Comisi\u00f3n Mixta Permanente, en la que se aprob\u00f3 el programa de cooperaci\u00f3n 2019-2021, que consta de 28 proyectos correspondientes a las \u00e1reas de ciencia y tecnolog\u00eda, educaci\u00f3n y cultura.<\/p>\n\n\n\n<p>En esta Comisi\u00f3n Mixta Permanente se confirm\u00f3 el acuerdo de continuar con la colaboraci\u00f3n bilateral, a trav\u00e9s de un programa de cooperaci\u00f3n trienal que se realizar\u00e1 desde 2019 a 2021 y se concentrar\u00e1 en las siguientes \u00e1reas: Investigaci\u00f3n Cient\u00edfica e Innovaci\u00f3n Tecnol\u00f3gica, donde se realizar\u00e1 cooperaci\u00f3n con institutos superiores, universidades, centros de investigaci\u00f3n y parques cient\u00edficos; en Educaci\u00f3n se har\u00e1 cooperaci\u00f3n con institutos superiores y universidades, particularmente en los \u00e1mbitos de ense\u00f1anza del franc\u00e9s, lenguas ind\u00edgenas y culturas aut\u00f3ctonas; y en Cultura donde la cooperaci\u00f3n se enfocar\u00e1 en las \u00e1reas audiovisual y cinematogr\u00e1fica.<\/p>\n\n\n\n<p>Algunos de los 28 proyectos que se desarrollar\u00e1n son: &#8220;Estudio de la interacci\u00f3n entre insectos, plagas y cultivos: descifrando mecanismos hacia el desarrollo de estrategias de control&#8221;, &#8220;Iniciativas de colaboraci\u00f3n para promover la innovaci\u00f3n en tema de ciudades inteligentes y sostenibles en Chile y en B\u00e9lgica&#8221;, &#8220;Modelos eficientes de transporte de bienes en un contexto urbano e interurbano&#8221; y &#8220;Oportunidades comerciales entre Chile y Valonia para los productos agroalimenticios en el marco de la modernizaci\u00f3n del acuerdo comercial entre Chile y la Uni\u00f3n Europea&#8221;, entre otros.<\/p>\n\n\n\n<p style=\"text-align:center\"><strong><a href=\"https:\/\/photos.app.goo.gl\/ykDtbEVEUcs1ZykJ6\">Ver Galer\u00eda de Im\u00e1genes<\/a><\/strong><\/p>\n","protected":false},"excerpt":{"rendered":"<p>La m\u00e1xima autoridad universitaria, quien estuvo acompa\u00f1ado del Embajador Delegado de la Canciller\u00eda de Arica y Parinacota, el Premio Nacional de Historia 2008 y autoridades universitarias, destac\u00f3 que la posibilidad de trabajar con B\u00e9lgica es muy atractiva para el desarrollo cualitativo de esta Casa de Estudios Superiores.<\/p>\n","protected":false},"author":1,"featured_media":7611,"comment_status":"open","ping_status":"open","sticky":false,"template":"","format":"standard","meta":[],"categories":[],"tags":[],"_links":{"self":[{"href":"https:\/\/www.uta.cl\/index.php\/wp-json\/wp\/v2\/posts\/7610"}],"collection":[{"href":"https:\/\/www.uta.cl\/index.php\/wp-json\/wp\/v2\/posts"}],"about":[{"href":"https:\/\/www.uta.cl\/index.php\/wp-json\/wp\/v2\/types\/post"}],"author":[{"embeddable":true,"href":"https:\/\/www.uta.cl\/index.php\/wp-json\/wp\/v2\/users\/1"}],"replies":[{"embeddable":true,"href":"https:\/\/www.uta.cl\/index.php\/wp-json\/wp\/v2\/comments?post=7610"}],"version-history":[{"count":1,"href":"https:\/\/www.uta.cl\/index.php\/wp-json\/wp\/v2\/posts\/7610\/revisions"}],"predecessor-version":[{"id":7612,"href":"https:\/\/www.uta.cl\/index.php\/wp-json\/wp\/v2\/posts\/7610\/revisions\/7612"}],"wp:featuredmedia":[{"embeddable":true,"href":"https:\/\/www.uta.cl\/index.php\/wp-json\/wp\/v2\/media\/7611"}],"wp:attachment":[{"href":"https:\/\/www.uta.cl\/index.php\/wp-json\/wp\/v2\/media?parent=7610"}],"wp:term":[{"taxonomy":"category","embeddable":true,"href":"https:\/\/www.uta.cl\/index.php\/wp-json\/wp\/v2\/categories?post=7610"},{"taxonomy":"post_tag","embeddable":true,"href":"https:\/\/www.uta.cl\/index.php\/wp-json\/wp\/v2\/tags?post=7610"}],"curies":[{"name":"wp","href":"https:\/\/api.w.org\/{rel}","templated":true}]}}