{"id":75063,"date":"2026-09-03T21:43:27","date_gmt":"2026-09-03T21:43:27","guid":{"rendered":"https:\/\/www.uta.cl\/?p=75063"},"modified":"2026-09-03T21:53:52","modified_gmt":"2026-09-03T21:53:52","slug":"nucleo-milenio-que-estudia-el-impacto-de-china-en-america-latina-sostuvo-una-jornada-academica-en-la-utarapaca","status":"publish","type":"post","link":"https:\/\/www.uta.cl\/index.php\/2026\/09\/03\/nucleo-milenio-que-estudia-el-impacto-de-china-en-america-latina-sostuvo-una-jornada-academica-en-la-utarapaca\/","title":{"rendered":"N\u00facleo Milenio que estudia el impacto de China en Am\u00e9rica Latina sostuvo una jornada acad\u00e9mica en la UTarapac\u00e1"},"content":{"rendered":"\n<div class=\"wp-block-image\"><figure class=\"aligncenter size-large is-resized\"><img loading=\"lazy\" src=\"https:\/\/www.uta.cl\/wp-content\/uploads\/2026\/09\/Imagen17-1024x768-1.jpg\" alt=\"\" class=\"wp-image-75074\" width=\"580\" height=\"435\"\/><\/figure><\/div>\n\n\n\n<p>El pasado viernes 28 de agosto, el N\u00facleo Milenio Impactos de China en Am\u00e9rica Latina y el Caribe (ICLAC) llev\u00f3 a cabo una extensa jornada acad\u00e9mica en la Facultad de Educaci\u00f3n y Humanidades de la Universidad de Tarapac\u00e1 (UTA), instituci\u00f3n que acogi\u00f3 un encuentro abierto a la comunidad estudiantil para debatir sobre la influencia y los v\u00ednculos con el pa\u00eds asi\u00e1tico en el continente.<\/p>\n\n\n\n<p>De acuerdo a una de las investigadoras principales de ICLAC y acad\u00e9mica del Departamento de Ciencias Hist\u00f3ricas y Geogr\u00e1ficas UTA, Dra. Patricia Palma, la jornada \u201cfue una instancia especialmente valiosa dentro del proyecto, porque permiti\u00f3 proyectar el trabajo del N\u00facleo para los pr\u00f3ximos a\u00f1os, poniendo el foco en el financiamiento y&nbsp; fortalecimiento de los v\u00ednculos con instituciones regionales\u201d.<\/p>\n\n\n\n<p>Asimismo, Palma agreg\u00f3 que \u201cse logr\u00f3 acercar a estudiantes de pre y postgrado de la Facultad de Educaci\u00f3n y Humanidades a especialistas de distintas disciplinas y a las reflexiones sobre China en Am\u00e9rica Latina que se desarrollan en el N\u00facleo\u201d.<\/p>\n\n\n\n<div class=\"wp-block-image\"><figure class=\"aligncenter size-large is-resized\"><img loading=\"lazy\" src=\"https:\/\/www.uta.cl\/wp-content\/uploads\/2026\/09\/ICLAC-1024x576.jpg\" alt=\"\" class=\"wp-image-75075\" width=\"500\" height=\"281\" srcset=\"https:\/\/www.uta.cl\/wp-content\/uploads\/2026\/09\/ICLAC-1024x576.jpg 1024w, https:\/\/www.uta.cl\/wp-content\/uploads\/2026\/09\/ICLAC-300x169.jpg 300w, https:\/\/www.uta.cl\/wp-content\/uploads\/2026\/09\/ICLAC-768x432.jpg 768w, https:\/\/www.uta.cl\/wp-content\/uploads\/2026\/09\/ICLAC-1536x864.jpg 1536w, https:\/\/www.uta.cl\/wp-content\/uploads\/2026\/09\/ICLAC.jpg 1600w\" sizes=\"(max-width: 500px) 100vw, 500px\" \/><\/figure><\/div>\n\n\n\n<p><strong>El futuro de las relaciones entre China y Am\u00e9rica Latina<\/strong><\/p>\n\n\n\n<p>Con el objetivo de compartir las reflexiones del proyecto con los asistentes, se llev\u00f3 a cabo el seminario \u201cChina en Am\u00e9rica Latina\u201d, co-organizado por ICLAC y la UTA. La jornada dio inicio con el discurso del decano (s) de la Facultad de Educaci\u00f3n y Humanidades UTA, Dr. Ra\u00fal Bustos, quien valor\u00f3 el trabajo conjunto entre las universidades y enfatiz\u00f3 la importancia de abordar temas de frontera, como la presencia hist\u00f3rica de China en la regi\u00f3n.<\/p>\n\n\n\n<p>En la actividad se present\u00f3 el libro \u201cEl Latino-Pac\u00edfico: redefiniendo la posici\u00f3n estrat\u00e9gica de Am\u00e9rica Latina en el Pac\u00edfico\u201d del investigador ICLAC y acad\u00e9mico de la Universidad de Chile, Dr. Andr\u00e9s B\u00f3rquez, quien expuso sobre la actual transici\u00f3n del orden internacional y la necesidad de que Am\u00e9rica Latina asuma un rol m\u00e1s activo como plataforma de poder en la cuenca del Pac\u00edfico. La obra fue comentada por los acad\u00e9micos e investigadores del n\u00facleo, Johannes Rehner y Juan Enrique Serrano.<\/p>\n\n\n\n<div class=\"wp-block-image\"><figure class=\"aligncenter size-large is-resized\"><img loading=\"lazy\" src=\"https:\/\/www.uta.cl\/wp-content\/uploads\/2026\/09\/Imagen11-600x450-1.jpg\" alt=\"\" class=\"wp-image-75073\" width=\"469\" height=\"352\" srcset=\"https:\/\/www.uta.cl\/wp-content\/uploads\/2026\/09\/Imagen11-600x450-1.jpg 600w, https:\/\/www.uta.cl\/wp-content\/uploads\/2026\/09\/Imagen11-600x450-1-300x225.jpg 300w\" sizes=\"(max-width: 469px) 100vw, 469px\" \/><\/figure><\/div>\n\n\n\n<p>Durante el segundo bloque del encuentro se present\u00f3 la gu\u00eda pedag\u00f3gica \u201cAkapacha: Impactos de China en Chile y Am\u00e9rica Latina\u201d, liderada por la investigadora Patricia Palma. La acad\u00e9mica explic\u00f3 que el material fue desarrollado de manera colaborativa por estudiantes de pedagog\u00eda en Historia y Geograf\u00eda, y docentes del sistema escolar, con el objetivo de construir un puente entre el conocimiento generado en la academia y las aulas de clases.<\/p>\n\n\n\n<p>\u201cCon ello fortalecemos nuestra labor de vinculaci\u00f3n con el medio, un objetivo que compartimos como N\u00facleo Milenio y que forma parte de la propia misi\u00f3n institucional de la UTA\u201d, destac\u00f3 la Dra. Palma. Este material estar\u00e1 pr\u00f3ximamente disponible en la p\u00e1gina web: <a href=\"http:\/\/iclac.cl\/\">http:\/\/iclac.cl\/<\/a><\/p>\n\n\n\n<div class=\"wp-block-image\"><figure class=\"aligncenter size-large is-resized\"><img loading=\"lazy\" src=\"https:\/\/www.uta.cl\/wp-content\/uploads\/2026\/09\/Imagen14-600x450-1.jpg\" alt=\"\" class=\"wp-image-75076\" width=\"481\" height=\"361\" srcset=\"https:\/\/www.uta.cl\/wp-content\/uploads\/2026\/09\/Imagen14-600x450-1.jpg 600w, https:\/\/www.uta.cl\/wp-content\/uploads\/2026\/09\/Imagen14-600x450-1-300x225.jpg 300w\" sizes=\"(max-width: 481px) 100vw, 481px\" \/><\/figure><\/div>\n\n\n\n<p>La gu\u00eda fue comentada por las acad\u00e9micas Claudia Labarca y Carol Chan, quienes destacaron el valor pedag\u00f3gico y metodol\u00f3gico de la publicaci\u00f3n. Labarca resalt\u00f3 que este documento permite a los estudiantes comprender a China desde sus propios protagonistas, en tanto que Chan subray\u00f3 su aporte para ense\u00f1ar la migraci\u00f3n hist\u00f3rica, un elemento clave para entender la diversidad cultural y la identidad de los territorios en Chile, especialmente en la zona norte.<\/p>\n\n\n\n<p>La visita a la ciudad de Arica incluy\u00f3 tambi\u00e9n una jornada de planificaci\u00f3n estrat\u00e9gica del N\u00facleo, en la cual se evaluaron el desarrollo de las tres l\u00edneas de investigaci\u00f3n durante este a\u00f1o 2026 y se definieron los principales hitos, prioridades y estrategias de colaboraci\u00f3n interdisciplinaria para los pr\u00f3ximos dos a\u00f1os.<\/p>\n\n\n\n<div class=\"wp-block-image\"><figure class=\"aligncenter size-large is-resized\"><img loading=\"lazy\" src=\"https:\/\/www.uta.cl\/wp-content\/uploads\/2026\/09\/Imagen-2-1-600x450-1.jpg\" alt=\"\" class=\"wp-image-75072\" width=\"471\" height=\"353\" srcset=\"https:\/\/www.uta.cl\/wp-content\/uploads\/2026\/09\/Imagen-2-1-600x450-1.jpg 600w, https:\/\/www.uta.cl\/wp-content\/uploads\/2026\/09\/Imagen-2-1-600x450-1-300x225.jpg 300w\" sizes=\"(max-width: 471px) 100vw, 471px\" \/><\/figure><\/div>\n","protected":false},"excerpt":{"rendered":"<p>El proyecto es financiado por la iniciativa Milenio de la Agencia Nacional de Investigaci\u00f3n y Desarrollo (ANID) y se encuentra alojado en la Pontificia Universidad Cat\u00f3lica de Chile, Universidad Diego Portales, Universidad de Chile, Universidad Cat\u00f3lica del Norte y Universidad de Tarapac\u00e1.<\/p>\n","protected":false},"author":13,"featured_media":75074,"comment_status":"open","ping_status":"open","sticky":false,"template":"","format":"standard","meta":[],"categories":[316,51],"tags":[],"_links":{"self":[{"href":"https:\/\/www.uta.cl\/index.php\/wp-json\/wp\/v2\/posts\/75063"}],"collection":[{"href":"https:\/\/www.uta.cl\/index.php\/wp-json\/wp\/v2\/posts"}],"about":[{"href":"https:\/\/www.uta.cl\/index.php\/wp-json\/wp\/v2\/types\/post"}],"author":[{"embeddable":true,"href":"https:\/\/www.uta.cl\/index.php\/wp-json\/wp\/v2\/users\/13"}],"replies":[{"embeddable":true,"href":"https:\/\/www.uta.cl\/index.php\/wp-json\/wp\/v2\/comments?post=75063"}],"version-history":[{"count":1,"href":"https:\/\/www.uta.cl\/index.php\/wp-json\/wp\/v2\/posts\/75063\/revisions"}],"predecessor-version":[{"id":75077,"href":"https:\/\/www.uta.cl\/index.php\/wp-json\/wp\/v2\/posts\/75063\/revisions\/75077"}],"wp:featuredmedia":[{"embeddable":true,"href":"https:\/\/www.uta.cl\/index.php\/wp-json\/wp\/v2\/media\/75074"}],"wp:attachment":[{"href":"https:\/\/www.uta.cl\/index.php\/wp-json\/wp\/v2\/media?parent=75063"}],"wp:term":[{"taxonomy":"category","embeddable":true,"href":"https:\/\/www.uta.cl\/index.php\/wp-json\/wp\/v2\/categories?post=75063"},{"taxonomy":"post_tag","embeddable":true,"href":"https:\/\/www.uta.cl\/index.php\/wp-json\/wp\/v2\/tags?post=75063"}],"curies":[{"name":"wp","href":"https:\/\/api.w.org\/{rel}","templated":true}]}}