{"id":75054,"date":"2026-09-03T15:38:13","date_gmt":"2026-09-03T15:38:13","guid":{"rendered":"https:\/\/www.uta.cl\/?p=75054"},"modified":"2026-09-03T15:38:20","modified_gmt":"2026-09-03T15:38:20","slug":"estudiantes-de-ingenieria-comercial-lideraron-la-quinta-version-del-congreso-2bhuman","status":"publish","type":"post","link":"https:\/\/www.uta.cl\/index.php\/2026\/09\/03\/estudiantes-de-ingenieria-comercial-lideraron-la-quinta-version-del-congreso-2bhuman\/","title":{"rendered":"Estudiantes de Ingenier\u00eda Comercial lideraron la quinta versi\u00f3n del Congreso 2BHUMAN"},"content":{"rendered":"\n<div class=\"wp-block-image\"><figure class=\"aligncenter size-large is-resized\"><img loading=\"lazy\" src=\"https:\/\/www.uta.cl\/wp-content\/uploads\/2026\/09\/1788448948527-1024x768.jpg\" alt=\"\" class=\"wp-image-75055\" width=\"508\" height=\"381\" srcset=\"https:\/\/www.uta.cl\/wp-content\/uploads\/2026\/09\/1788448948527-1024x768.jpg 1024w, https:\/\/www.uta.cl\/wp-content\/uploads\/2026\/09\/1788448948527-300x225.jpg 300w, https:\/\/www.uta.cl\/wp-content\/uploads\/2026\/09\/1788448948527-768x576.jpg 768w, https:\/\/www.uta.cl\/wp-content\/uploads\/2026\/09\/1788448948527-1536x1152.jpg 1536w, https:\/\/www.uta.cl\/wp-content\/uploads\/2026\/09\/1788448948527-2048x1536.jpg 2048w\" sizes=\"(max-width: 508px) 100vw, 508px\" \/><\/figure><\/div>\n\n\n\n<p>Durante tres jornadas, m\u00e1s de 200 personas se reunieron diariamente en el Campus Vel\u00e1squez de la Universidad de Tarapac\u00e1 para participar en la quinta versi\u00f3n del Congreso 2BHUMAN. Realizado entre el 26 y el 28 de agosto y organizado por estudiantes de Ingenier\u00eda Comercial, el encuentro convoc\u00f3 a especialistas de distintas disciplinas con el prop\u00f3sito de situar al ser humano en el centro de las organizaciones, abriendo nuevas perspectivas de desarrollo profesional y personal para los j\u00f3venes de la regi\u00f3n.<\/p>\n\n\n\n<p>Una de las estudiantes encargadas de la coordinaci\u00f3n del evento fue Anyemi Vargas, quien relev\u00f3 que como ingenieros comerciales \u201cnos dedicamos a lo que es organizaci\u00f3n, planificaci\u00f3n y creaci\u00f3n, y en esta instancia, cuando realizamos el congreso cada 2 a\u00f1os, nos damos cuenta de lo importante que es saber organizar, dirigir. Trabajamos bastante nuestras habilidades blandas, ya que todo esto, lo que se ve, lo realizamos nosotros\u201d.<\/p>\n\n\n\n<p>En ese sentido, el decano de la Facultad de Administraci\u00f3n y Econom\u00eda, Luis Mella, coment\u00f3 que \u201cla misi\u00f3n institucional establece que la formaci\u00f3n de profesionales altamente calificados es una prioridad para la universidad en la regi\u00f3n. Y este tipo de actividades contribuye de manera important\u00edsima a formarlos, no solamente con los conocimientos que se entregan en las aulas o las experiencias con los profesores, sino que tambi\u00e9n es traer lo que est\u00e1 sucediendo hoy d\u00eda en las empresas, en las organizaciones o el desarrollo cient\u00edfico y tecnol\u00f3gico aplicado a la gesti\u00f3n de las organizaciones\u201d.<\/p>\n\n\n\n<div class=\"wp-block-image\"><figure class=\"aligncenter size-large is-resized\"><img loading=\"lazy\" src=\"https:\/\/www.uta.cl\/wp-content\/uploads\/2026\/09\/DSC_0473-1024x683.jpg\" alt=\"\" class=\"wp-image-75057\" width=\"505\" height=\"337\" srcset=\"https:\/\/www.uta.cl\/wp-content\/uploads\/2026\/09\/DSC_0473-1024x683.jpg 1024w, https:\/\/www.uta.cl\/wp-content\/uploads\/2026\/09\/DSC_0473-300x200.jpg 300w, https:\/\/www.uta.cl\/wp-content\/uploads\/2026\/09\/DSC_0473-768x512.jpg 768w, https:\/\/www.uta.cl\/wp-content\/uploads\/2026\/09\/DSC_0473-1536x1025.jpg 1536w, https:\/\/www.uta.cl\/wp-content\/uploads\/2026\/09\/DSC_0473-2048x1367.jpg 2048w\" sizes=\"(max-width: 505px) 100vw, 505px\" \/><\/figure><\/div>\n\n\n\n<p>La charla inaugural estuvo a cargo de la Dra. Mar\u00eda Teresa Barbato, especialista en emparejamiento humano y neurobiolog\u00eda del amor, quien expuso sobre \u201cc\u00f3mo elegimos pareja, desde una visi\u00f3n interdisciplinaria, para ver la importancia de la econom\u00eda como estructura en estas grandes preguntas sobre el amor, sobre c\u00f3mo elegimos pareja (&#8230;) y tambi\u00e9n comprender que nuestro cerebro sigue siendo el mismo para muchos procesos y c\u00f3mo las emociones tambi\u00e9n influyen en la toma de decisiones\u201d.<\/p>\n\n\n\n<p>Y es que seg\u00fan indic\u00f3 la jefa de carrera de Ingenier\u00eda Comercial, Mar\u00eda Cristina Alfred, el prop\u00f3sito de 2BHUMAN es justamente poner al centro de las organizaciones al ser humano: \u201ces un congreso que nace desde la inquietud de los estudiantes por mejorar el ecosistema, por abrir las oportunidades en la regi\u00f3n, por tener un espacio donde se puedan nutrir profesional y personalmente\u201d.<\/p>\n\n\n\n<div class=\"wp-block-image\"><figure class=\"aligncenter size-large is-resized\"><img loading=\"lazy\" src=\"https:\/\/www.uta.cl\/wp-content\/uploads\/2026\/09\/DSC_0639-1024x683.jpg\" alt=\"\" class=\"wp-image-75058\" width=\"521\" height=\"347\" srcset=\"https:\/\/www.uta.cl\/wp-content\/uploads\/2026\/09\/DSC_0639-1024x683.jpg 1024w, https:\/\/www.uta.cl\/wp-content\/uploads\/2026\/09\/DSC_0639-300x200.jpg 300w, https:\/\/www.uta.cl\/wp-content\/uploads\/2026\/09\/DSC_0639-768x512.jpg 768w, https:\/\/www.uta.cl\/wp-content\/uploads\/2026\/09\/DSC_0639-1536x1025.jpg 1536w, https:\/\/www.uta.cl\/wp-content\/uploads\/2026\/09\/DSC_0639-2048x1367.jpg 2048w\" sizes=\"(max-width: 521px) 100vw, 521px\" \/><\/figure><\/div>\n","protected":false},"excerpt":{"rendered":"<p>Los y las estudiantes fueron los protagonistas en la organizaci\u00f3n y gesti\u00f3n del evento que convoc\u00f3 a un p\u00fablico de m\u00e1s de 200 personas en cada una de sus tres jornadas, junto a especialistas de distintas disciplinas con el prop\u00f3sito de situar al ser humano en el centro de las organizaciones.<\/p>\n","protected":false},"author":13,"featured_media":75055,"comment_status":"open","ping_status":"open","sticky":false,"template":"","format":"standard","meta":[],"categories":[316,51],"tags":[],"_links":{"self":[{"href":"https:\/\/www.uta.cl\/index.php\/wp-json\/wp\/v2\/posts\/75054"}],"collection":[{"href":"https:\/\/www.uta.cl\/index.php\/wp-json\/wp\/v2\/posts"}],"about":[{"href":"https:\/\/www.uta.cl\/index.php\/wp-json\/wp\/v2\/types\/post"}],"author":[{"embeddable":true,"href":"https:\/\/www.uta.cl\/index.php\/wp-json\/wp\/v2\/users\/13"}],"replies":[{"embeddable":true,"href":"https:\/\/www.uta.cl\/index.php\/wp-json\/wp\/v2\/comments?post=75054"}],"version-history":[{"count":1,"href":"https:\/\/www.uta.cl\/index.php\/wp-json\/wp\/v2\/posts\/75054\/revisions"}],"predecessor-version":[{"id":75059,"href":"https:\/\/www.uta.cl\/index.php\/wp-json\/wp\/v2\/posts\/75054\/revisions\/75059"}],"wp:featuredmedia":[{"embeddable":true,"href":"https:\/\/www.uta.cl\/index.php\/wp-json\/wp\/v2\/media\/75055"}],"wp:attachment":[{"href":"https:\/\/www.uta.cl\/index.php\/wp-json\/wp\/v2\/media?parent=75054"}],"wp:term":[{"taxonomy":"category","embeddable":true,"href":"https:\/\/www.uta.cl\/index.php\/wp-json\/wp\/v2\/categories?post=75054"},{"taxonomy":"post_tag","embeddable":true,"href":"https:\/\/www.uta.cl\/index.php\/wp-json\/wp\/v2\/tags?post=75054"}],"curies":[{"name":"wp","href":"https:\/\/api.w.org\/{rel}","templated":true}]}}