{"id":75029,"date":"2026-09-02T17:14:38","date_gmt":"2026-09-02T17:14:38","guid":{"rendered":"https:\/\/www.uta.cl\/?p=75029"},"modified":"2026-09-02T17:14:44","modified_gmt":"2026-09-02T17:14:44","slug":"iii-encuentro-conecta-ingenieria-proyecta-una-nueva-etapa-de-colaboracion-con-la-industria","status":"publish","type":"post","link":"https:\/\/www.uta.cl\/index.php\/2026\/09\/02\/iii-encuentro-conecta-ingenieria-proyecta-una-nueva-etapa-de-colaboracion-con-la-industria\/","title":{"rendered":"III Encuentro Conecta: Ingenier\u00eda proyecta una nueva etapa de colaboraci\u00f3n con la industria"},"content":{"rendered":"\n<div class=\"wp-block-image\"><figure class=\"aligncenter size-large is-resized\"><img loading=\"lazy\" src=\"https:\/\/www.uta.cl\/wp-content\/uploads\/2026\/09\/IMG_2485-1-1024x768.jpg\" alt=\"\" class=\"wp-image-75037\" width=\"588\" height=\"441\" srcset=\"https:\/\/www.uta.cl\/wp-content\/uploads\/2026\/09\/IMG_2485-1-1024x768.jpg 1024w, https:\/\/www.uta.cl\/wp-content\/uploads\/2026\/09\/IMG_2485-1-300x225.jpg 300w, https:\/\/www.uta.cl\/wp-content\/uploads\/2026\/09\/IMG_2485-1-768x576.jpg 768w, https:\/\/www.uta.cl\/wp-content\/uploads\/2026\/09\/IMG_2485-1-1536x1152.jpg 1536w, https:\/\/www.uta.cl\/wp-content\/uploads\/2026\/09\/IMG_2485-1-2048x1536.jpg 2048w\" sizes=\"(max-width: 588px) 100vw, 588px\" \/><\/figure><\/div>\n\n\n\n<p>La vinculaci\u00f3n entre la academia, la industria y el sector p\u00fablico fue el eje del \u201cIII Encuentro Conecta: Ingenier\u00eda, Empresa e Impacto\u201d, organizado por la Facultad de Ingenier\u00eda de la Universidad de Tarapac\u00e1 (UTA) en el marco del Proyecto Ingenier\u00eda 2030 UTA-UV. La actividad reuni\u00f3 a representantes del ecosistema regional para compartir casos de \u00e9xito, capacidades de investigaci\u00f3n aplicada y nuevas oportunidades de colaboraci\u00f3n.<\/p>\n\n\n\n<p>El decano de la Facultad de Ingenier\u00eda y director general UTA del Proyecto Ingenier\u00eda 2030, Alejandro Rodr\u00edguez Estay, destac\u00f3 que el principal desaf\u00edo ha sido construir una cultura de colaboraci\u00f3n dentro y fuera de la Universidad. \u201cHoy vemos casos de \u00e9xito y c\u00f3mo la industria se ha ido acercando y vinculando con nuestros acad\u00e9micos e investigadores. Lo que queremos es impactar en la regi\u00f3n\u201d, afirm\u00f3, resaltando adem\u00e1s el trabajo conjunto con la Universidad de Valpara\u00edso (UV).<\/p>\n\n\n\n<div class=\"wp-block-image\"><figure class=\"aligncenter size-large is-resized\"><img loading=\"lazy\" src=\"https:\/\/www.uta.cl\/wp-content\/uploads\/2026\/09\/IMG_2442-1-1024x768.jpg\" alt=\"\" class=\"wp-image-75034\" width=\"509\" height=\"382\" srcset=\"https:\/\/www.uta.cl\/wp-content\/uploads\/2026\/09\/IMG_2442-1-1024x768.jpg 1024w, https:\/\/www.uta.cl\/wp-content\/uploads\/2026\/09\/IMG_2442-1-300x225.jpg 300w, https:\/\/www.uta.cl\/wp-content\/uploads\/2026\/09\/IMG_2442-1-768x576.jpg 768w, https:\/\/www.uta.cl\/wp-content\/uploads\/2026\/09\/IMG_2442-1-1536x1152.jpg 1536w, https:\/\/www.uta.cl\/wp-content\/uploads\/2026\/09\/IMG_2442-1-2048x1536.jpg 2048w\" sizes=\"(max-width: 509px) 100vw, 509px\" \/><\/figure><\/div>\n\n\n\n<p>En la misma l\u00ednea, el coordinador general de Ingenier\u00eda 2030 de la UV, \u00cdtalo Martori Neira, se\u00f1al\u00f3 que Conecta busca transformar las capacidades universitarias en soluciones para los desaf\u00edos del territorio: \u201cQueremos articular a acad\u00e9micos y estudiantes con la industria y el sector p\u00fablico, mostrando nuestras capacidades y llevando nuestras tecnolog\u00edas al mercado a trav\u00e9s de innovaci\u00f3n, transferencia y propiedad intelectual\u201d.<\/p>\n\n\n\n<p>En tanto, la directora general de Vinculaci\u00f3n con el Medio, Daniela Gonz\u00e1lez Erber, destac\u00f3 que Ingenier\u00eda 2030 integra funciones estrat\u00e9gicas de la Universidad al fortalecer la formaci\u00f3n, actualizar las mallas curriculares y generar soluciones para el territorio: \u201cEs un proyecto que unifica muchas de las funciones que debe cumplir la Universidad y permite responder a los desaf\u00edos de dos territorios gracias al trabajo conjunto entre la Universidad de Tarapac\u00e1 y la Universidad de Valpara\u00edso\u201d.<\/p>\n\n\n\n<div class=\"wp-block-image\"><figure class=\"aligncenter size-large is-resized\"><img loading=\"lazy\" src=\"https:\/\/www.uta.cl\/wp-content\/uploads\/2026\/09\/IMG_2441-1-1024x768.jpg\" alt=\"\" class=\"wp-image-75033\" width=\"517\" height=\"388\" srcset=\"https:\/\/www.uta.cl\/wp-content\/uploads\/2026\/09\/IMG_2441-1-1024x768.jpg 1024w, https:\/\/www.uta.cl\/wp-content\/uploads\/2026\/09\/IMG_2441-1-300x225.jpg 300w, https:\/\/www.uta.cl\/wp-content\/uploads\/2026\/09\/IMG_2441-1-768x576.jpg 768w, https:\/\/www.uta.cl\/wp-content\/uploads\/2026\/09\/IMG_2441-1-1536x1152.jpg 1536w, https:\/\/www.uta.cl\/wp-content\/uploads\/2026\/09\/IMG_2441-1-2048x1536.jpg 2048w\" sizes=\"(max-width: 517px) 100vw, 517px\" \/><\/figure><\/div>\n\n\n\n<h5><strong>Trabajo colaborativo con proyecci\u00f3n<\/strong><\/h5>\n\n\n\n<p>Uno de los hitos de la jornada fue la presentaci\u00f3n del caso de \u00e9xito entre CIDITER y Maderas Borquez, experiencia que permiti\u00f3 mostrar resultados concretos de Investigaci\u00f3n y Desarrollo impulsados desde la Facultad de Ingenier\u00eda en colaboraci\u00f3n con el sector productivo.<\/p>\n\n\n\n<p>Desde la industria, el jefe del Departamento de Producci\u00f3n de Aguas del Altiplano, Orlando Vargas Garrido, destac\u00f3 el valor de generar v\u00ednculos permanentes entre ambos sectores: \u201cEs una excelente iniciativa que ha llevado la Universidad adelante y que ha fortalecido el crecimiento a nivel regional\u201d. A su juicio, estos espacios permiten generar una comunidad donde empresa y academia pueden aportar conjuntamente al desarrollo de Arica y Parinacota.<\/p>\n\n\n\n<div class=\"wp-block-image\"><figure class=\"aligncenter size-large is-resized\"><img loading=\"lazy\" src=\"https:\/\/www.uta.cl\/wp-content\/uploads\/2026\/09\/IMG_2437-1-1024x768.jpg\" alt=\"\" class=\"wp-image-75032\" width=\"500\" height=\"375\" srcset=\"https:\/\/www.uta.cl\/wp-content\/uploads\/2026\/09\/IMG_2437-1-1024x768.jpg 1024w, https:\/\/www.uta.cl\/wp-content\/uploads\/2026\/09\/IMG_2437-1-300x225.jpg 300w, https:\/\/www.uta.cl\/wp-content\/uploads\/2026\/09\/IMG_2437-1-768x576.jpg 768w, https:\/\/www.uta.cl\/wp-content\/uploads\/2026\/09\/IMG_2437-1-1536x1152.jpg 1536w, https:\/\/www.uta.cl\/wp-content\/uploads\/2026\/09\/IMG_2437-1-2048x1536.jpg 2048w\" sizes=\"(max-width: 500px) 100vw, 500px\" \/><\/figure><\/div>\n\n\n\n<p>Por su parte, el gerente de la Estaci\u00f3n de Investigaci\u00f3n de Corteva en Arica, Mat\u00edas Mi\u00f1o, valor\u00f3 la posibilidad de compartir experiencias entre acad\u00e9micos y empresas para fortalecer el ecosistema regional de innovaci\u00f3n: \u201cLas expectativas son muchas, ahora tenemos que trabajar para poder hacerlas realidad\u201d. Asimismo, destac\u00f3 su experiencia en iniciativas anteriores, se\u00f1alando que los proyectos desarrollados han sido \u201csatisfactorios para la empresa\u201d y han contribuido a fortalecer la relaci\u00f3n entre academia, innovaci\u00f3n y sector productivo.<\/p>\n","protected":false},"excerpt":{"rendered":"<p>La Facultad de Ingenier\u00eda de la Universidad de Tarapac\u00e1 reuni\u00f3 a autoridades, empresas e instituciones p\u00fablicas en una jornada que consolid\u00f3 los avances del Proyecto Ingenier\u00eda 2030 UTA-UV y abri\u00f3 nuevas oportunidades de innovaci\u00f3n para Arica y Parinacota.<\/p>\n","protected":false},"author":13,"featured_media":75037,"comment_status":"open","ping_status":"open","sticky":false,"template":"","format":"standard","meta":[],"categories":[316,51],"tags":[],"_links":{"self":[{"href":"https:\/\/www.uta.cl\/index.php\/wp-json\/wp\/v2\/posts\/75029"}],"collection":[{"href":"https:\/\/www.uta.cl\/index.php\/wp-json\/wp\/v2\/posts"}],"about":[{"href":"https:\/\/www.uta.cl\/index.php\/wp-json\/wp\/v2\/types\/post"}],"author":[{"embeddable":true,"href":"https:\/\/www.uta.cl\/index.php\/wp-json\/wp\/v2\/users\/13"}],"replies":[{"embeddable":true,"href":"https:\/\/www.uta.cl\/index.php\/wp-json\/wp\/v2\/comments?post=75029"}],"version-history":[{"count":2,"href":"https:\/\/www.uta.cl\/index.php\/wp-json\/wp\/v2\/posts\/75029\/revisions"}],"predecessor-version":[{"id":75040,"href":"https:\/\/www.uta.cl\/index.php\/wp-json\/wp\/v2\/posts\/75029\/revisions\/75040"}],"wp:featuredmedia":[{"embeddable":true,"href":"https:\/\/www.uta.cl\/index.php\/wp-json\/wp\/v2\/media\/75037"}],"wp:attachment":[{"href":"https:\/\/www.uta.cl\/index.php\/wp-json\/wp\/v2\/media?parent=75029"}],"wp:term":[{"taxonomy":"category","embeddable":true,"href":"https:\/\/www.uta.cl\/index.php\/wp-json\/wp\/v2\/categories?post=75029"},{"taxonomy":"post_tag","embeddable":true,"href":"https:\/\/www.uta.cl\/index.php\/wp-json\/wp\/v2\/tags?post=75029"}],"curies":[{"name":"wp","href":"https:\/\/api.w.org\/{rel}","templated":true}]}}