{"id":75015,"date":"2026-09-02T15:08:23","date_gmt":"2026-09-02T15:08:23","guid":{"rendered":"https:\/\/www.uta.cl\/?p=75015"},"modified":"2026-09-02T15:08:38","modified_gmt":"2026-09-02T15:08:38","slug":"universidad-de-tarapaca-y-gobierno-regional-fortalecen-trabajo-conjunto-para-impulsar-proyectos-estrategicos-para-arica-y-parinacota","status":"publish","type":"post","link":"https:\/\/www.uta.cl\/index.php\/2026\/09\/02\/universidad-de-tarapaca-y-gobierno-regional-fortalecen-trabajo-conjunto-para-impulsar-proyectos-estrategicos-para-arica-y-parinacota\/","title":{"rendered":"Universidad de Tarapac\u00e1 y Gobierno Regional fortalecen trabajo conjunto para impulsar proyectos estrat\u00e9gicos para Arica y Parinacota"},"content":{"rendered":"\n<p>Con el prop\u00f3sito de fortalecer la colaboraci\u00f3n entre la Universidad de Tarapac\u00e1 y el Gobierno Regional de Arica y Parinacota, la rectora de la casa de estudios, Dra. Jenniffer Peralta Montecinos, junto al vicerrector de Administraci\u00f3n y Finanzas, Dr. Jorge Bernal Peralta, sostuvieron una reuni\u00f3n de trabajo con el gobernador regional Diego Paco Mamani, instancia en la que se analizaron diversos proyectos estrat\u00e9gicos para el desarrollo de la regi\u00f3n.<\/p>\n\n\n\n<p>Durante el encuentro, ambas autoridades destacaron la importancia de aunar esfuerzos para avanzar en iniciativas que contribuyan al desarrollo regional y generen un impacto positivo en la calidad de vida de sus habitantes.<\/p>\n\n\n\n<p>Uno de los principales proyectos abordados fue el Museo Arqueol\u00f3gico y Antropol\u00f3gico de San Miguel de Azapa, iniciativa financiada por el Gobierno Regional y cuya ejecuci\u00f3n est\u00e1 a cargo del Ministerio de Obras P\u00fablicas. En este contexto, se proyecta que la Universidad de Tarapac\u00e1 pueda asumir su administraci\u00f3n, con el objetivo de contribuir a la conservaci\u00f3n, puesta en valor y difusi\u00f3n del legado de la cultura Chinchorro, reconocida por la UNESCO como Patrimonio de la Humanidad.<\/p>\n\n\n\n<p>Al respecto, el gobernador regional Diego Paco Mamani, destac\u00f3 que esta iniciativa permitir\u00e1 fortalecer la identidad regional y, al mismo tiempo, potenciar el atractivo tur\u00edstico de la zona: \u201cEsperamos que la universidad lo administre para poder resaltar lo que es la cultura Chinchorro, uno de nuestros patrimonios nacionales, reconocido por la UNESCO. Esto no solamente fortalece nuestra identidad como regi\u00f3n, sino que tambi\u00e9n puede atraer turistas y visitantes para mostrarles la cultura que se vivi\u00f3 hace miles de a\u00f1os\u201d.<\/p>\n\n\n\n<p>Otro de los temas analizados fue el proyecto de edificio de servicios estudiantiles, financiado por el Gobierno Regional, que busca mejorar las condiciones y los espacios destinados a los estudiantes de la Universidad de Tarapac\u00e1.<\/p>\n\n\n\n<p>La iniciativa contempla generar un entorno moderno, c\u00f3modo y equipado con tecnolog\u00eda, que permita a los estudiantes desarrollar sus actividades acad\u00e9micas y permanecer durante toda la jornada en dependencias universitarias, con salas de estudio y espacios adecuados para la vida universitaria.<\/p>\n\n\n\n<p>En este marco, el gobernador Diego Paco destac\u00f3 el impacto que tendr\u00e1 esta infraestructura en la comunidad estudiantil: \u201cQueremos generar un incentivo y mejorar la infraestructura, pero sobre todo que nuestros estudiantes tengan un lugar innovador, c\u00f3modo y con tecnolog\u00eda de punta para poder seguir desarroll\u00e1ndose profesionalmente\u201d.<\/p>\n\n\n\n<p>Por su parte, la rectora de la Universidad de Tarapac\u00e1, Dra. Jenniffer Peralta, valor\u00f3 positivamente la reuni\u00f3n y destac\u00f3 la disposici\u00f3n de ambas instituciones para continuar generando estrategias de colaboraci\u00f3n: \u201cHemos tenido una grata reuni\u00f3n con el gobernador Diego Paco, proyectando justamente las colaboraciones que podemos desarrollar en favor del progreso y desarrollo de nuestra regi\u00f3n. Hablamos de Arica, hablamos de Parinacota y de la necesidad de mancomunar esfuerzos para impulsar proyectos que ya est\u00e1n en marcha\u201d.<\/p>\n\n\n\n<p>La m\u00e1xima autoridad universitaria agreg\u00f3 que, junto con las iniciativas relacionadas con el patrimonio y los servicios estudiantiles, se proyectan nuevas estrategias y propuestas que permitan profundizar el trabajo conjunto entre ambas instituciones: \u201cAl mismo tiempo, hemos proyectado nuevas estrategias e ideas que nos permitan seguir fortaleciendo esta colaboraci\u00f3n y cumpliendo nuestra misi\u00f3n institucional, con iniciativas que impacten positivamente en la calidad de vida de los habitantes de Arica y Parinacota\u201d, concluy\u00f3 la rectora.<\/p>\n\n\n\n<figure class=\"wp-block-gallery columns-3 is-cropped\"><ul class=\"blocks-gallery-grid\"><li class=\"blocks-gallery-item\"><figure><a href=\"https:\/\/www.uta.cl\/wp-content\/uploads\/2026\/09\/1-9.jpeg\"><img loading=\"lazy\" width=\"1024\" height=\"576\" src=\"https:\/\/www.uta.cl\/wp-content\/uploads\/2026\/09\/1-9-1024x576.jpeg\" alt=\"\" data-id=\"75016\" data-full-url=\"https:\/\/www.uta.cl\/wp-content\/uploads\/2026\/09\/1-9.jpeg\" data-link=\"https:\/\/www.uta.cl\/?attachment_id=75016\" class=\"wp-image-75016\" srcset=\"https:\/\/www.uta.cl\/wp-content\/uploads\/2026\/09\/1-9-1024x576.jpeg 1024w, https:\/\/www.uta.cl\/wp-content\/uploads\/2026\/09\/1-9-300x169.jpeg 300w, https:\/\/www.uta.cl\/wp-content\/uploads\/2026\/09\/1-9-768x432.jpeg 768w, https:\/\/www.uta.cl\/wp-content\/uploads\/2026\/09\/1-9.jpeg 1280w\" sizes=\"(max-width: 1024px) 100vw, 1024px\" \/><\/a><\/figure><\/li><li class=\"blocks-gallery-item\"><figure><a href=\"https:\/\/www.uta.cl\/wp-content\/uploads\/2026\/09\/1-16.jpeg\"><img loading=\"lazy\" width=\"1024\" height=\"576\" src=\"https:\/\/www.uta.cl\/wp-content\/uploads\/2026\/09\/1-16-1024x576.jpeg\" alt=\"\" data-id=\"75017\" data-full-url=\"https:\/\/www.uta.cl\/wp-content\/uploads\/2026\/09\/1-16.jpeg\" data-link=\"https:\/\/www.uta.cl\/?attachment_id=75017\" class=\"wp-image-75017\" srcset=\"https:\/\/www.uta.cl\/wp-content\/uploads\/2026\/09\/1-16-1024x576.jpeg 1024w, https:\/\/www.uta.cl\/wp-content\/uploads\/2026\/09\/1-16-300x169.jpeg 300w, https:\/\/www.uta.cl\/wp-content\/uploads\/2026\/09\/1-16-768x432.jpeg 768w, https:\/\/www.uta.cl\/wp-content\/uploads\/2026\/09\/1-16.jpeg 1280w\" sizes=\"(max-width: 1024px) 100vw, 1024px\" \/><\/a><\/figure><\/li><li class=\"blocks-gallery-item\"><figure><a href=\"https:\/\/www.uta.cl\/wp-content\/uploads\/2026\/09\/1-26.jpeg\"><img loading=\"lazy\" width=\"1024\" height=\"576\" src=\"https:\/\/www.uta.cl\/wp-content\/uploads\/2026\/09\/1-26-1024x576.jpeg\" alt=\"\" data-id=\"75018\" data-full-url=\"https:\/\/www.uta.cl\/wp-content\/uploads\/2026\/09\/1-26.jpeg\" data-link=\"https:\/\/www.uta.cl\/?attachment_id=75018\" class=\"wp-image-75018\" srcset=\"https:\/\/www.uta.cl\/wp-content\/uploads\/2026\/09\/1-26-1024x576.jpeg 1024w, https:\/\/www.uta.cl\/wp-content\/uploads\/2026\/09\/1-26-300x169.jpeg 300w, https:\/\/www.uta.cl\/wp-content\/uploads\/2026\/09\/1-26-768x432.jpeg 768w, https:\/\/www.uta.cl\/wp-content\/uploads\/2026\/09\/1-26.jpeg 1280w\" sizes=\"(max-width: 1024px) 100vw, 1024px\" \/><\/a><\/figure><\/li><li class=\"blocks-gallery-item\"><figure><a href=\"https:\/\/www.uta.cl\/wp-content\/uploads\/2026\/09\/1.jpeg\"><img loading=\"lazy\" width=\"1024\" height=\"576\" src=\"https:\/\/www.uta.cl\/wp-content\/uploads\/2026\/09\/1-1024x576.jpeg\" alt=\"\" data-id=\"75019\" data-full-url=\"https:\/\/www.uta.cl\/wp-content\/uploads\/2026\/09\/1.jpeg\" data-link=\"https:\/\/www.uta.cl\/?attachment_id=75019\" class=\"wp-image-75019\" srcset=\"https:\/\/www.uta.cl\/wp-content\/uploads\/2026\/09\/1-1024x576.jpeg 1024w, https:\/\/www.uta.cl\/wp-content\/uploads\/2026\/09\/1-300x169.jpeg 300w, https:\/\/www.uta.cl\/wp-content\/uploads\/2026\/09\/1-768x432.jpeg 768w, https:\/\/www.uta.cl\/wp-content\/uploads\/2026\/09\/1.jpeg 1280w\" sizes=\"(max-width: 1024px) 100vw, 1024px\" \/><\/a><\/figure><\/li><li class=\"blocks-gallery-item\"><figure><a href=\"https:\/\/www.uta.cl\/wp-content\/uploads\/2026\/09\/foto-central.jpeg\"><img loading=\"lazy\" width=\"869\" height=\"542\" src=\"https:\/\/www.uta.cl\/wp-content\/uploads\/2026\/09\/foto-central.jpeg\" alt=\"\" data-id=\"75020\" data-full-url=\"https:\/\/www.uta.cl\/wp-content\/uploads\/2026\/09\/foto-central.jpeg\" data-link=\"https:\/\/www.uta.cl\/?attachment_id=75020\" class=\"wp-image-75020\" srcset=\"https:\/\/www.uta.cl\/wp-content\/uploads\/2026\/09\/foto-central.jpeg 869w, https:\/\/www.uta.cl\/wp-content\/uploads\/2026\/09\/foto-central-300x187.jpeg 300w, https:\/\/www.uta.cl\/wp-content\/uploads\/2026\/09\/foto-central-768x479.jpeg 768w\" sizes=\"(max-width: 869px) 100vw, 869px\" \/><\/a><\/figure><\/li><\/ul><\/figure>\n","protected":false},"excerpt":{"rendered":"<p>La rectora de la Universidad de Tarapac\u00e1, Dra. Jenniffer Peralta Montecinos, y el gobernador regional Diego Paco Mamani, abordaron iniciativas vinculadas al patrimonio, infraestructura universitaria y bienestar estudiantil.<\/p>\n","protected":false},"author":13,"featured_media":75020,"comment_status":"open","ping_status":"open","sticky":false,"template":"","format":"standard","meta":[],"categories":[315,316],"tags":[],"_links":{"self":[{"href":"https:\/\/www.uta.cl\/index.php\/wp-json\/wp\/v2\/posts\/75015"}],"collection":[{"href":"https:\/\/www.uta.cl\/index.php\/wp-json\/wp\/v2\/posts"}],"about":[{"href":"https:\/\/www.uta.cl\/index.php\/wp-json\/wp\/v2\/types\/post"}],"author":[{"embeddable":true,"href":"https:\/\/www.uta.cl\/index.php\/wp-json\/wp\/v2\/users\/13"}],"replies":[{"embeddable":true,"href":"https:\/\/www.uta.cl\/index.php\/wp-json\/wp\/v2\/comments?post=75015"}],"version-history":[{"count":1,"href":"https:\/\/www.uta.cl\/index.php\/wp-json\/wp\/v2\/posts\/75015\/revisions"}],"predecessor-version":[{"id":75021,"href":"https:\/\/www.uta.cl\/index.php\/wp-json\/wp\/v2\/posts\/75015\/revisions\/75021"}],"wp:featuredmedia":[{"embeddable":true,"href":"https:\/\/www.uta.cl\/index.php\/wp-json\/wp\/v2\/media\/75020"}],"wp:attachment":[{"href":"https:\/\/www.uta.cl\/index.php\/wp-json\/wp\/v2\/media?parent=75015"}],"wp:term":[{"taxonomy":"category","embeddable":true,"href":"https:\/\/www.uta.cl\/index.php\/wp-json\/wp\/v2\/categories?post=75015"},{"taxonomy":"post_tag","embeddable":true,"href":"https:\/\/www.uta.cl\/index.php\/wp-json\/wp\/v2\/tags?post=75015"}],"curies":[{"name":"wp","href":"https:\/\/api.w.org\/{rel}","templated":true}]}}