{"id":75007,"date":"2026-09-02T01:16:13","date_gmt":"2026-09-02T01:16:13","guid":{"rendered":"https:\/\/www.uta.cl\/?p=75007"},"modified":"2026-09-02T01:16:19","modified_gmt":"2026-09-02T01:16:19","slug":"utarapaca-se-incorporo-a-la-red-andina-de-universidades-acreditadas","status":"publish","type":"post","link":"https:\/\/www.uta.cl\/index.php\/2026\/09\/02\/utarapaca-se-incorporo-a-la-red-andina-de-universidades-acreditadas\/","title":{"rendered":"UTarapac\u00e1 se incorpor\u00f3 a la Red Andina de Universidades Acreditadas"},"content":{"rendered":"\n<div class=\"wp-block-image\"><figure class=\"aligncenter size-large is-resized\"><img loading=\"lazy\" src=\"https:\/\/www.uta.cl\/wp-content\/uploads\/2026\/09\/firma-parlamento-andino2-2-1-1024x833.jpg\" alt=\"\" class=\"wp-image-75009\" width=\"532\" height=\"433\" srcset=\"https:\/\/www.uta.cl\/wp-content\/uploads\/2026\/09\/firma-parlamento-andino2-2-1-1024x833.jpg 1024w, https:\/\/www.uta.cl\/wp-content\/uploads\/2026\/09\/firma-parlamento-andino2-2-1-300x244.jpg 300w, https:\/\/www.uta.cl\/wp-content\/uploads\/2026\/09\/firma-parlamento-andino2-2-1-768x624.jpg 768w, https:\/\/www.uta.cl\/wp-content\/uploads\/2026\/09\/firma-parlamento-andino2-2-1-1536x1249.jpg 1536w, https:\/\/www.uta.cl\/wp-content\/uploads\/2026\/09\/firma-parlamento-andino2-2-1-2048x1665.jpg 2048w\" sizes=\"(max-width: 532px) 100vw, 532px\" \/><\/figure><\/div>\n\n\n\n<p>En el marco del Periodo Ordinario de Sesiones del mes de agosto del Parlamento Andino, realizado en Santiago, seis instituciones de educaci\u00f3n superior chilenas se sumaron a la Red Andina de Universidades Acreditadas, un espacio de integraci\u00f3n acad\u00e9mica orientado a la cooperaci\u00f3n, el intercambio de buenas pr\u00e1cticas y la generaci\u00f3n de oportunidades para estudiantes y docentes de la regi\u00f3n.<\/p>\n\n\n\n<p>En una ceremonia realizada en la sede del Congreso Nacional en Santiago se suscribieron los convenios de cooperaci\u00f3n y cartas de adhesi\u00f3n con la U. de Tarapac\u00e1, U. de La Serena, la U. de Santiago de Chile, la Pontificia U. Cat\u00f3lica de Valpara\u00edso, la U. del Alba y la U. Cat\u00f3lica de Temuco.<\/p>\n\n\n\n<p>Durante el encuentro, el secretario general del Parlamento Andino, Dr. Eduardo Chiliquinga Maz\u00f3n, destac\u00f3 el liderazgo, prestigio y reconocimiento de las universidades chilenas en la educaci\u00f3n superior regional, as\u00ed como el aporte que representa su participaci\u00f3n para el fortalecimiento de la Red. De igual manera, resalt\u00f3 su proceso de consolidaci\u00f3n como un espacio de integraci\u00f3n acad\u00e9mica entre las instituciones de educaci\u00f3n superior de los pa\u00edses de la regi\u00f3n, orientado a fortalecer la cooperaci\u00f3n y el intercambio de buenas pr\u00e1cticas.<\/p>\n\n\n\n<p>La rectora de la Universidad de Tarapac\u00e1, Dra. Jenniffer Peralta Montecinos, sostuvo que \u201cnuestra misi\u00f3n&nbsp; es ser un referente en la educaci\u00f3n superior a nivel nacional e internacional con foco en la Macro Zona Centro Sur Andina. Y justamente nos vincula no solo con nuestro territorio directo en las regiones de Arica y Parinacota, y Tarapac\u00e1; sino tambi\u00e9n proyecta nuestro quehacer institucional a la Macro Regi\u00f3n Centro Sur Andina\u201d.&nbsp;<\/p>\n\n\n\n<p>En tal sentido a\u00f1adi\u00f3 que \u201csomos una Universidad que reconoce la cosmovisi\u00f3n de los pueblos originarios y coadyuva a la custodia, conservaci\u00f3n y preservaci\u00f3n de la Cultura Chinchorro. Por ello este convenio cobra mayor relevancia\u201d.<\/p>\n\n\n\n<p>Por su parte, el presidente del Parlamento Andino, Manuel Jos\u00e9 Ossand\u00f3n, destac\u00f3 la importancia de esta iniciativa para fortalecer la integraci\u00f3n regional y la cooperaci\u00f3n acad\u00e9mica. Adem\u00e1s, expres\u00f3 que la uni\u00f3n de estas universidades representa una oportunidad para seguir generando mayores espacios de intercambio, formaci\u00f3n y colaboraci\u00f3n en beneficio de la comunidad juvenil y docente, promoviendo el conocimiento, la participaci\u00f3n y nuevas oportunidades para los ciudadanos de la regi\u00f3n Andina.<\/p>\n\n\n\n<p>En este contexto, el Dr. Chiliquinga anunci\u00f3 oficialmente el lanzamiento del Programa Amauta, una iniciativa de la Red Andina de Universidades Acreditadas orientada a fortalecer la movilidad acad\u00e9mica, la cooperaci\u00f3n interuniversitaria y las oportunidades de formaci\u00f3n para docentes y estudiantes de la regi\u00f3n. Durante su intervenci\u00f3n, present\u00f3 los principales componentes del Programa, inform\u00f3 sobre la elaboraci\u00f3n de su Reglamento y dio a conocer la primera alianza estrat\u00e9gica para su implementaci\u00f3n, suscrita con la Universidad Internacional de La Rioja \u2013 UNIR.&nbsp;<\/p>\n\n\n\n<p>En el marco de este convenio se abrir\u00e1 una convocatoria exclusiva para las universidades miembro de la Red Andina de Universidades Acreditadas, que contempla 5 becas del 100% para programas de maestr\u00eda, 30 becas parciales para programas de pregrado y postgrado, y 1.000 becas para cursos de formaci\u00f3n en \u00e1reas como Inteligencia Artificial, Liderazgo y Gesti\u00f3n de Equipos, Competencias Docentes y Dise\u00f1o de Materiales en el Aula, Ciberseguridad y Educaci\u00f3n Inclusiva.&nbsp;<\/p>\n\n\n\n<p>De manera complementaria, algunas de las becas parciales tambi\u00e9n estar\u00e1n abiertas a integrantes de la Red Andina de Autoridades Territoriales y de los Parlamentos Andinos Juveniles y Universitarios. Los t\u00e9rminos, requisitos y condiciones de participaci\u00f3n de cada modalidad estar\u00e1n disponibles en el Repositorio Digital del Parlamento Andino.<\/p>\n","protected":false},"excerpt":{"rendered":"<p>Seis instituciones de educaci\u00f3n superior chilena se sumaron a esta instancia constituida el 28 de octubre de 2022. Durante su \u00faltima sesi\u00f3n, la entidad anunci\u00f3 oficialmente el lanzamiento del Programa Amauta, una iniciativa orientada a fortalecer la movilidad acad\u00e9mica, la cooperaci\u00f3n interuniversitaria y las oportunidades de formaci\u00f3n para docentes y estudiantes de la regi\u00f3n.<\/p>\n","protected":false},"author":13,"featured_media":75009,"comment_status":"open","ping_status":"open","sticky":false,"template":"","format":"standard","meta":[],"categories":[315,316],"tags":[],"_links":{"self":[{"href":"https:\/\/www.uta.cl\/index.php\/wp-json\/wp\/v2\/posts\/75007"}],"collection":[{"href":"https:\/\/www.uta.cl\/index.php\/wp-json\/wp\/v2\/posts"}],"about":[{"href":"https:\/\/www.uta.cl\/index.php\/wp-json\/wp\/v2\/types\/post"}],"author":[{"embeddable":true,"href":"https:\/\/www.uta.cl\/index.php\/wp-json\/wp\/v2\/users\/13"}],"replies":[{"embeddable":true,"href":"https:\/\/www.uta.cl\/index.php\/wp-json\/wp\/v2\/comments?post=75007"}],"version-history":[{"count":1,"href":"https:\/\/www.uta.cl\/index.php\/wp-json\/wp\/v2\/posts\/75007\/revisions"}],"predecessor-version":[{"id":75010,"href":"https:\/\/www.uta.cl\/index.php\/wp-json\/wp\/v2\/posts\/75007\/revisions\/75010"}],"wp:featuredmedia":[{"embeddable":true,"href":"https:\/\/www.uta.cl\/index.php\/wp-json\/wp\/v2\/media\/75009"}],"wp:attachment":[{"href":"https:\/\/www.uta.cl\/index.php\/wp-json\/wp\/v2\/media?parent=75007"}],"wp:term":[{"taxonomy":"category","embeddable":true,"href":"https:\/\/www.uta.cl\/index.php\/wp-json\/wp\/v2\/categories?post=75007"},{"taxonomy":"post_tag","embeddable":true,"href":"https:\/\/www.uta.cl\/index.php\/wp-json\/wp\/v2\/tags?post=75007"}],"curies":[{"name":"wp","href":"https:\/\/api.w.org\/{rel}","templated":true}]}}