{"id":75003,"date":"2026-09-01T13:04:00","date_gmt":"2026-09-01T13:04:00","guid":{"rendered":"https:\/\/www.uta.cl\/?p=75003"},"modified":"2026-09-02T01:11:12","modified_gmt":"2026-09-02T01:11:12","slug":"embajadora-de-chile-en-hungria-destaco-el-aporte-cultural-y-la-representacion-internacional-del-ballet-folklorico-de-la-utarapaca-en-su-gira-por-europa","status":"publish","type":"post","link":"https:\/\/www.uta.cl\/index.php\/2026\/09\/01\/embajadora-de-chile-en-hungria-destaco-el-aporte-cultural-y-la-representacion-internacional-del-ballet-folklorico-de-la-utarapaca-en-su-gira-por-europa\/","title":{"rendered":"Embajadora de Chile en Hungr\u00eda destac\u00f3 el aporte cultural y la representaci\u00f3n internacional del Ballet Folkl\u00f3rico de la UTarapac\u00e1 en su gira por Europa"},"content":{"rendered":"\n<div class=\"wp-block-image\"><figure class=\"aligncenter size-large is-resized\"><img loading=\"lazy\" src=\"https:\/\/www.uta.cl\/wp-content\/uploads\/2026\/09\/IMG_9477_2_-1024x768.jpg\" alt=\"\" class=\"wp-image-75004\" width=\"619\" height=\"464\" srcset=\"https:\/\/www.uta.cl\/wp-content\/uploads\/2026\/09\/IMG_9477_2_-1024x768.jpg 1024w, https:\/\/www.uta.cl\/wp-content\/uploads\/2026\/09\/IMG_9477_2_-300x225.jpg 300w, https:\/\/www.uta.cl\/wp-content\/uploads\/2026\/09\/IMG_9477_2_-768x576.jpg 768w, https:\/\/www.uta.cl\/wp-content\/uploads\/2026\/09\/IMG_9477_2_-1536x1152.jpg 1536w, https:\/\/www.uta.cl\/wp-content\/uploads\/2026\/09\/IMG_9477_2_-2048x1536.jpg 2048w\" sizes=\"(max-width: 619px) 100vw, 619px\" \/><\/figure><\/div>\n\n\n\n<p>En el marco de su gira art\u00edstica por Europa, el Ballet Folcl\u00f3rico de la Universidad de Tarapac\u00e1 (BAFUT) sostuvo un encuentro con la embajadora de Chile en Hungr\u00eda, Camila M\u00e1rquez Araujo, quien lleg\u00f3 hasta la localidad de Sz\u00e1zhalombatta, en las cercan\u00edas de Budapest, para reunirse con la delegaci\u00f3n universitaria en el marco del 33\u00b0 Festival Internacional de Folclore Summerfest.<\/p>\n\n\n\n<p>La jefa de la misi\u00f3n diplom\u00e1tica comparti\u00f3 con el elenco dirigido por el maestro Jorge Manr\u00edquez Picero, instancia en la que relev\u00f3 el despliegue art\u00edstico de la agrupaci\u00f3n y el rol que cumplen las y los estudiantes al difundir las tradiciones y la identidad de nuestro pa\u00eds ante audiencias internacionales.<\/p>\n\n\n\n<p>En la oportunidad, la embajadora Camila M\u00e1rquez valor\u00f3 la presencia de la delegaci\u00f3n nacional y el impacto de su muestra art\u00edstica: &#8220;Estoy muy contenta de acompa\u00f1ar al Ballet Folcl\u00f3rico de la Universidad de Tarapac\u00e1 en su participaci\u00f3n en el festival (&#8230;). Es un orgullo tenerlos aqu\u00ed, que nos representen tan bien. Estoy fascinada de la motivaci\u00f3n y del entusiasmo que han puesto, as\u00ed que muy agradecida de que hayan venido&#8221;.<\/p>\n\n\n\n<p>Por su parte, el director del BAFUT, Jorge Manr\u00edquez, destac\u00f3 el significado de este respaldo institucional en suelo h\u00fangaro: &#8220;La visita de la embajadora de Chile en Hungr\u00eda constituye para el BAFUT un momento de gran importancia y orgullo. Su presencia nos honra y nos permite sentir el respaldo de nuestra representaci\u00f3n diplom\u00e1tica mientras llevamos la cultura, las tradiciones y la identidad de Chile en los escenarios de Europa\u201d.&nbsp;<\/p>\n\n\n\n<p>\u201cAgradecemos profundamente su visita, su cercan\u00eda y el reconocimiento a nuestro trabajo de difusi\u00f3n y puesta en valor de nuestro patrimonio cultural. Para nosotros como BAFUT es una motivaci\u00f3n para continuar llevando con orgullo el nombre de Chile y de nuestra Universidad de Tarapac\u00e1 m\u00e1s all\u00e1 de nuestras fronteras&#8221;, agreg\u00f3 Manr\u00edquez.<\/p>\n\n\n\n<p>La gira contempl\u00f3 presentaciones en diversos escenarios y festivales internacionales respaldados por el Consejo Internacional de Organizaciones de Festivales de Folklore y de Artes Tradicionales (CIOFF), organismo colaborador oficial de la UNESCO para la salvaguardia del patrimonio inmaterial.<\/p>\n","protected":false},"excerpt":{"rendered":"<p>La autoridad diplom\u00e1tica resalt\u00f3 el rigor y la dedicaci\u00f3n del elenco universitario, destacando la entrega de las y los j\u00f3venes artistas de la Universidad de Tarapac\u00e1 por representar el patrimonio cultural y las danzas tradicionales de Chile en escenarios de alta exigencia internacional.<\/p>\n","protected":false},"author":13,"featured_media":75004,"comment_status":"open","ping_status":"open","sticky":false,"template":"","format":"standard","meta":[],"categories":[315,316],"tags":[],"_links":{"self":[{"href":"https:\/\/www.uta.cl\/index.php\/wp-json\/wp\/v2\/posts\/75003"}],"collection":[{"href":"https:\/\/www.uta.cl\/index.php\/wp-json\/wp\/v2\/posts"}],"about":[{"href":"https:\/\/www.uta.cl\/index.php\/wp-json\/wp\/v2\/types\/post"}],"author":[{"embeddable":true,"href":"https:\/\/www.uta.cl\/index.php\/wp-json\/wp\/v2\/users\/13"}],"replies":[{"embeddable":true,"href":"https:\/\/www.uta.cl\/index.php\/wp-json\/wp\/v2\/comments?post=75003"}],"version-history":[{"count":1,"href":"https:\/\/www.uta.cl\/index.php\/wp-json\/wp\/v2\/posts\/75003\/revisions"}],"predecessor-version":[{"id":75005,"href":"https:\/\/www.uta.cl\/index.php\/wp-json\/wp\/v2\/posts\/75003\/revisions\/75005"}],"wp:featuredmedia":[{"embeddable":true,"href":"https:\/\/www.uta.cl\/index.php\/wp-json\/wp\/v2\/media\/75004"}],"wp:attachment":[{"href":"https:\/\/www.uta.cl\/index.php\/wp-json\/wp\/v2\/media?parent=75003"}],"wp:term":[{"taxonomy":"category","embeddable":true,"href":"https:\/\/www.uta.cl\/index.php\/wp-json\/wp\/v2\/categories?post=75003"},{"taxonomy":"post_tag","embeddable":true,"href":"https:\/\/www.uta.cl\/index.php\/wp-json\/wp\/v2\/tags?post=75003"}],"curies":[{"name":"wp","href":"https:\/\/api.w.org\/{rel}","templated":true}]}}