{"id":74993,"date":"2026-09-01T23:25:39","date_gmt":"2026-09-01T23:25:39","guid":{"rendered":"https:\/\/www.uta.cl\/?p=74993"},"modified":"2026-09-01T23:31:34","modified_gmt":"2026-09-01T23:31:34","slug":"gobernador-de-arica-y-parinacota-destaco-el-servicio-comunitario-del-centro-de-nutricion-tras-ser-atendido-en-la-utarapaca","status":"publish","type":"post","link":"https:\/\/www.uta.cl\/index.php\/2026\/09\/01\/gobernador-de-arica-y-parinacota-destaco-el-servicio-comunitario-del-centro-de-nutricion-tras-ser-atendido-en-la-utarapaca\/","title":{"rendered":"Gobernador de Arica y Parinacota destac\u00f3 el servicio comunitario del Centro de Nutrici\u00f3n tras ser atendido en la UTarapac\u00e1"},"content":{"rendered":"\n<div class=\"wp-block-image\"><figure class=\"aligncenter size-large is-resized\"><img loading=\"lazy\" src=\"https:\/\/www.uta.cl\/wp-content\/uploads\/2026\/09\/IMG_7816-1024x576.jpg\" alt=\"\" class=\"wp-image-74997\" width=\"647\" height=\"363\" srcset=\"https:\/\/www.uta.cl\/wp-content\/uploads\/2026\/09\/IMG_7816-1024x576.jpg 1024w, https:\/\/www.uta.cl\/wp-content\/uploads\/2026\/09\/IMG_7816-300x169.jpg 300w, https:\/\/www.uta.cl\/wp-content\/uploads\/2026\/09\/IMG_7816-768x432.jpg 768w, https:\/\/www.uta.cl\/wp-content\/uploads\/2026\/09\/IMG_7816-1536x864.jpg 1536w, https:\/\/www.uta.cl\/wp-content\/uploads\/2026\/09\/IMG_7816-2048x1152.jpg 2048w\" sizes=\"(max-width: 647px) 100vw, 647px\" \/><\/figure><\/div>\n\n\n\n<p>Hasta las dependencias de Nutrilab lleg\u00f3 el Gobernador Regional de Arica y Parinacota, Diego Paco Mamani, para someterse a una exhaustiva evaluaci\u00f3n nutricional y proyectar un seguimiento continuo de sus par\u00e1metros f\u00edsicos y de salud. La instancia permiti\u00f3 constatar en terreno la articulaci\u00f3n que la Universidad de Tarapac\u00e1 (UTA) sostiene entre la docencia de pregrado y el aporte al bienestar de la comunidad regional.<\/p>\n\n\n\n<p>Este espacio cl\u00ednico funciona bajo una din\u00e1mica de aprendizaje y servicio rec\u00edproco, permitiendo que estudiantes de cursos avanzados adquieran experiencia pr\u00e1ctica en escenarios reales y de atenci\u00f3n directa junto al cuerpo docente. Al respecto, la jefa de la carrera de Nutrici\u00f3n y Diet\u00e9tica, Dayanna Rivera Samit, destac\u00f3 el valor integral de este trabajo:&nbsp;<\/p>\n\n\n\n<blockquote class=\"wp-block-quote\"><p>&#8220;Contamos con la participaci\u00f3n de nuestros estudiantes que fortalecen su proceso de aprendizaje a trav\u00e9s de contextos reales, participando activamente en conjunto con los docentes para las evaluaciones nutricionales. La comunidad se beneficia del centro tambi\u00e9n, es un aporte que tiene la carrera de Nutrici\u00f3n y el centro Nutrilab hacia la comunidad de forma gratuita&#8221;.<\/p><\/blockquote>\n\n\n\n<div class=\"wp-block-image\"><figure class=\"aligncenter size-large is-resized\"><img loading=\"lazy\" src=\"https:\/\/www.uta.cl\/wp-content\/uploads\/2026\/09\/IMG_7799-1024x576.jpg\" alt=\"\" class=\"wp-image-74996\" width=\"583\" height=\"327\" srcset=\"https:\/\/www.uta.cl\/wp-content\/uploads\/2026\/09\/IMG_7799-1024x576.jpg 1024w, https:\/\/www.uta.cl\/wp-content\/uploads\/2026\/09\/IMG_7799-300x169.jpg 300w, https:\/\/www.uta.cl\/wp-content\/uploads\/2026\/09\/IMG_7799-768x432.jpg 768w, https:\/\/www.uta.cl\/wp-content\/uploads\/2026\/09\/IMG_7799-1536x864.jpg 1536w, https:\/\/www.uta.cl\/wp-content\/uploads\/2026\/09\/IMG_7799-2048x1152.jpg 2048w\" sizes=\"(max-width: 583px) 100vw, 583px\" \/><\/figure><\/div>\n\n\n\n<p>Respecto a la modalidad de atenci\u00f3n para acceder a este servicio, Rivera precis\u00f3 el conducto formal: &#8220;Usted ingresa al Centro M\u00e9dico de la Universidad de Tarapac\u00e1 y a trav\u00e9s de este lo derivan al Nutrilab, donde se puede realizar la valoraci\u00f3n totalmente gratuita&#8221;. Para coordinar esta primera consulta,<strong> las personas interesadas deben solicitar su hora de atenci\u00f3n a trav\u00e9s de la plataforma web <a href=\"https:\/\/pia.uta.cl\/\" data-type=\"URL\" data-id=\"https:\/\/pia.uta.cl\/\">pia.uta.cl<\/a><\/strong>, donde se gestiona la evaluaci\u00f3n inicial y la respectiva derivaci\u00f3n cl\u00ednica.<\/p>\n\n\n\n<p>Tras someterse al chequeo, el Gobernador Regional, Diego Paco Mamani, valor\u00f3 la labor del centro y el rol p\u00fablico universitario:&nbsp;<\/p>\n\n\n\n<blockquote class=\"wp-block-quote\"><p>&#8220;Este servicio es muy positivo para todos los deportistas, para la ciudadan\u00eda, para los vecinos y para todos quienes quieran venir de manera gratuita. Que hoy d\u00eda los estudiantes sean parte de este proceso es muy importante porque, desde la universidad y antes de ser profesionales, est\u00e1n ampliando su visi\u00f3n, adquiriendo experiencia y trabajando en lo que van a hacer el d\u00eda de ma\u00f1ana. Eso va a formar no solamente a buenos profesionales, con m\u00e1s conocimientos, sino con una amplitud para identificar cada caso en cada persona y organismo&#8221;.<\/p><\/blockquote>\n\n\n\n<div class=\"wp-block-image\"><figure class=\"aligncenter size-large is-resized\"><img loading=\"lazy\" src=\"https:\/\/www.uta.cl\/wp-content\/uploads\/2026\/09\/IMG_7764-1024x576.jpg\" alt=\"\" class=\"wp-image-74998\" width=\"567\" height=\"318\" srcset=\"https:\/\/www.uta.cl\/wp-content\/uploads\/2026\/09\/IMG_7764-1024x576.jpg 1024w, https:\/\/www.uta.cl\/wp-content\/uploads\/2026\/09\/IMG_7764-300x169.jpg 300w, https:\/\/www.uta.cl\/wp-content\/uploads\/2026\/09\/IMG_7764-768x432.jpg 768w, https:\/\/www.uta.cl\/wp-content\/uploads\/2026\/09\/IMG_7764-1536x864.jpg 1536w, https:\/\/www.uta.cl\/wp-content\/uploads\/2026\/09\/IMG_7764-2048x1152.jpg 2048w\" sizes=\"(max-width: 567px) 100vw, 567px\" \/><\/figure><\/div>\n\n\n\n<p>En esa misma l\u00ednea, el estudiante de cuarto a\u00f1o de la carrera, Jonathan Barrera, remarc\u00f3 el impacto formativo de participar en estas atenciones cl\u00ednicas y de voluntariado: <\/p>\n\n\n\n<blockquote class=\"wp-block-quote\"><p>&#8220;Para nosotros es s\u00faper importante, ya que nos invita a tener un aspecto m\u00e1s real de la vida laboral y salir de los libros. Al estar de la mano con los profesores y poner en pr\u00e1ctica los conocimientos antes de los internados, podemos ampliar nuestro curr\u00edculum y orientar a las personas casi como profesionales&#8221;.<\/p><\/blockquote>\n\n\n\n<p>De esta manera, la UTA pone a disposici\u00f3n del entorno local las capacidades t\u00e9cnicas de sus centros cl\u00ednicos, transfiriendo el aprendizaje de las aulas hacia la atenci\u00f3n preventiva de salud y respondiendo a los requerimientos de la poblaci\u00f3n en Arica y Parinacota, proyectando adem\u00e1s este modelo formativo y de vinculaci\u00f3n hacia la Regi\u00f3n de Tarapac\u00e1 mediante la presencia de la carrera en la Sede Iquique.<\/p>\n","protected":false},"excerpt":{"rendered":"<p>La m\u00e1xima autoridad regional, Diego Paco, valor\u00f3 el modelo de contribuciones mutuas del espacio cl\u00ednico de la Facultad de Ciencias de la Salud, el cual fortalece la formaci\u00f3n integral de los futuros profesionales mientras entrega atenci\u00f3n nutricional gratuita a la comunidad tras derivaci\u00f3n desde el Centro M\u00e9dico de la Universidad.<\/p>\n","protected":false},"author":13,"featured_media":74997,"comment_status":"open","ping_status":"open","sticky":false,"template":"","format":"standard","meta":[],"categories":[316,51],"tags":[],"_links":{"self":[{"href":"https:\/\/www.uta.cl\/index.php\/wp-json\/wp\/v2\/posts\/74993"}],"collection":[{"href":"https:\/\/www.uta.cl\/index.php\/wp-json\/wp\/v2\/posts"}],"about":[{"href":"https:\/\/www.uta.cl\/index.php\/wp-json\/wp\/v2\/types\/post"}],"author":[{"embeddable":true,"href":"https:\/\/www.uta.cl\/index.php\/wp-json\/wp\/v2\/users\/13"}],"replies":[{"embeddable":true,"href":"https:\/\/www.uta.cl\/index.php\/wp-json\/wp\/v2\/comments?post=74993"}],"version-history":[{"count":2,"href":"https:\/\/www.uta.cl\/index.php\/wp-json\/wp\/v2\/posts\/74993\/revisions"}],"predecessor-version":[{"id":75001,"href":"https:\/\/www.uta.cl\/index.php\/wp-json\/wp\/v2\/posts\/74993\/revisions\/75001"}],"wp:featuredmedia":[{"embeddable":true,"href":"https:\/\/www.uta.cl\/index.php\/wp-json\/wp\/v2\/media\/74997"}],"wp:attachment":[{"href":"https:\/\/www.uta.cl\/index.php\/wp-json\/wp\/v2\/media?parent=74993"}],"wp:term":[{"taxonomy":"category","embeddable":true,"href":"https:\/\/www.uta.cl\/index.php\/wp-json\/wp\/v2\/categories?post=74993"},{"taxonomy":"post_tag","embeddable":true,"href":"https:\/\/www.uta.cl\/index.php\/wp-json\/wp\/v2\/tags?post=74993"}],"curies":[{"name":"wp","href":"https:\/\/api.w.org\/{rel}","templated":true}]}}