{"id":74897,"date":"2026-08-31T23:27:29","date_gmt":"2026-08-31T23:27:29","guid":{"rendered":"https:\/\/www.uta.cl\/?p=74897"},"modified":"2026-08-31T23:28:50","modified_gmt":"2026-08-31T23:28:50","slug":"mas-de-1-500-personas-participaron-en-el-encuentro-de-divulgacion-cientifica-congreso-futuro-en-tu-comuna","status":"publish","type":"post","link":"https:\/\/www.uta.cl\/index.php\/2026\/08\/31\/mas-de-1-500-personas-participaron-en-el-encuentro-de-divulgacion-cientifica-congreso-futuro-en-tu-comuna\/","title":{"rendered":"M\u00e1s de 1.500 personas participaron en el encuentro de divulgaci\u00f3n cient\u00edfica \u201cCongreso Futuro en tu Comuna\u201d"},"content":{"rendered":"\n<div class=\"wp-block-image\"><figure class=\"aligncenter size-large is-resized\"><img loading=\"lazy\" src=\"https:\/\/www.uta.cl\/wp-content\/uploads\/2026\/08\/DSC_0939-1024x683.jpg\" alt=\"\" class=\"wp-image-74900\" width=\"577\" height=\"385\" srcset=\"https:\/\/www.uta.cl\/wp-content\/uploads\/2026\/08\/DSC_0939-1024x683.jpg 1024w, https:\/\/www.uta.cl\/wp-content\/uploads\/2026\/08\/DSC_0939-300x200.jpg 300w, https:\/\/www.uta.cl\/wp-content\/uploads\/2026\/08\/DSC_0939-768x512.jpg 768w, https:\/\/www.uta.cl\/wp-content\/uploads\/2026\/08\/DSC_0939-1536x1025.jpg 1536w, https:\/\/www.uta.cl\/wp-content\/uploads\/2026\/08\/DSC_0939-2048x1367.jpg 2048w\" sizes=\"(max-width: 577px) 100vw, 577px\" \/><\/figure><\/div>\n\n\n\n<p>M\u00e1s de 1500 escolares, docentes y equipos universitarios, asistieron al Liceo Art\u00edstico de Arica para participar del espacio de divulgaci\u00f3n cient\u00edfica \u201cCongreso Futuro en tu Comuna\u201d, con el objetivo de acercar el conocimiento a la educaci\u00f3n p\u00fablica regional y despertar vocaciones tempranas a trav\u00e9s de conferencias, talleres, experiencias de realidad virtual 360\u00b0 y una feria de divulgaci\u00f3n con \u00e9nfasis en astronom\u00eda, rob\u00f3tica, patrimonio regional, ciencias del mar y artes.<\/p>\n\n\n\n<p>La directora del Liceo Bicentenario Art\u00edstico Dr. Juan No\u00e9 Crevani, Jocelyne Orme\u00f1o, valor\u00f3 la integraci\u00f3n del encuentro y la alianza intersectorial: \u201cEstamos sumamente orgullosos de recibir en una escuela p\u00fablica la plataforma de divulgaci\u00f3n cient\u00edfica m\u00e1s importante de Latinoam\u00e9rica. Esta articulaci\u00f3n entre el SLEP, el Senado y la Universidad de Tarapac\u00e1 fortalece y potencia la educaci\u00f3n p\u00fablica de nuestra regi\u00f3n. En nuestro liceo, el arte y la ciencia dialogan y se potencian mutuamente para generar aprendizajes significativos en nuestros estudiantes\u201d.<\/p>\n\n\n\n<div class=\"wp-block-image\"><figure class=\"aligncenter size-large is-resized\"><img loading=\"lazy\" src=\"https:\/\/www.uta.cl\/wp-content\/uploads\/2026\/08\/DSC_0970-1024x683.jpg\" alt=\"\" class=\"wp-image-74902\" width=\"550\" height=\"367\" srcset=\"https:\/\/www.uta.cl\/wp-content\/uploads\/2026\/08\/DSC_0970-1024x683.jpg 1024w, https:\/\/www.uta.cl\/wp-content\/uploads\/2026\/08\/DSC_0970-300x200.jpg 300w, https:\/\/www.uta.cl\/wp-content\/uploads\/2026\/08\/DSC_0970-768x512.jpg 768w, https:\/\/www.uta.cl\/wp-content\/uploads\/2026\/08\/DSC_0970-1536x1025.jpg 1536w, https:\/\/www.uta.cl\/wp-content\/uploads\/2026\/08\/DSC_0970-2048x1367.jpg 2048w\" sizes=\"(max-width: 550px) 100vw, 550px\" \/><\/figure><\/div>\n\n\n\n<p>En ese sentido, la directora general de Vinculaci\u00f3n con el Medio, Dra. Daniela Gonz\u00e1lez Erber se\u00f1al\u00f3 que \u201cen su quehacer de generar v\u00ednculos, la UTA ha tenido una participaci\u00f3n activa a trav\u00e9s de Explora en Congreso Futuro, iniciativa del Senado que apoyamos tanto en su versi\u00f3n comunal para escolares como en la jornada regional abierta\u201d, que se realiza durante enero en la UTA.&nbsp;<\/p>\n\n\n\n<p>La directora del Proyecto Asociativo Regional (PAR) Explora Arica y Parinacota, Dra. M\u00f3nica Navarrete \u00c1lvarez explic\u00f3 que \u201ccolaboramos con nuestras redes de apoyo desde centros de investigaci\u00f3n, ferias cient\u00edficas y la articulaci\u00f3n con colegios interesados en la astronom\u00eda, sumando la experiencia de m\u00e1s de una d\u00e9cada ejecutando el proyecto Explora desde la UTA\u201d.<\/p>\n\n\n\n<p>En esa misma l\u00ednea, el senador integrante de la comisi\u00f3n \u201cDesaf\u00edos del Futuro\u201d, Vlado Mirosevic Verdugo, relev\u00f3 la importancia de acercar el quehacer cient\u00edfico a las aulas regionales: \u201cEl prop\u00f3sito es difundir la ciencia y despertar curiosidad en los ni\u00f1os y ni\u00f1as (&#8230;) Ese es el objetivo del Congreso Futuro en tu Comuna, que por primera vez se realiza en Arica: una tremenda oportunidad para que la ciencia salga de los laboratorios, que no se quede solo en Santiago y que llegue a sectores donde habitualmente no arriba\u201d.<\/p>\n\n\n\n<p>\u201cAgradecemos a la UTA y al SLEP por hacer posible que cient\u00edficos destacados vengan a nuestra ciudad e incentiven a las y los escolares a proyectar una carrera cient\u00edfica\u201d, expres\u00f3 el parlamentario.<\/p>\n\n\n\n<div class=\"wp-block-image\"><figure class=\"aligncenter size-large is-resized\"><img loading=\"lazy\" src=\"https:\/\/www.uta.cl\/wp-content\/uploads\/2026\/08\/IMG_4076-1-1024x576.jpg\" alt=\"\" class=\"wp-image-74899\" width=\"550\" height=\"308\" srcset=\"https:\/\/www.uta.cl\/wp-content\/uploads\/2026\/08\/IMG_4076-1-1024x576.jpg 1024w, https:\/\/www.uta.cl\/wp-content\/uploads\/2026\/08\/IMG_4076-1-300x169.jpg 300w, https:\/\/www.uta.cl\/wp-content\/uploads\/2026\/08\/IMG_4076-1-768x432.jpg 768w, https:\/\/www.uta.cl\/wp-content\/uploads\/2026\/08\/IMG_4076-1-1536x864.jpg 1536w, https:\/\/www.uta.cl\/wp-content\/uploads\/2026\/08\/IMG_4076-1-2048x1152.jpg 2048w\" sizes=\"(max-width: 550px) 100vw, 550px\" \/><\/figure><\/div>\n\n\n\n<p>El programa cont\u00f3 con la apertura del doctor en Astronom\u00eda y encargado de Divulgaci\u00f3n del Centro de Astrof\u00edsica y Tecnolog\u00edas Afines (CATA), Jos\u00e9 Utreras Contreras, con la ponencia \u201c\u00bfY si la Luna nunca hubiera existido?\u201d, seguida por la presentaci\u00f3n \u201cAgujeros negros en el Universo\u201d, dictada por el Dr. Ezequiel Treister, acad\u00e9mico de la UTA e investigador principal de CATA.<\/p>\n\n\n\n<p>El Dr. Treister valor\u00f3 el espacio para vincular la investigaci\u00f3n astron\u00f3mica con el entorno escolar y la ciudadan\u00eda: \u201cEstuvimos con un grupo de ni\u00f1as y ni\u00f1os sumamente motivados hablando sobre agujeros negros, acompa\u00f1ados adem\u00e1s de muestras art\u00edsticas. Es una excelente oportunidad para acercar la investigaci\u00f3n cient\u00edfica a la ciudadan\u00eda, tanto al p\u00fablico escolar como a la comunidad general, extendiendo esta labor con un conversatorio abierto junto a la doctora B\u00e1rbara Rojas-Ayala en la universidad\u201d.<\/p>\n\n\n\n<p>En paralelo, la casa de estudios superiores despleg\u00f3 muestras interactivas mediante el Centro de Gesti\u00f3n Chinchorro, enfocado en la puesta en valor del patrimonio arqueol\u00f3gico local, junto a la participaci\u00f3n de la Facultad de Ciencias y la Facultad de Ingenier\u00eda. En dicho espacio, estudiantes del Laboratorio de Procesos Sustentables presentaron iniciativas&nbsp; de ciencia aplicada, mientras que futuros docentes de Pedagog\u00eda en F\u00edsica y Matem\u00e1tica guiaron experiencias de observaci\u00f3n solar con telescopios y f\u00edsica experimental.<\/p>\n\n\n\n<div class=\"wp-block-image\"><figure class=\"aligncenter size-large is-resized\"><img loading=\"lazy\" src=\"https:\/\/www.uta.cl\/wp-content\/uploads\/2026\/08\/DSC_0948-1024x683.jpg\" alt=\"\" class=\"wp-image-74898\" width=\"543\" height=\"362\" srcset=\"https:\/\/www.uta.cl\/wp-content\/uploads\/2026\/08\/DSC_0948-1024x683.jpg 1024w, https:\/\/www.uta.cl\/wp-content\/uploads\/2026\/08\/DSC_0948-300x200.jpg 300w, https:\/\/www.uta.cl\/wp-content\/uploads\/2026\/08\/DSC_0948-768x512.jpg 768w, https:\/\/www.uta.cl\/wp-content\/uploads\/2026\/08\/DSC_0948-1536x1025.jpg 1536w, https:\/\/www.uta.cl\/wp-content\/uploads\/2026\/08\/DSC_0948-2048x1367.jpg 2048w\" sizes=\"(max-width: 543px) 100vw, 543px\" \/><\/figure><\/div>\n\n\n\n<p>A partir de esta experiencia, la estudiante de segundo a\u00f1o de la carrera de Pedagog\u00eda en F\u00edsica y Matem\u00e1tica, Francisca Quiroga Vicencio, coment\u00f3 que \u201cnos ayuda a fortalecer nuestras habilidades para trabajar con los ni\u00f1os y los estudiantes, y saber c\u00f3mo llegar a explicarles temas tan complejos como estos\u201d.<\/p>\n\n\n\n<p>La jornada tambi\u00e9n cont\u00f3 con la participaci\u00f3n de la Escuela Rep\u00fablica de Francia mediante su proyecto STEAM, las academias de rob\u00f3tica del Liceo Polit\u00e9cnico, la Escuela Rep\u00fablica de Israel y el Colegio Integrado Eduardo Frei Montalva, junto a muestras del Instituto de Fomento Pesquero (IFOP), Colegio Domingo Santa Mar\u00eda, Colegio Italiano Santa Ana, INACAP, Waki Labs y la agrupaci\u00f3n astron\u00f3mica Castor &amp; Pollux, articulando un ecosistema regional volcado hacia el conocimiento y la innovaci\u00f3n escolar.<\/p>\n\n\n\n<div class=\"wp-block-image\"><figure class=\"aligncenter size-large is-resized\"><img loading=\"lazy\" src=\"https:\/\/www.uta.cl\/wp-content\/uploads\/2026\/08\/DSC_0946-683x1024.jpg\" alt=\"\" class=\"wp-image-74901\" width=\"278\" height=\"416\" srcset=\"https:\/\/www.uta.cl\/wp-content\/uploads\/2026\/08\/DSC_0946-683x1024.jpg 683w, https:\/\/www.uta.cl\/wp-content\/uploads\/2026\/08\/DSC_0946-200x300.jpg 200w, https:\/\/www.uta.cl\/wp-content\/uploads\/2026\/08\/DSC_0946-768x1151.jpg 768w, https:\/\/www.uta.cl\/wp-content\/uploads\/2026\/08\/DSC_0946-1025x1536.jpg 1025w, https:\/\/www.uta.cl\/wp-content\/uploads\/2026\/08\/DSC_0946-1367x2048.jpg 1367w, https:\/\/www.uta.cl\/wp-content\/uploads\/2026\/08\/DSC_0946-scaled.jpg 1708w\" sizes=\"(max-width: 278px) 100vw, 278px\" \/><\/figure><\/div>\n","protected":false},"excerpt":{"rendered":"<p>El evento fue organizado por la Comisi\u00f3n Desaf\u00edos del Futuro, Ciencia, Tecnolog\u00eda e Innovaci\u00f3n del Senado de la Rep\u00fablica, la Universidad de Tarapac\u00e1 (UTA) y el Servicio Local de Educaci\u00f3n P\u00fablica Chinchorro.<\/p>\n","protected":false},"author":13,"featured_media":74901,"comment_status":"open","ping_status":"open","sticky":false,"template":"","format":"standard","meta":[],"categories":[316,51],"tags":[],"_links":{"self":[{"href":"https:\/\/www.uta.cl\/index.php\/wp-json\/wp\/v2\/posts\/74897"}],"collection":[{"href":"https:\/\/www.uta.cl\/index.php\/wp-json\/wp\/v2\/posts"}],"about":[{"href":"https:\/\/www.uta.cl\/index.php\/wp-json\/wp\/v2\/types\/post"}],"author":[{"embeddable":true,"href":"https:\/\/www.uta.cl\/index.php\/wp-json\/wp\/v2\/users\/13"}],"replies":[{"embeddable":true,"href":"https:\/\/www.uta.cl\/index.php\/wp-json\/wp\/v2\/comments?post=74897"}],"version-history":[{"count":2,"href":"https:\/\/www.uta.cl\/index.php\/wp-json\/wp\/v2\/posts\/74897\/revisions"}],"predecessor-version":[{"id":74904,"href":"https:\/\/www.uta.cl\/index.php\/wp-json\/wp\/v2\/posts\/74897\/revisions\/74904"}],"wp:featuredmedia":[{"embeddable":true,"href":"https:\/\/www.uta.cl\/index.php\/wp-json\/wp\/v2\/media\/74901"}],"wp:attachment":[{"href":"https:\/\/www.uta.cl\/index.php\/wp-json\/wp\/v2\/media?parent=74897"}],"wp:term":[{"taxonomy":"category","embeddable":true,"href":"https:\/\/www.uta.cl\/index.php\/wp-json\/wp\/v2\/categories?post=74897"},{"taxonomy":"post_tag","embeddable":true,"href":"https:\/\/www.uta.cl\/index.php\/wp-json\/wp\/v2\/tags?post=74897"}],"curies":[{"name":"wp","href":"https:\/\/api.w.org\/{rel}","templated":true}]}}