{"id":72994,"date":"2026-04-30T01:07:00","date_gmt":"2026-04-30T01:07:00","guid":{"rendered":"https:\/\/www.uta.cl\/?p=72994"},"modified":"2026-05-02T01:33:43","modified_gmt":"2026-05-02T01:33:43","slug":"rector-en-inauguracion-del-ano-academico-2026-esta-es-una-institucion-que-crea-riqueza-academica-pero-tambien-genera-un-aumento-patrimonial-para-el-estado-de-chile","status":"publish","type":"post","link":"https:\/\/www.uta.cl\/index.php\/2026\/04\/30\/rector-en-inauguracion-del-ano-academico-2026-esta-es-una-institucion-que-crea-riqueza-academica-pero-tambien-genera-un-aumento-patrimonial-para-el-estado-de-chile\/","title":{"rendered":"Rector en Inauguraci\u00f3n del A\u00f1o Acad\u00e9mico 2026: \u201cEsta es una instituci\u00f3n que crea riqueza acad\u00e9mica, pero tambi\u00e9n genera un aumento patrimonial para el Estado de Chile\u201d"},"content":{"rendered":"\n<div class=\"wp-block-image\"><figure class=\"aligncenter size-large is-resized\"><img loading=\"lazy\" src=\"https:\/\/www.uta.cl\/wp-content\/uploads\/2026\/05\/IMG_20260430_113807_1-1024x768.jpg\" alt=\"\" class=\"wp-image-72995\" width=\"606\" height=\"454\" srcset=\"https:\/\/www.uta.cl\/wp-content\/uploads\/2026\/05\/IMG_20260430_113807_1-1024x768.jpg 1024w, https:\/\/www.uta.cl\/wp-content\/uploads\/2026\/05\/IMG_20260430_113807_1-300x225.jpg 300w, https:\/\/www.uta.cl\/wp-content\/uploads\/2026\/05\/IMG_20260430_113807_1-768x576.jpg 768w, https:\/\/www.uta.cl\/wp-content\/uploads\/2026\/05\/IMG_20260430_113807_1-1536x1152.jpg 1536w, https:\/\/www.uta.cl\/wp-content\/uploads\/2026\/05\/IMG_20260430_113807_1-2048x1536.jpg 2048w\" sizes=\"(max-width: 606px) 100vw, 606px\" \/><\/figure><\/div>\n\n\n\n<p>Ante la presencia de autoridades regionales, institucionales y la comunidad universitaria, la Universidad de Tarapac\u00e1 dio inicio a un nuevo a\u00f1o acad\u00e9mico con una ceremonia realizada en el Aula Magna del Campus Vel\u00e1squez, actividad que fue presidida por el rector, Dr. Emilio Rodr\u00edguez Ponce. La instancia tuvo un car\u00e1cter especialmente significativo, ya que se trata de la \u00faltima inauguraci\u00f3n encabezada por la actual autoridad antes del traspaso del cargo a la rectora electa, Dra. Jenniffer Peralta Montecinos.<\/p>\n\n\n\n<p>\u201cEsta es una universidad que se ha construido colectivamente con el aporte de much\u00edsimas personas dentro de la instituci\u00f3n y fuera de la instituci\u00f3n. Hoy estamos llegando a un punto donde hemos logrado el desarrollo que acad\u00e9mica, administrativa y financieramente, podemos considerar como el m\u00e1ximo que hemos conseguido durante nuestra historia, a\u00fan cuando partimos de una condici\u00f3n bastante precaria\u201d, se\u00f1al\u00f3 el rector Rodr\u00edguez.<\/p>\n\n\n\n<div class=\"wp-block-image\"><figure class=\"aligncenter size-large is-resized\"><img loading=\"lazy\" src=\"https:\/\/www.uta.cl\/wp-content\/uploads\/2026\/05\/IMG_20260430_114209-1024x768.jpg\" alt=\"\" class=\"wp-image-72996\" width=\"544\" height=\"408\" srcset=\"https:\/\/www.uta.cl\/wp-content\/uploads\/2026\/05\/IMG_20260430_114209-1024x768.jpg 1024w, https:\/\/www.uta.cl\/wp-content\/uploads\/2026\/05\/IMG_20260430_114209-300x225.jpg 300w, https:\/\/www.uta.cl\/wp-content\/uploads\/2026\/05\/IMG_20260430_114209-768x576.jpg 768w, https:\/\/www.uta.cl\/wp-content\/uploads\/2026\/05\/IMG_20260430_114209-1536x1152.jpg 1536w, https:\/\/www.uta.cl\/wp-content\/uploads\/2026\/05\/IMG_20260430_114209-2048x1536.jpg 2048w\" sizes=\"(max-width: 544px) 100vw, 544px\" \/><\/figure><\/div>\n\n\n\n<p>Y es que durante sus palabras iniciales, la m\u00e1xima autoridad universitaria dio cuenta del contexto financiero en el cual se fund\u00f3 la universidad y el estado actual que la ha llevado a estar entre las cinco universidades con mayor patrimonio del pa\u00eds: \u201cEsta universidad que parti\u00f3 con menos de 3 millones de d\u00f3lares en patrimonio, va a llegar a 370 millones de d\u00f3lares de patrimonio con datos al 31 de diciembre del a\u00f1o pasado. Entonces esta es una instituci\u00f3n p\u00fablica que crea riqueza acad\u00e9mica, pero tambi\u00e9n genera un aumento patrimonial para el Estado de Chile\u201d.<\/p>\n\n\n\n<p>Es as\u00ed como tambi\u00e9n destac\u00f3 que este crecimiento se ha visto reflejado en rankings internacionales de alto prestigio en investigaci\u00f3n, donde la universidad se ha posicionado como la 8\u00ba del pa\u00eds en Nature Index 2025 y 3\u00ba a nivel nacional en Times Higher Education 2026, en este \u00faltimo, siendo superada \u00fanicamente por la Pontificia Universidad Cat\u00f3lica de Chile y la Universidad de Chile: \u201cNosotros, aqu\u00ed, en Arica y Parinacota y Tarapac\u00e1, jugamos en primera divisi\u00f3n. Estamos en la liga m\u00e1s competitiva del sistema chileno en los datos reales\u201d.<\/p>\n\n\n\n<p><strong>Hospital de Alta Complejidad como obra prioritaria para la regi\u00f3n<\/strong><\/p>\n\n\n\n<p>Este a\u00f1o, la tradicional clase magistral que da inicio formal a las actividades acad\u00e9micas de la casa de estudios tuvo un importante foco en el desarrollo de mejores condiciones de salud para la regi\u00f3n con la exposici\u00f3n \u201cEstrategia para Mejorar la Salud de Arica: Una propuesta que Avanza\u201d dictada por el senador Dr. Enrique Lee Flores, donde se subray\u00f3 la necesidad de contar con un Hospital de Alta Complejidad, siendo esta una obra prioritaria en el informe de la comisi\u00f3n presidencial \u201cArica 100\u201d.<\/p>\n\n\n\n<p>Durante la charla, el tambi\u00e9n presidente de la Comisi\u00f3n de Zonas Extremas y Ant\u00e1rtica Chilena explic\u00f3 que \u201csi nuestro problema (regional) es la falta de especialistas, d\u00e9jenme decirles que ning\u00fan especialista que se aprecie como tal, va a ir a trabajar a un hospital de mediana complejidad, no lo vamos a poder traer, los especialistas tambi\u00e9n quieren desarrollo profesional y eso solo se da en los hospitales de alta complejidad\u201d.<\/p>\n\n\n\n<div class=\"wp-block-image\"><figure class=\"aligncenter size-large is-resized\"><img loading=\"lazy\" src=\"https:\/\/www.uta.cl\/wp-content\/uploads\/2026\/05\/IMG_20260430_121720-1024x768.jpg\" alt=\"\" class=\"wp-image-72997\" width=\"567\" height=\"426\" srcset=\"https:\/\/www.uta.cl\/wp-content\/uploads\/2026\/05\/IMG_20260430_121720-1024x768.jpg 1024w, https:\/\/www.uta.cl\/wp-content\/uploads\/2026\/05\/IMG_20260430_121720-300x225.jpg 300w, https:\/\/www.uta.cl\/wp-content\/uploads\/2026\/05\/IMG_20260430_121720-768x576.jpg 768w, https:\/\/www.uta.cl\/wp-content\/uploads\/2026\/05\/IMG_20260430_121720-1536x1152.jpg 1536w, https:\/\/www.uta.cl\/wp-content\/uploads\/2026\/05\/IMG_20260430_121720-2048x1536.jpg 2048w\" sizes=\"(max-width: 567px) 100vw, 567px\" \/><\/figure><\/div>\n\n\n\n<p>A lo largo de la exposici\u00f3n, el senador Lee dio cuenta de un conjunto de propuestas para mejorar la salud en la regi\u00f3n sobre la base de cuatro pilares fundamentales: Infraestructura y Equipamiento, Formaci\u00f3n de Especialistas, Mejor Gesti\u00f3n, y Buen Trato. As\u00ed como tambi\u00e9n permiti\u00f3 proyectar un trabajo conjunto con el senador por la regi\u00f3n de O&#8217;Higgins y presidente de la Comisi\u00f3n de Salud, Dr. Juan Luis Castro, quien envi\u00f3 un saludo a la comunidad universitaria a trav\u00e9s de un video en la presentaci\u00f3n del senador Lee.<\/p>\n\n\n\n<p>\u201cHay un enorme desaf\u00edo en la salud para Arica: tener especialistas que permitan resolver en Arica los problemas que tiene la poblaci\u00f3n, porque es una regi\u00f3n extrema, una regi\u00f3n que merece que la gente, en vez de trasladarse, pueda tener ah\u00ed todo el abanico de especialidades necesario\u201d, fue una de las problem\u00e1ticas planteadas por el senador Castro.<\/p>\n\n\n\n<div class=\"wp-block-image\"><figure class=\"aligncenter size-large is-resized\"><img loading=\"lazy\" src=\"https:\/\/www.uta.cl\/wp-content\/uploads\/2026\/05\/IMG_20260430_130845-1024x768.jpg\" alt=\"\" class=\"wp-image-72998\" width=\"573\" height=\"429\" srcset=\"https:\/\/www.uta.cl\/wp-content\/uploads\/2026\/05\/IMG_20260430_130845-1024x768.jpg 1024w, https:\/\/www.uta.cl\/wp-content\/uploads\/2026\/05\/IMG_20260430_130845-300x225.jpg 300w, https:\/\/www.uta.cl\/wp-content\/uploads\/2026\/05\/IMG_20260430_130845-768x576.jpg 768w, https:\/\/www.uta.cl\/wp-content\/uploads\/2026\/05\/IMG_20260430_130845-1536x1152.jpg 1536w, https:\/\/www.uta.cl\/wp-content\/uploads\/2026\/05\/IMG_20260430_130845-2048x1536.jpg 2048w\" sizes=\"(max-width: 573px) 100vw, 573px\" \/><figcaption>El senador Enrique Lee recibi\u00f3 la medalla &#8220;Distinci\u00f3n Universitaria&#8221; en m\u00e9rito a su aporte a la comunidad regional y nacional.<\/figcaption><\/figure><\/div>\n\n\n\n<p>En este sentido, el senador Lee destac\u00f3 el rol de la casa de estudios dentro de esta estrategia: \u201cLa Universidad de Tarapac\u00e1 ha sido un actor fundamental y un aliado de nuestro proyecto de mejoramiento integral de la salud en nuestra regi\u00f3n de Arica y Parinacota. El pilar de infraestructura y equipamiento, donde estamos proponiendo un nuevo hospital cl\u00ednico-docente para la regi\u00f3n, viene respaldado por la Comisi\u00f3n Arica 100 que fue presidida por el rector de la UTA, y su participaci\u00f3n fue fundamental para que en dicho informe aparezca esta idea\u201d.<\/p>\n\n\n\n<p>Asimismo, indic\u00f3 que \u201cen el pilar de Buen Trato, la Universidad pasa nuevamente a ser un aliado importante, porque nosotros queremos que los futuros m\u00e9dicos egresados de la UTA sean reconocidos en Chile entero y fuera del pa\u00eds, como m\u00e9dicos con buen trato, porque, como lo hemos dicho en la presentaci\u00f3n, no basta con el buen diagn\u00f3stico o con el tratamiento asociado a ese diagn\u00f3stico, porque si este no es entregado con un buen trato no puede considerarse atenci\u00f3n profesional\u201d.<\/p>\n\n\n\n<p>La ceremonia finaliz\u00f3 con unas palabras por parte de la vicerrectora Acad\u00e9mica y rectora electa, Dra. Jenniffer Peralta Montecinos, quien relev\u00f3 el rol formativo de la Universidad frente a estos requerimientos de salud: \u201cEs importante que nuestra formaci\u00f3n, tanto de especialistas como tambi\u00e9n en las carreras de pregrado, pueda nutrirse de esas necesidades que hoy d\u00eda tiene la regi\u00f3n. La prevalencia de distintas enfermedades, pero tambi\u00e9n el contexto de ser una universidad en una ciudad de zona extrema, hace que la especializaci\u00f3n y el sello de esa especializaci\u00f3n, tenga que trascender a las fronteras de la propia universidad\u201d.<\/p>\n\n\n\n<div class=\"wp-block-image\"><figure class=\"aligncenter size-large is-resized\"><img loading=\"lazy\" src=\"https:\/\/www.uta.cl\/wp-content\/uploads\/2026\/05\/IMG_20260430_134830_2-1024x768.jpg\" alt=\"\" class=\"wp-image-72999\" width=\"574\" height=\"431\" srcset=\"https:\/\/www.uta.cl\/wp-content\/uploads\/2026\/05\/IMG_20260430_134830_2-1024x768.jpg 1024w, https:\/\/www.uta.cl\/wp-content\/uploads\/2026\/05\/IMG_20260430_134830_2-300x225.jpg 300w, https:\/\/www.uta.cl\/wp-content\/uploads\/2026\/05\/IMG_20260430_134830_2-768x576.jpg 768w, https:\/\/www.uta.cl\/wp-content\/uploads\/2026\/05\/IMG_20260430_134830_2-1536x1152.jpg 1536w, https:\/\/www.uta.cl\/wp-content\/uploads\/2026\/05\/IMG_20260430_134830_2-2048x1536.jpg 2048w\" sizes=\"(max-width: 574px) 100vw, 574px\" \/><\/figure><\/div>\n","protected":false},"excerpt":{"rendered":"<p>La ceremonia tambi\u00e9n tuvo un importante foco en el desarrollo de mejores condiciones de salud para la regi\u00f3n con la charla magistral del senador Dr. Enrique Lee \u201cEstrategia para Mejorar la Salud de Arica: Una propuesta que Avanza\u201d, donde se enfatiz\u00f3 la necesidad de contar con un Hospital de Alta Complejidad, siendo esta una obra prioritaria en el informe de la comisi\u00f3n presidencial \u201cArica 100\u201d.<\/p>\n","protected":false},"author":13,"featured_media":72995,"comment_status":"open","ping_status":"open","sticky":false,"template":"","format":"standard","meta":[],"categories":[315,316],"tags":[],"_links":{"self":[{"href":"https:\/\/www.uta.cl\/index.php\/wp-json\/wp\/v2\/posts\/72994"}],"collection":[{"href":"https:\/\/www.uta.cl\/index.php\/wp-json\/wp\/v2\/posts"}],"about":[{"href":"https:\/\/www.uta.cl\/index.php\/wp-json\/wp\/v2\/types\/post"}],"author":[{"embeddable":true,"href":"https:\/\/www.uta.cl\/index.php\/wp-json\/wp\/v2\/users\/13"}],"replies":[{"embeddable":true,"href":"https:\/\/www.uta.cl\/index.php\/wp-json\/wp\/v2\/comments?post=72994"}],"version-history":[{"count":2,"href":"https:\/\/www.uta.cl\/index.php\/wp-json\/wp\/v2\/posts\/72994\/revisions"}],"predecessor-version":[{"id":73002,"href":"https:\/\/www.uta.cl\/index.php\/wp-json\/wp\/v2\/posts\/72994\/revisions\/73002"}],"wp:featuredmedia":[{"embeddable":true,"href":"https:\/\/www.uta.cl\/index.php\/wp-json\/wp\/v2\/media\/72995"}],"wp:attachment":[{"href":"https:\/\/www.uta.cl\/index.php\/wp-json\/wp\/v2\/media?parent=72994"}],"wp:term":[{"taxonomy":"category","embeddable":true,"href":"https:\/\/www.uta.cl\/index.php\/wp-json\/wp\/v2\/categories?post=72994"},{"taxonomy":"post_tag","embeddable":true,"href":"https:\/\/www.uta.cl\/index.php\/wp-json\/wp\/v2\/tags?post=72994"}],"curies":[{"name":"wp","href":"https:\/\/api.w.org\/{rel}","templated":true}]}}