{"id":72987,"date":"2026-04-29T23:29:23","date_gmt":"2026-04-29T23:29:23","guid":{"rendered":"https:\/\/www.uta.cl\/?p=72987"},"modified":"2026-04-29T23:29:30","modified_gmt":"2026-04-29T23:29:30","slug":"facultad-de-medicina-y-autoridades-universitarias-sostuvieron-reunion-con-ministra-de-salud-may-chomali","status":"publish","type":"post","link":"https:\/\/www.uta.cl\/index.php\/2026\/04\/29\/facultad-de-medicina-y-autoridades-universitarias-sostuvieron-reunion-con-ministra-de-salud-may-chomali\/","title":{"rendered":"Facultad de Medicina y autoridades universitarias sostuvieron reuni\u00f3n con ministra de Salud May Chomali"},"content":{"rendered":"\n<div class=\"wp-block-image\"><figure class=\"aligncenter size-large is-resized\"><img loading=\"lazy\" src=\"https:\/\/www.uta.cl\/wp-content\/uploads\/2026\/04\/Ministrasalud20264-1024x768.jpg\" alt=\"\" class=\"wp-image-72988\" width=\"636\" height=\"477\" srcset=\"https:\/\/www.uta.cl\/wp-content\/uploads\/2026\/04\/Ministrasalud20264-1024x768.jpg 1024w, https:\/\/www.uta.cl\/wp-content\/uploads\/2026\/04\/Ministrasalud20264-300x225.jpg 300w, https:\/\/www.uta.cl\/wp-content\/uploads\/2026\/04\/Ministrasalud20264-768x576.jpg 768w, https:\/\/www.uta.cl\/wp-content\/uploads\/2026\/04\/Ministrasalud20264.jpg 1276w\" sizes=\"(max-width: 636px) 100vw, 636px\" \/><\/figure><\/div>\n\n\n\n<p>En el contexto de la visita a la regi\u00f3n de Arica y Parinacota por parte de la ministra de Salud, May Chomali Garib, la autoridad nacional sostuvo una reuni\u00f3n con autoridades regionales, universitarias y de la Facultad de Medicina de la Universidad de Tarapac\u00e1 (UTA), en la que se compartieron expectativas conjuntas respecto al rol de la casa de estudio en la regi\u00f3n.<\/p>\n\n\n\n<p>\u201cEn la visita con la ministra de salud, revisamos distintos temas que tienen que ver con las necesidades de atenci\u00f3n de salud en la regi\u00f3n y en las distintas comunas y nuestro rol como formadores de profesionales del \u00e1rea de la salud, nuestra proyecci\u00f3n en la formaci\u00f3n de especialidades m\u00e9dicas, evaluaron particularmente muy bien el rol que estamos haciendo en la colaboraci\u00f3n con los CESFAM y todo el buen uso que hacemos de los campos cl\u00ednicos. Dejamos planteadas nuestras necesidades de colaboraci\u00f3n con el Ministerio de Salud a trav\u00e9s de la Seremi y a trav\u00e9s del Servicio de Salud, para seguir avanzando, no solamente en la formaci\u00f3n de pregrado, tanto en las carreras de salud como en medicina, sino que tambi\u00e9n en el postgrado y esto es a trav\u00e9s de las especialidades m\u00e9dicas\u201d, manifest\u00f3 la vicerrectora Acad\u00e9mica y rectora electa de la UTA, Jenniffer Peralta Montecinos.<\/p>\n\n\n\n<p>La reuni\u00f3n se llev\u00f3 a cabo en la Delegaci\u00f3n Presidencial Regional de Arica y Parinacota y tambi\u00e9n cont\u00f3 con la presencia del rector de la UTA, Emilio Rodr\u00edguez Ponce; la subsecretaria de Salud P\u00fablica, Alejandra Pizarro Ib\u00e1\u00f1ez; el senador de Arica y Parinacota, Enrique Lee Flores; la seremi de Salud, Karla Kepec \u00c1lvarez; el subdirector de Gesti\u00f3n Asistencial del Servicio de Salud, Jorge Becerra Tapia; la decana de la Facultad de Medicina de la UTA, Andrea Larrazabal Miranda; y representantes del Hospital y del Gobierno Regional.<\/p>\n\n\n\n<p>En este sentido, Jenniffer Peralta destac\u00f3 las colaboraciones presentes y futuras para impulsar la formaci\u00f3n de especialistas en la regi\u00f3n: \u201cEspecialistas m\u00e9dicos, sin duda, pero tambi\u00e9n hay otras \u00e1reas de especialidad en distintos \u00e1mbitos profesionales de la salud. Por ejemplo, se proyecta la apertura del Centro de Oncolog\u00eda y necesitamos onc\u00f3logos, sin duda, pero tambi\u00e9n necesitamos enfermeros y enfermeras con especialidad en oncolog\u00eda, as\u00ed como nutricionistas y kinesi\u00f3logos con esa especialidad\u201d.<\/p>\n","protected":false},"excerpt":{"rendered":"<p>Respecto a la visita, la rectora electa, Jenniffer Peralta, destac\u00f3 la disposici\u00f3n del Ministerio a colaborar en el desarrollo de especialidades m\u00e9dicas para la regi\u00f3n y el inter\u00e9s demostrado por la cartera del rol que ha cumplido la casa de estudios en esta materia. <\/p>\n","protected":false},"author":13,"featured_media":72988,"comment_status":"open","ping_status":"open","sticky":false,"template":"","format":"standard","meta":[],"categories":[315,316],"tags":[],"_links":{"self":[{"href":"https:\/\/www.uta.cl\/index.php\/wp-json\/wp\/v2\/posts\/72987"}],"collection":[{"href":"https:\/\/www.uta.cl\/index.php\/wp-json\/wp\/v2\/posts"}],"about":[{"href":"https:\/\/www.uta.cl\/index.php\/wp-json\/wp\/v2\/types\/post"}],"author":[{"embeddable":true,"href":"https:\/\/www.uta.cl\/index.php\/wp-json\/wp\/v2\/users\/13"}],"replies":[{"embeddable":true,"href":"https:\/\/www.uta.cl\/index.php\/wp-json\/wp\/v2\/comments?post=72987"}],"version-history":[{"count":1,"href":"https:\/\/www.uta.cl\/index.php\/wp-json\/wp\/v2\/posts\/72987\/revisions"}],"predecessor-version":[{"id":72989,"href":"https:\/\/www.uta.cl\/index.php\/wp-json\/wp\/v2\/posts\/72987\/revisions\/72989"}],"wp:featuredmedia":[{"embeddable":true,"href":"https:\/\/www.uta.cl\/index.php\/wp-json\/wp\/v2\/media\/72988"}],"wp:attachment":[{"href":"https:\/\/www.uta.cl\/index.php\/wp-json\/wp\/v2\/media?parent=72987"}],"wp:term":[{"taxonomy":"category","embeddable":true,"href":"https:\/\/www.uta.cl\/index.php\/wp-json\/wp\/v2\/categories?post=72987"},{"taxonomy":"post_tag","embeddable":true,"href":"https:\/\/www.uta.cl\/index.php\/wp-json\/wp\/v2\/tags?post=72987"}],"curies":[{"name":"wp","href":"https:\/\/api.w.org\/{rel}","templated":true}]}}