{"id":72980,"date":"2026-04-29T21:14:53","date_gmt":"2026-04-29T21:14:53","guid":{"rendered":"https:\/\/www.uta.cl\/?p=72980"},"modified":"2026-04-29T21:15:03","modified_gmt":"2026-04-29T21:15:03","slug":"vicerrectora-academica-de-la-uta-se-reunio-con-alcalde-de-arica-para-generar-acciones-conjuntas-en-beneficio-de-la-comunidad-de-arica","status":"publish","type":"post","link":"https:\/\/www.uta.cl\/index.php\/2026\/04\/29\/vicerrectora-academica-de-la-uta-se-reunio-con-alcalde-de-arica-para-generar-acciones-conjuntas-en-beneficio-de-la-comunidad-de-arica\/","title":{"rendered":"Vicerrectora Acad\u00e9mica de la UTA se reuni\u00f3 con Alcalde de Arica para generar acciones conjuntas en beneficio de la comunidad de Arica"},"content":{"rendered":"\n<p>La Vicerrectora Acad\u00e9mica y rectora electa,&nbsp;Dra. Jenniffer Peralta Montecinos, sostuvo una reuni\u00f3n con el alcalde de Arica,&nbsp;Orlando Vargas, en el marco de la proyecci\u00f3n de un convenio de colaboraci\u00f3n interinstitucional que busca articular las misiones de ambas entidades al servicio de la comunidad.<\/p>\n\n\n\n<p>El encuentro permiti\u00f3 identificar \u00e1reas estrat\u00e9gicas de trabajo conjunto orientadas al desarrollo integral de la regi\u00f3n y la comuna, entre las que destacan: Desarrollo social, cultura y deporte, educaci\u00f3n y necesidades comunitarias.<\/p>\n\n\n\n<p>Durante la vista, el edil entreg\u00f3 sus saludos al rector de la Universidad de Tarapac\u00e1, Dr. Emilio Rodr\u00edguez Ponce, instancia en la cual la m\u00e1xima autoridad universitaria entreg\u00f3 lineamientos para fortalecer el trabajo conjunto entre la Uta y la Municipalidad de Arica.&nbsp;<\/p>\n\n\n\n<p>Como resultado de la reuni\u00f3n, se definieron algunas iniciativas de acciones conjuntas fortaleciendo el v\u00ednculo entre ambas entidades en beneficio del desarrollo regional.<\/p>\n\n\n\n<figure class=\"wp-block-gallery columns-3 is-cropped\"><ul class=\"blocks-gallery-grid\"><li class=\"blocks-gallery-item\"><figure><a href=\"https:\/\/www.uta.cl\/wp-content\/uploads\/2026\/04\/11-2.jpeg\"><img loading=\"lazy\" width=\"1024\" height=\"768\" src=\"https:\/\/www.uta.cl\/wp-content\/uploads\/2026\/04\/11-2-1024x768.jpeg\" alt=\"\" data-id=\"72983\" data-full-url=\"https:\/\/www.uta.cl\/wp-content\/uploads\/2026\/04\/11-2.jpeg\" data-link=\"https:\/\/www.uta.cl\/?attachment_id=72983\" class=\"wp-image-72983\" srcset=\"https:\/\/www.uta.cl\/wp-content\/uploads\/2026\/04\/11-2-1024x768.jpeg 1024w, https:\/\/www.uta.cl\/wp-content\/uploads\/2026\/04\/11-2-300x225.jpeg 300w, https:\/\/www.uta.cl\/wp-content\/uploads\/2026\/04\/11-2-768x576.jpeg 768w, https:\/\/www.uta.cl\/wp-content\/uploads\/2026\/04\/11-2.jpeg 1280w\" sizes=\"(max-width: 1024px) 100vw, 1024px\" \/><\/a><\/figure><\/li><li class=\"blocks-gallery-item\"><figure><a href=\"https:\/\/www.uta.cl\/wp-content\/uploads\/2026\/04\/23-1.jpeg\"><img loading=\"lazy\" width=\"1024\" height=\"768\" src=\"https:\/\/www.uta.cl\/wp-content\/uploads\/2026\/04\/23-1-1024x768.jpeg\" alt=\"\" data-id=\"72984\" data-full-url=\"https:\/\/www.uta.cl\/wp-content\/uploads\/2026\/04\/23-1.jpeg\" data-link=\"https:\/\/www.uta.cl\/?attachment_id=72984\" class=\"wp-image-72984\" srcset=\"https:\/\/www.uta.cl\/wp-content\/uploads\/2026\/04\/23-1-1024x768.jpeg 1024w, https:\/\/www.uta.cl\/wp-content\/uploads\/2026\/04\/23-1-300x225.jpeg 300w, https:\/\/www.uta.cl\/wp-content\/uploads\/2026\/04\/23-1-768x576.jpeg 768w, https:\/\/www.uta.cl\/wp-content\/uploads\/2026\/04\/23-1.jpeg 1280w\" sizes=\"(max-width: 1024px) 100vw, 1024px\" \/><\/a><\/figure><\/li><li class=\"blocks-gallery-item\"><figure><a href=\"https:\/\/www.uta.cl\/wp-content\/uploads\/2026\/04\/foto-central-3.jpeg\"><img loading=\"lazy\" width=\"1024\" height=\"768\" src=\"https:\/\/www.uta.cl\/wp-content\/uploads\/2026\/04\/foto-central-3-1024x768.jpeg\" alt=\"\" data-id=\"72985\" data-full-url=\"https:\/\/www.uta.cl\/wp-content\/uploads\/2026\/04\/foto-central-3.jpeg\" data-link=\"https:\/\/www.uta.cl\/?attachment_id=72985\" class=\"wp-image-72985\" srcset=\"https:\/\/www.uta.cl\/wp-content\/uploads\/2026\/04\/foto-central-3-1024x768.jpeg 1024w, https:\/\/www.uta.cl\/wp-content\/uploads\/2026\/04\/foto-central-3-300x225.jpeg 300w, https:\/\/www.uta.cl\/wp-content\/uploads\/2026\/04\/foto-central-3-768x576.jpeg 768w, https:\/\/www.uta.cl\/wp-content\/uploads\/2026\/04\/foto-central-3.jpeg 1280w\" sizes=\"(max-width: 1024px) 100vw, 1024px\" \/><\/a><\/figure><\/li><li class=\"blocks-gallery-item\"><figure><a href=\"https:\/\/www.uta.cl\/wp-content\/uploads\/2026\/04\/8-3.jpeg\"><img loading=\"lazy\" width=\"1024\" height=\"768\" src=\"https:\/\/www.uta.cl\/wp-content\/uploads\/2026\/04\/8-3-1024x768.jpeg\" alt=\"\" data-id=\"72982\" data-full-url=\"https:\/\/www.uta.cl\/wp-content\/uploads\/2026\/04\/8-3.jpeg\" data-link=\"https:\/\/www.uta.cl\/?attachment_id=72982\" class=\"wp-image-72982\" srcset=\"https:\/\/www.uta.cl\/wp-content\/uploads\/2026\/04\/8-3-1024x768.jpeg 1024w, https:\/\/www.uta.cl\/wp-content\/uploads\/2026\/04\/8-3-300x225.jpeg 300w, https:\/\/www.uta.cl\/wp-content\/uploads\/2026\/04\/8-3-768x576.jpeg 768w, https:\/\/www.uta.cl\/wp-content\/uploads\/2026\/04\/8-3.jpeg 1280w\" sizes=\"(max-width: 1024px) 100vw, 1024px\" \/><\/a><\/figure><\/li><\/ul><\/figure>\n","protected":false},"excerpt":{"rendered":"<p>La Vicerrectora Acad\u00e9mica y rectora electa,&nbsp;Dra. Jenniffer Peralta Montecinos, sostuvo una reuni\u00f3n con el alcalde de Arica,&nbsp;Orlando Vargas, en el marco de la proyecci\u00f3n de un convenio de colaboraci\u00f3n interinstitucional que busca articular las misiones de ambas entidades al servicio de la comunidad. El encuentro permiti\u00f3 identificar \u00e1reas estrat\u00e9gicas de trabajo conjunto orientadas al desarrollo [&hellip;]<\/p>\n","protected":false},"author":13,"featured_media":72985,"comment_status":"open","ping_status":"open","sticky":false,"template":"","format":"standard","meta":[],"categories":[318],"tags":[],"_links":{"self":[{"href":"https:\/\/www.uta.cl\/index.php\/wp-json\/wp\/v2\/posts\/72980"}],"collection":[{"href":"https:\/\/www.uta.cl\/index.php\/wp-json\/wp\/v2\/posts"}],"about":[{"href":"https:\/\/www.uta.cl\/index.php\/wp-json\/wp\/v2\/types\/post"}],"author":[{"embeddable":true,"href":"https:\/\/www.uta.cl\/index.php\/wp-json\/wp\/v2\/users\/13"}],"replies":[{"embeddable":true,"href":"https:\/\/www.uta.cl\/index.php\/wp-json\/wp\/v2\/comments?post=72980"}],"version-history":[{"count":1,"href":"https:\/\/www.uta.cl\/index.php\/wp-json\/wp\/v2\/posts\/72980\/revisions"}],"predecessor-version":[{"id":72986,"href":"https:\/\/www.uta.cl\/index.php\/wp-json\/wp\/v2\/posts\/72980\/revisions\/72986"}],"wp:featuredmedia":[{"embeddable":true,"href":"https:\/\/www.uta.cl\/index.php\/wp-json\/wp\/v2\/media\/72985"}],"wp:attachment":[{"href":"https:\/\/www.uta.cl\/index.php\/wp-json\/wp\/v2\/media?parent=72980"}],"wp:term":[{"taxonomy":"category","embeddable":true,"href":"https:\/\/www.uta.cl\/index.php\/wp-json\/wp\/v2\/categories?post=72980"},{"taxonomy":"post_tag","embeddable":true,"href":"https:\/\/www.uta.cl\/index.php\/wp-json\/wp\/v2\/tags?post=72980"}],"curies":[{"name":"wp","href":"https:\/\/api.w.org\/{rel}","templated":true}]}}