{"id":72940,"date":"2026-04-29T15:48:20","date_gmt":"2026-04-29T15:48:20","guid":{"rendered":"https:\/\/www.uta.cl\/?p=72940"},"modified":"2026-04-29T15:48:28","modified_gmt":"2026-04-29T15:48:28","slug":"diplomado-para-fortalecer-el-liderazgo-educativo-en-el-territorio-fue-inaugurado-en-la-utarapaca","status":"publish","type":"post","link":"https:\/\/www.uta.cl\/index.php\/2026\/04\/29\/diplomado-para-fortalecer-el-liderazgo-educativo-en-el-territorio-fue-inaugurado-en-la-utarapaca\/","title":{"rendered":"Diplomado para fortalecer el liderazgo educativo en el territorio fue inaugurado en la UTarapac\u00e1"},"content":{"rendered":"\n<div class=\"wp-block-image\"><figure class=\"aligncenter size-large is-resized\"><img loading=\"lazy\" src=\"https:\/\/www.uta.cl\/wp-content\/uploads\/2026\/04\/IMG_20260424_093132-1024x768.jpg\" alt=\"\" class=\"wp-image-72950\" width=\"625\" height=\"469\" srcset=\"https:\/\/www.uta.cl\/wp-content\/uploads\/2026\/04\/IMG_20260424_093132-1024x768.jpg 1024w, https:\/\/www.uta.cl\/wp-content\/uploads\/2026\/04\/IMG_20260424_093132-300x225.jpg 300w, https:\/\/www.uta.cl\/wp-content\/uploads\/2026\/04\/IMG_20260424_093132-768x576.jpg 768w, https:\/\/www.uta.cl\/wp-content\/uploads\/2026\/04\/IMG_20260424_093132-1536x1152.jpg 1536w, https:\/\/www.uta.cl\/wp-content\/uploads\/2026\/04\/IMG_20260424_093132-2048x1536.jpg 2048w\" sizes=\"(max-width: 625px) 100vw, 625px\" \/><\/figure><\/div>\n\n\n\n<p>Con la participaci\u00f3n de 35 l\u00edderes intermedios del sistema educativo, profesionales que acompa\u00f1an y orientan el trabajo de las escuelas desde los servicios locales, municipios y equipos directivos, se realiz\u00f3 en Arica la jornada inaugural del Diplomado en Liderazgo Intermedio para la Sostenibilidad Educativa, instancia que cont\u00f3 con la exposici\u00f3n de la Dra. Claudia Romero, acad\u00e9mica de la Universidad Torcuato Di Tella, Argentina, y referente internacional en liderazgo educativo.<\/p>\n\n\n\n<p>La actividad, se desarroll\u00f3 en la Universidad de Tarapac\u00e1 (UTA), dando inicio a un proceso formativo orientado a fortalecer capacidades para la mejora de los aprendizajes y el desarrollo educativo en los territorios. \u201cEl liderazgo y la capacidad de innovar en la ense\u00f1anza generan cambios reales en la calidad educativa. Chile puede mejorar en educaci\u00f3n, y eso requiere liderazgo, convicci\u00f3n y formaci\u00f3n de buenos profesores\u201d destac\u00f3 el rector de la UTA, Emilio Rodr\u00edguez.<\/p>\n\n\n\n<div class=\"wp-block-image\"><figure class=\"aligncenter size-large is-resized\"><img loading=\"lazy\" src=\"https:\/\/www.uta.cl\/wp-content\/uploads\/2026\/04\/IMG_20260424_093221-1024x768.jpg\" alt=\"\" class=\"wp-image-72973\" width=\"557\" height=\"418\" srcset=\"https:\/\/www.uta.cl\/wp-content\/uploads\/2026\/04\/IMG_20260424_093221-1024x768.jpg 1024w, https:\/\/www.uta.cl\/wp-content\/uploads\/2026\/04\/IMG_20260424_093221-300x225.jpg 300w, https:\/\/www.uta.cl\/wp-content\/uploads\/2026\/04\/IMG_20260424_093221-768x576.jpg 768w, https:\/\/www.uta.cl\/wp-content\/uploads\/2026\/04\/IMG_20260424_093221-1536x1152.jpg 1536w, https:\/\/www.uta.cl\/wp-content\/uploads\/2026\/04\/IMG_20260424_093221-2048x1536.jpg 2048w\" sizes=\"(max-width: 557px) 100vw, 557px\" \/><\/figure><\/div>\n\n\n\n<p>El diplomado es una iniciativa de &#8220;Lidera Innovar&#8221;, un proyecto impulsado por el Centro de Innovaci\u00f3n en Liderazgo Educativo (CILED) de la Universidad del Desarrollo, en consorcio con la UTA, la Universidad de La Serena, INACAP y la Fundaci\u00f3n S\u00famate del Hogar de Cristo, y financiado por el Ministerio de Educaci\u00f3n.<\/p>\n\n\n\n<p>La directora de Lidera Innovar de la UDD, Soledad Ort\u00fazar, subray\u00f3 el prop\u00f3sito de la iniciativa: \u201cCreemos profundamente en el impacto que estos l\u00edderes tienen en las trayectorias de sus estudiantes, sus familias y sus territorios\u201d.<\/p>\n\n\n\n<div class=\"wp-block-image\"><figure class=\"aligncenter size-large is-resized\"><img loading=\"lazy\" src=\"https:\/\/www.uta.cl\/wp-content\/uploads\/2026\/04\/IMG_20260424_093609-1024x768.jpg\" alt=\"\" class=\"wp-image-72967\" width=\"555\" height=\"417\" srcset=\"https:\/\/www.uta.cl\/wp-content\/uploads\/2026\/04\/IMG_20260424_093609-1024x768.jpg 1024w, https:\/\/www.uta.cl\/wp-content\/uploads\/2026\/04\/IMG_20260424_093609-300x225.jpg 300w, https:\/\/www.uta.cl\/wp-content\/uploads\/2026\/04\/IMG_20260424_093609-768x576.jpg 768w, https:\/\/www.uta.cl\/wp-content\/uploads\/2026\/04\/IMG_20260424_093609-1536x1152.jpg 1536w, https:\/\/www.uta.cl\/wp-content\/uploads\/2026\/04\/IMG_20260424_093609-2048x1536.jpg 2048w\" sizes=\"(max-width: 555px) 100vw, 555px\" \/><\/figure><\/div>\n\n\n\n<p>En esta l\u00ednea, el director del SLEP Chinchorro, relev\u00f3 el valor de estas instancias: \u201cEs una actividad particularmente relevante para la educaci\u00f3n p\u00fablica. Frente a desaf\u00edos como la violencia, nuestros directores han demostrado ser un tremendo activo pedag\u00f3gico, y este tipo de experiencias contribuye a seguir fortaleciendo ese trabajo\u201d.<\/p>\n\n\n\n<div class=\"wp-block-image\"><figure class=\"aligncenter size-large is-resized\"><img loading=\"lazy\" src=\"https:\/\/www.uta.cl\/wp-content\/uploads\/2026\/04\/IMG_20260424_095108_1-1024x768.jpg\" alt=\"\" class=\"wp-image-72944\" width=\"552\" height=\"414\" srcset=\"https:\/\/www.uta.cl\/wp-content\/uploads\/2026\/04\/IMG_20260424_095108_1-1024x768.jpg 1024w, https:\/\/www.uta.cl\/wp-content\/uploads\/2026\/04\/IMG_20260424_095108_1-300x225.jpg 300w, https:\/\/www.uta.cl\/wp-content\/uploads\/2026\/04\/IMG_20260424_095108_1-768x576.jpg 768w, https:\/\/www.uta.cl\/wp-content\/uploads\/2026\/04\/IMG_20260424_095108_1-1536x1152.jpg 1536w, https:\/\/www.uta.cl\/wp-content\/uploads\/2026\/04\/IMG_20260424_095108_1-2048x1536.jpg 2048w\" sizes=\"(max-width: 552px) 100vw, 552px\" \/><\/figure><\/div>\n\n\n\n<p>Asimismo, el director de investigaci\u00f3n del Centro Lidera Innovar y acad\u00e9mico de la UTA, Francisco Ganga, agreg\u00f3: \u201cLa evidencia muestra que el liderazgo se puede desarrollar. Por eso, este trabajo combina formaci\u00f3n, acompa\u00f1amiento a las escuelas y generaci\u00f3n de conocimiento para mejorar las pr\u00e1cticas educativas\u201d.<\/p>\n\n\n\n<div class=\"wp-block-image\"><figure class=\"aligncenter size-large is-resized\"><img loading=\"lazy\" src=\"https:\/\/www.uta.cl\/wp-content\/uploads\/2026\/04\/IMG_20260424_095438-1024x768.jpg\" alt=\"\" class=\"wp-image-72943\" width=\"558\" height=\"419\" srcset=\"https:\/\/www.uta.cl\/wp-content\/uploads\/2026\/04\/IMG_20260424_095438-1024x768.jpg 1024w, https:\/\/www.uta.cl\/wp-content\/uploads\/2026\/04\/IMG_20260424_095438-300x225.jpg 300w, https:\/\/www.uta.cl\/wp-content\/uploads\/2026\/04\/IMG_20260424_095438-768x576.jpg 768w, https:\/\/www.uta.cl\/wp-content\/uploads\/2026\/04\/IMG_20260424_095438-1536x1152.jpg 1536w, https:\/\/www.uta.cl\/wp-content\/uploads\/2026\/04\/IMG_20260424_095438-2048x1536.jpg 2048w\" sizes=\"(max-width: 558px) 100vw, 558px\" \/><\/figure><\/div>\n\n\n\n<p>El programa se extender\u00e1 por m\u00e1s de siete meses, entre abril y diciembre de 2026 y contempla una modalidad mixta, con clases presenciales y online. Durante este proceso, los participantes trabajar\u00e1n en el fortalecimiento del liderazgo pedag\u00f3gico, el uso de datos para la toma de decisiones y el acompa\u00f1amiento a equipos directivos, con el objetivo de impactar directamente en los aprendizajes de los estudiantes.<\/p>\n\n\n\n<div class=\"wp-block-image\"><figure class=\"aligncenter size-large is-resized\"><img loading=\"lazy\" src=\"https:\/\/www.uta.cl\/wp-content\/uploads\/2026\/04\/IMG_20260424_122207-1024x768.jpg\" alt=\"\" class=\"wp-image-72976\" width=\"577\" height=\"433\" srcset=\"https:\/\/www.uta.cl\/wp-content\/uploads\/2026\/04\/IMG_20260424_122207-1024x768.jpg 1024w, https:\/\/www.uta.cl\/wp-content\/uploads\/2026\/04\/IMG_20260424_122207-300x225.jpg 300w, https:\/\/www.uta.cl\/wp-content\/uploads\/2026\/04\/IMG_20260424_122207-768x576.jpg 768w, https:\/\/www.uta.cl\/wp-content\/uploads\/2026\/04\/IMG_20260424_122207-1536x1152.jpg 1536w, https:\/\/www.uta.cl\/wp-content\/uploads\/2026\/04\/IMG_20260424_122207-2048x1536.jpg 2048w\" sizes=\"(max-width: 577px) 100vw, 577px\" \/><\/figure><\/div>\n","protected":false},"excerpt":{"rendered":"<p>El programa es una iniciativa de &#8220;Lidera Innovar&#8221;, un proyecto impulsado por el  Centro de Innovaci\u00f3n en Liderazgo Educativo (CILED) de la Universidad del Desarrollo, en consorcio con la Universidad de Tarapac\u00e1, la Universidad de La Serena, INACAP y la Fundaci\u00f3n S\u00famate del Hogar de Cristo, y financiado por el Ministerio de Educaci\u00f3n.<\/p>\n","protected":false},"author":13,"featured_media":72950,"comment_status":"open","ping_status":"open","sticky":false,"template":"","format":"standard","meta":[],"categories":[316,51],"tags":[],"_links":{"self":[{"href":"https:\/\/www.uta.cl\/index.php\/wp-json\/wp\/v2\/posts\/72940"}],"collection":[{"href":"https:\/\/www.uta.cl\/index.php\/wp-json\/wp\/v2\/posts"}],"about":[{"href":"https:\/\/www.uta.cl\/index.php\/wp-json\/wp\/v2\/types\/post"}],"author":[{"embeddable":true,"href":"https:\/\/www.uta.cl\/index.php\/wp-json\/wp\/v2\/users\/13"}],"replies":[{"embeddable":true,"href":"https:\/\/www.uta.cl\/index.php\/wp-json\/wp\/v2\/comments?post=72940"}],"version-history":[{"count":2,"href":"https:\/\/www.uta.cl\/index.php\/wp-json\/wp\/v2\/posts\/72940\/revisions"}],"predecessor-version":[{"id":72979,"href":"https:\/\/www.uta.cl\/index.php\/wp-json\/wp\/v2\/posts\/72940\/revisions\/72979"}],"wp:featuredmedia":[{"embeddable":true,"href":"https:\/\/www.uta.cl\/index.php\/wp-json\/wp\/v2\/media\/72950"}],"wp:attachment":[{"href":"https:\/\/www.uta.cl\/index.php\/wp-json\/wp\/v2\/media?parent=72940"}],"wp:term":[{"taxonomy":"category","embeddable":true,"href":"https:\/\/www.uta.cl\/index.php\/wp-json\/wp\/v2\/categories?post=72940"},{"taxonomy":"post_tag","embeddable":true,"href":"https:\/\/www.uta.cl\/index.php\/wp-json\/wp\/v2\/tags?post=72940"}],"curies":[{"name":"wp","href":"https:\/\/api.w.org\/{rel}","templated":true}]}}