{"id":72930,"date":"2026-04-28T00:36:00","date_gmt":"2026-04-28T00:36:00","guid":{"rendered":"https:\/\/www.uta.cl\/?p=72930"},"modified":"2026-04-29T00:37:19","modified_gmt":"2026-04-29T00:37:19","slug":"utarapaca-fue-sede-de-jornada-de-investigacion-interuniversitaria-sobre-violencia-de-genero-digital","status":"publish","type":"post","link":"https:\/\/www.uta.cl\/index.php\/2026\/04\/28\/utarapaca-fue-sede-de-jornada-de-investigacion-interuniversitaria-sobre-violencia-de-genero-digital\/","title":{"rendered":"UTarapac\u00e1 fue sede de jornada de investigaci\u00f3n interuniversitaria sobre violencia de g\u00e9nero digital"},"content":{"rendered":"\n<div class=\"wp-block-image\"><figure class=\"aligncenter size-large is-resized\"><img loading=\"lazy\" src=\"https:\/\/www.uta.cl\/wp-content\/uploads\/2026\/04\/IMG_20260328_203747-1024x768.jpg\" alt=\"\" class=\"wp-image-72934\" width=\"593\" height=\"445\" srcset=\"https:\/\/www.uta.cl\/wp-content\/uploads\/2026\/04\/IMG_20260328_203747-1024x768.jpg 1024w, https:\/\/www.uta.cl\/wp-content\/uploads\/2026\/04\/IMG_20260328_203747-300x225.jpg 300w, https:\/\/www.uta.cl\/wp-content\/uploads\/2026\/04\/IMG_20260328_203747-768x576.jpg 768w, https:\/\/www.uta.cl\/wp-content\/uploads\/2026\/04\/IMG_20260328_203747-1536x1152.jpg 1536w, https:\/\/www.uta.cl\/wp-content\/uploads\/2026\/04\/IMG_20260328_203747-2048x1536.jpg 2048w\" sizes=\"(max-width: 593px) 100vw, 593px\" \/><\/figure><\/div>\n\n\n\n<p>Durante dos jornadas realizadas en la Facultad de Educaci\u00f3n y Humanidades de la Universidad de Tarapac\u00e1 (UTA), se desarroll\u00f3 una actividad de charlas, talleres y diagn\u00f3stico asociada al proyecto \u201cViolencia de G\u00e9nero Digital a Migrantes en Chile\u201d, iniciativa interuniversitaria liderada por investigadoras del Grupo Tem\u00e1tico \u201cComunicaci\u00f3n, G\u00e9nero e Interculturalidad\u201d de la Asociaci\u00f3n Chilena de Investigadoras e Investigadores en Comunicaci\u00f3n (INCOM), con apoyo del Fondo Alquimia.\u00a0<\/p>\n\n\n\n<p>La actividad fue coordinada por las acad\u00e9micas de la Universidad Andr\u00e9s Bello, Dra. Nadia Herrada; de la Universidad del Desarrollo, Dra. Nairbis Sibrian; de la Universidad Alberto Hurtado, Mg. Carolina Rojas; y la Dra.(c) Rosa Gamarra como representante de la coordinaci\u00f3n desde la UTA.<\/p>\n\n\n\n<p>\u201cComo universidad anfitriona, para nosotros es un verdadero honor poder contar con las colegas de las universidades Alberto Hurtado, del Desarrollo y Andr\u00e9s Bello, y poder generar redes de colaboraci\u00f3n desde el \u00e1rea de las investigaciones que se realizan en tem\u00e1ticas de violencias digitales, teniendo como interseccionalidad el g\u00e9nero. Este es un espacio muy estudiado, cuidado y esperado, se ha trabajado con bastante antelaci\u00f3n y en el que confluyen, l\u00f3gicamente, mujeres, personas de disidencias sexuales, migrantes, estudiantes, funcionarios de distintos organismos estatales que han querido colaborar desde sus experiencias\u201d, comparti\u00f3 la Dra.(c) Gamarra.<\/p>\n\n\n\n<div class=\"wp-block-image\"><figure class=\"aligncenter size-large is-resized\"><img loading=\"lazy\" src=\"https:\/\/www.uta.cl\/wp-content\/uploads\/2026\/04\/IMG_20260328_203450-1024x768.jpg\" alt=\"\" class=\"wp-image-72932\" width=\"516\" height=\"387\" srcset=\"https:\/\/www.uta.cl\/wp-content\/uploads\/2026\/04\/IMG_20260328_203450-1024x768.jpg 1024w, https:\/\/www.uta.cl\/wp-content\/uploads\/2026\/04\/IMG_20260328_203450-300x225.jpg 300w, https:\/\/www.uta.cl\/wp-content\/uploads\/2026\/04\/IMG_20260328_203450-768x576.jpg 768w, https:\/\/www.uta.cl\/wp-content\/uploads\/2026\/04\/IMG_20260328_203450-1536x1152.jpg 1536w, https:\/\/www.uta.cl\/wp-content\/uploads\/2026\/04\/IMG_20260328_203450-2048x1536.jpg 2048w\" sizes=\"(max-width: 516px) 100vw, 516px\" \/><\/figure><\/div>\n\n\n\n<p>Durante las jornadas, las y los participantes rotaron por distintos espacios de trabajo que combinaron metodolog\u00edas cuantitativas, cualitativas y creativas. Entre ellas, la aplicaci\u00f3n de la encuesta nacional Silencios Digitales, grupos focales para discutir experiencias de violencia en entornos digitales y un taller de narrativas autobiogr\u00e1ficas.<\/p>\n\n\n\n<p>En este contexto, la Dra. Herrada explic\u00f3 que \u201clas violencias digitales de g\u00e9nero o violencia de g\u00e9nero facilitada por la tecnolog\u00eda, se reconoce como cualquier acto de violencia que se comete contra mujeres, ni\u00f1os y otras personas por su orientaci\u00f3n sexual, por su expresi\u00f3n de g\u00e9nero, y que ha sido cometido, asistido o amplificado por tecnolog\u00edas de la informaci\u00f3n y la comunicaci\u00f3n\u201d.<\/p>\n\n\n\n<p>Asimismo, la investigadora se\u00f1al\u00f3 que con estos insumos se busca generar estrategias para enfrentar este tipo de violencia: \u201cEs una problem\u00e1tica que nos afecta a todos, a todas, pero es una problem\u00e1tica muy silenciosa, de la que se conoce poco, de la que tenemos pocos datos y, justamente, este proyecto viene a visibilizar, a mapear, a diagnosticar todas estas violencias digitales de g\u00e9nero que estamos enfrentando y, adem\u00e1s, a proponer soluciones desde las mismas personas para transformar esa realidad\u201d.<\/p>\n\n\n\n<div class=\"wp-block-image\"><figure class=\"aligncenter size-large is-resized\"><img loading=\"lazy\" src=\"https:\/\/www.uta.cl\/wp-content\/uploads\/2026\/04\/IMG_20260328_203641-1024x768.jpg\" alt=\"\" class=\"wp-image-72931\" width=\"564\" height=\"423\" srcset=\"https:\/\/www.uta.cl\/wp-content\/uploads\/2026\/04\/IMG_20260328_203641-1024x768.jpg 1024w, https:\/\/www.uta.cl\/wp-content\/uploads\/2026\/04\/IMG_20260328_203641-300x225.jpg 300w, https:\/\/www.uta.cl\/wp-content\/uploads\/2026\/04\/IMG_20260328_203641-768x576.jpg 768w, https:\/\/www.uta.cl\/wp-content\/uploads\/2026\/04\/IMG_20260328_203641-1536x1152.jpg 1536w, https:\/\/www.uta.cl\/wp-content\/uploads\/2026\/04\/IMG_20260328_203641-2048x1536.jpg 2048w\" sizes=\"(max-width: 564px) 100vw, 564px\" \/><\/figure><\/div>\n\n\n\n<p>Por otro lado, la Dra. Nairbis Sibrian coment\u00f3 que esta iniciativa se vincula con la investigaci\u00f3n de su proyecto Fondecyt de Iniciaci\u00f3n \u201cExposici\u00f3n a discursos de odio hacia la migraci\u00f3n en entornos medi\u00e1ticos digitales: repercusiones en la percepci\u00f3n entre migrantes y no migrantes en Chile\u201d, que busca realizar un an\u00e1lisis cr\u00edtico de c\u00f3mo los discursos en redes impactan las relaciones sociales y la percepci\u00f3n de la migraci\u00f3n.<\/p>\n\n\n\n<p>\u201cDesde distintas universidades estamos muy preocupados y preocupadas por la violencia que existe tanto en la vida cotidiana como en las plataformas digitales. Creemos que hoy d\u00eda se hibrida el contexto online con el contexto offline, por eso nos hemos articulado desde distintas casas de estudio y, en este caso, la Universidad de Tarapac\u00e1 ha sido un eje fundamental para permitirnos llegar a territorios mucho m\u00e1s excluidos y distantes, territorios donde hay mucha discriminaci\u00f3n y precarizaci\u00f3n social\u201d, destac\u00f3 la investigadora.<\/p>\n\n\n\n<div class=\"wp-block-image\"><figure class=\"aligncenter size-large is-resized\"><img loading=\"lazy\" src=\"https:\/\/www.uta.cl\/wp-content\/uploads\/2026\/04\/IMG_20260416_102438-1024x768.jpg\" alt=\"\" class=\"wp-image-72933\" width=\"644\" height=\"483\" srcset=\"https:\/\/www.uta.cl\/wp-content\/uploads\/2026\/04\/IMG_20260416_102438-1024x768.jpg 1024w, https:\/\/www.uta.cl\/wp-content\/uploads\/2026\/04\/IMG_20260416_102438-300x225.jpg 300w, https:\/\/www.uta.cl\/wp-content\/uploads\/2026\/04\/IMG_20260416_102438-768x576.jpg 768w, https:\/\/www.uta.cl\/wp-content\/uploads\/2026\/04\/IMG_20260416_102438-1536x1152.jpg 1536w, https:\/\/www.uta.cl\/wp-content\/uploads\/2026\/04\/IMG_20260416_102438-2048x1536.jpg 2048w\" sizes=\"(max-width: 644px) 100vw, 644px\" \/><\/figure><\/div>\n","protected":false},"excerpt":{"rendered":"<p>La iniciativa permiti\u00f3 generar espacios de trabajo que combinaron metodolog\u00edas cuantitativas, cualitativas y creativas, con la aplicaci\u00f3n de la encuesta nacional Silencios Digitales, grupos focales y un taller de narrativas autobiogr\u00e1ficas.<\/p>\n","protected":false},"author":13,"featured_media":72934,"comment_status":"open","ping_status":"open","sticky":false,"template":"","format":"standard","meta":[],"categories":[316,51],"tags":[],"_links":{"self":[{"href":"https:\/\/www.uta.cl\/index.php\/wp-json\/wp\/v2\/posts\/72930"}],"collection":[{"href":"https:\/\/www.uta.cl\/index.php\/wp-json\/wp\/v2\/posts"}],"about":[{"href":"https:\/\/www.uta.cl\/index.php\/wp-json\/wp\/v2\/types\/post"}],"author":[{"embeddable":true,"href":"https:\/\/www.uta.cl\/index.php\/wp-json\/wp\/v2\/users\/13"}],"replies":[{"embeddable":true,"href":"https:\/\/www.uta.cl\/index.php\/wp-json\/wp\/v2\/comments?post=72930"}],"version-history":[{"count":1,"href":"https:\/\/www.uta.cl\/index.php\/wp-json\/wp\/v2\/posts\/72930\/revisions"}],"predecessor-version":[{"id":72935,"href":"https:\/\/www.uta.cl\/index.php\/wp-json\/wp\/v2\/posts\/72930\/revisions\/72935"}],"wp:featuredmedia":[{"embeddable":true,"href":"https:\/\/www.uta.cl\/index.php\/wp-json\/wp\/v2\/media\/72934"}],"wp:attachment":[{"href":"https:\/\/www.uta.cl\/index.php\/wp-json\/wp\/v2\/media?parent=72930"}],"wp:term":[{"taxonomy":"category","embeddable":true,"href":"https:\/\/www.uta.cl\/index.php\/wp-json\/wp\/v2\/categories?post=72930"},{"taxonomy":"post_tag","embeddable":true,"href":"https:\/\/www.uta.cl\/index.php\/wp-json\/wp\/v2\/tags?post=72930"}],"curies":[{"name":"wp","href":"https:\/\/api.w.org\/{rel}","templated":true}]}}